{"id":259549,"date":"2026-05-03T12:43:05","date_gmt":"2026-05-03T10:43:05","guid":{"rendered":"https:\/\/smago.de\/ws2\/?p=259549"},"modified":"2026-05-03T12:43:40","modified_gmt":"2026-05-03T10:43:40","slug":"deutschland-sucht-den-superstar-top-quoten-fuer-iconic-sounds","status":"publish","type":"post","link":"https:\/\/smago.de\/ws2\/pop\/deutschland-sucht-den-superstar-top-quoten-fuer-iconic-sounds\/","title":{"rendered":"&#8222;DEUTSCHLAND SUCHT DEN SUPERSTAR&#8220; <br>Top-Quoten f\u00fcr &#8222;Iconic Sounds&#8220;:"},"content":{"rendered":"<p>DSDS sichert sich den Primetime-Sieg unter den Privaten!<!--more--><\/p>\n<p>&nbsp;<\/p>\n<p>&nbsp;<\/p>\n<p>&nbsp;<\/p>\n<p style=\"text-align: justify;\">Gro\u00dfe Songs, gro\u00dfe Stimmen, gro\u00dfe Entscheidungen: Unter dem Motto &#8222;Iconic Sounds&#8220; wurde die zweite Live-Show von &#8222;Deutschland sucht den Superstar&#8220; am Samstagabend bei RTL zum packenden Halbfinale. Moderiert von Laura Wontorra gaben die besten acht S\u00e4ngerinnen und S\u00e4nger alles, um mit ihren Performances zu \u00fcberzeugen und k\u00e4mpften um die begehrten Finaltickets. Die Jury rund um Dieter Bohlen, Bushido und Isi Gl\u00fcck bewertete die Auftritte, doch die Zuschauer entschieden per Telefon- und SMS-Voting, wer den Sprung ins gro\u00dfe Finale schafft.<\/p>\n<p style=\"text-align: justify;\">In der Zielgruppe der 14- bis 59-J\u00e4hrigen erreichte die Show starke 10,3 Prozent Marktanteil und sicherte sich um 20:15 Uhr den Primetime-Sieg unter den Privatsendern. Bei den 14- bis 49-J\u00e4hrigen lag der Wert ebenfalls bei starken 10,5 Prozent. Insgesamt schalteten 1,54 Millionen Zuschauer ab 3 Jahre die RTL-Kult Show ein (MA: 9,2 %), in der Spitze waren es bis zu 2,00 Millionen. Damit konnte sich DSDS in allen drei Zielgruppen im Vergleich zu den letzten Ausgaben deutlich steigern.<\/p>\n<p style=\"text-align: justify;\">Jetzt geht es in die entscheidende Runde: Die verbliebenen f\u00fcnf Gesangstalente treten am kommenden Samstag, 9. Mai, um 20:15 Uhr im gro\u00dfen Finale an. Wer wird \u201eDeutschlands Superstar\u201c 2026?<\/p>\n<p style=\"text-align: justify;\">Mit einem Tagesmarktanteil von 7,9 Prozent bei den 14- bis 59-J\u00e4hrigen und 8,6 Prozent bei den 14- bis 49-J\u00e4hrigen setzte sich RTL am Samstag in beiden Zielgruppen an die Spitze.<\/p>\n<p>&nbsp;<\/p>\n<p>&nbsp;<\/p>\n<p><em>Quelle f\u00fcr die TV-Quoten: AGF \/ GfK \/ DAP AGF SCOPE \/ RTL DATA \/ vorl. gew. \/ Stand: 03.05.2026<\/em><\/p>\n<p>&nbsp;<\/p>\n<p>&nbsp;<\/p>\n<figure id=\"attachment_259550\" aria-describedby=\"caption-attachment-259550\" style=\"width: 800px\" class=\"wp-caption alignnone\"><img decoding=\"async\" loading=\"lazy\" class=\"size-large wp-image-259550\" src=\"https:\/\/smago.de\/ws2\/wp-content\/uploads\/2026\/05\/Bild-03.05.26-um-12.37-800x450.jpg\" alt=\"\" width=\"800\" height=\"450\" srcset=\"https:\/\/smago.de\/ws2\/wp-content\/uploads\/2026\/05\/Bild-03.05.26-um-12.37-800x450.jpg 800w, https:\/\/smago.de\/ws2\/wp-content\/uploads\/2026\/05\/Bild-03.05.26-um-12.37-522x294.jpg 522w, https:\/\/smago.de\/ws2\/wp-content\/uploads\/2026\/05\/Bild-03.05.26-um-12.37-267x150.jpg 267w, https:\/\/smago.de\/ws2\/wp-content\/uploads\/2026\/05\/Bild-03.05.26-um-12.37-768x432.jpg 768w, https:\/\/smago.de\/ws2\/wp-content\/uploads\/2026\/05\/Bild-03.05.26-um-12.37-392x221.jpg 392w, https:\/\/smago.de\/ws2\/wp-content\/uploads\/2026\/05\/Bild-03.05.26-um-12.37-130x73.jpg 130w, https:\/\/smago.de\/ws2\/wp-content\/uploads\/2026\/05\/Bild-03.05.26-um-12.37-791x445.jpg 791w, https:\/\/smago.de\/ws2\/wp-content\/uploads\/2026\/05\/Bild-03.05.26-um-12.37-870x489.jpg 870w, https:\/\/smago.de\/ws2\/wp-content\/uploads\/2026\/05\/Bild-03.05.26-um-12.37-292x164.jpg 292w, https:\/\/smago.de\/ws2\/wp-content\/uploads\/2026\/05\/Bild-03.05.26-um-12.37-435x245.jpg 435w, https:\/\/smago.de\/ws2\/wp-content\/uploads\/2026\/05\/Bild-03.05.26-um-12.37-895x503.jpg 895w, https:\/\/smago.de\/ws2\/wp-content\/uploads\/2026\/05\/Bild-03.05.26-um-12.37.jpg 1150w\" sizes=\"(max-width: 800px) 100vw, 800px\" \/><figcaption id=\"caption-attachment-259550\" class=\"wp-caption-text\"><em>Die Finalisten<\/em><\/p>\n<p><em>Foto-Credit: RTL \/ Stefan Gregorowius<\/em><\/p>\n<p><em>Bitte beachten Sie auch <a href=\"http:\/\/www.rtlplus.de\">RTL+<\/a>!<\/em><\/figcaption><\/figure>\n","protected":false},"excerpt":{"rendered":"<p>DSDS sichert sich den Primetime-Sieg unter den Privaten!<\/p>\n","protected":false},"author":2,"featured_media":259550,"comment_status":"open","ping_status":"closed","sticky":false,"template":"","format":"standard","meta":{"_FSMCFIC_featured_image_caption":"","_FSMCFIC_featured_image_nocaption":"","_FSMCFIC_featured_image_hide":""},"categories":[27,128],"tags":[402],"acf":[],"_links":{"self":[{"href":"https:\/\/smago.de\/ws2\/wp-json\/wp\/v2\/posts\/259549"}],"collection":[{"href":"https:\/\/smago.de\/ws2\/wp-json\/wp\/v2\/posts"}],"about":[{"href":"https:\/\/smago.de\/ws2\/wp-json\/wp\/v2\/types\/post"}],"author":[{"embeddable":true,"href":"https:\/\/smago.de\/ws2\/wp-json\/wp\/v2\/users\/2"}],"replies":[{"embeddable":true,"href":"https:\/\/smago.de\/ws2\/wp-json\/wp\/v2\/comments?post=259549"}],"version-history":[{"count":2,"href":"https:\/\/smago.de\/ws2\/wp-json\/wp\/v2\/posts\/259549\/revisions"}],"predecessor-version":[{"id":259552,"href":"https:\/\/smago.de\/ws2\/wp-json\/wp\/v2\/posts\/259549\/revisions\/259552"}],"wp:featuredmedia":[{"embeddable":true,"href":"https:\/\/smago.de\/ws2\/wp-json\/wp\/v2\/media\/259550"}],"wp:attachment":[{"href":"https:\/\/smago.de\/ws2\/wp-json\/wp\/v2\/media?parent=259549"}],"wp:term":[{"taxonomy":"category","embeddable":true,"href":"https:\/\/smago.de\/ws2\/wp-json\/wp\/v2\/categories?post=259549"},{"taxonomy":"post_tag","embeddable":true,"href":"https:\/\/smago.de\/ws2\/wp-json\/wp\/v2\/tags?post=259549"}],"curies":[{"name":"wp","href":"https:\/\/api.w.org\/{rel}","templated":true}]}}