{"id":259529,"date":"2026-05-03T00:00:12","date_gmt":"2026-05-02T22:00:12","guid":{"rendered":"https:\/\/smago.de\/ws2\/?p=259529"},"modified":"2026-05-02T23:43:29","modified_gmt":"2026-05-02T21:43:29","slug":"die-prinzen-tschuessi-machts-gut-die-abschiedstournee","status":"publish","type":"post","link":"https:\/\/smago.de\/ws2\/top\/die-prinzen-tschuessi-machts-gut-die-abschiedstournee\/","title":{"rendered":"DIE PRINZEN <br>&#8222;Tsch\u00fcssi, macht&#8217;s gut!&#8220; \u2013 Die Abschiedstournee!"},"content":{"rendered":"<p>Der Vorverkauf l\u00e4uft bereits auf vollen Touren!<!--more--><\/p>\n<p>&nbsp;<\/p>\n<p>&nbsp;<\/p>\n<div class=\"text\">\n<div style=\"text-align: justify;\">Nach mehr als drei Jahrzehnten, unz\u00e4hligen Konzerten und Songs, die l\u00e4ngst zur DNA der deutschen Popmusik geh\u00f6ren, ist f\u00fcr DIE PRINZEN der Moment gekommen, Abschied zu nehmen. Unter dem Motto \u201eTsch\u00fcssi, macht\u2019s gut!\u201c sagen Die PRINZEN bei ihrer Abschiedstournee 2027 live Adieu \u2013 nicht mit Pathos und Paukenschlag, sondern ehrlich, klug und mit genau dem Augenzwinkern, das sie seit jeher auszeichnet.<\/div>\n<div style=\"text-align: justify;\"><\/div>\n<div style=\"text-align: justify;\">Seit den fr\u00fchen 90ern haben sich Die PRINZEN mit Hits wie \u201eMillion\u00e4r\u201c, \u201eAlles nur geklaut\u201c, \u201eK\u00fcssen verboten\u201c, \u201e(Du musst) ein Schwein sein\u201c oder \u201eMann im Mond\u201c nicht nur in die Charts, sondern direkt in das musikalische Ged\u00e4chtnis des Landes gesungen. Sechs Millionen verkaufte Tontr\u00e4ger, 16 Gold- und Platin-Platten, zwei ECHO-Musikpreise und zahlreiche weitere Auszeichnungen sprechen eine sehr eindeutige Sprache. Dazu kommen elf ver\u00f6ffentlichte Alben \u2013 vom Deb\u00fct \u201eDas Leben ist grausam\u201c bis zu \u201eKrone der Sch\u00f6pfung\u201c \u2013 und eine Tatsache, die fast noch beeindruckender ist: Auch nach all den Jahren sind Die PRINZEN in Originalbesetzung vereint.<\/div>\n<div style=\"text-align: justify;\"><\/div>\n<div style=\"text-align: justify;\">Aufh\u00f6ren, wenn\u2019s am sch\u00f6nsten ist? Die PRINZEN ziehen den Schlussstrich nicht aus M\u00fcdigkeit, sondern aus \u00dcberzeugung! Solange die B\u00fchne Freude macht, die Songs tragen und die Abende noch dieses ganz besondere Knistern haben, will man schlie\u00dflich nicht warten, bis aus Leidenschaft irgendwann Routine wird.<\/div>\n<div style=\"text-align: justify;\"><\/div>\n<div style=\"text-align: justify;\">Die Abschiedstournee 2027 ist deshalb vor allem ein gro\u00dfes Dankesch\u00f6n an das Publikum, welches sich auf besondere Arrangements, pers\u00f6nliche Momente und vielleicht auch die eine oder andere \u00dcberraschung freuen darf. Noch einmal gibt es Die PRINZEN live mit allem, was man an ihnen liebt \u2013 gro\u00dfe Hits, starke Stimmen, viel Humor und diese unvergleichliche N\u00e4he, die ihre Konzerte seit Jahrzehnten pr\u00e4gt. Nat\u00fcrlich wird das emotional, aber vor allem wird es ein gro\u00dfes Fest! \u201eEs ist kein leiser Abschied\u201c, hei\u00dft es aus Bandkreisen. \u201eEs wird laut, emotionsgeladen und voller Freude. Wir wollen feiern \u2013 mit allen, die uns \u00fcber die Jahre begleitet haben.\u201c<\/div>\n<div style=\"text-align: justify;\"><\/div>\n<div style=\"text-align: justify;\">Wenn sich der Vorhang am Ende dieser Tour ein letztes Mal senkt, bleibt mehr als Musik: Es bleibt ein St\u00fcck deutscher Popkultur, das Generationen gepr\u00e4gt hat. Kein gro\u00dfes Drama, sondern ein ehrlicher Abschied, so wie man ihn von den PRINZEN erwartet.<\/p>\n<\/div>\n<div><\/div>\n<div><strong>Tsch\u00fcssi, macht\u2019s gut!<\/p>\n<p><\/strong><\/div>\n<div><\/div>\n<\/div>\n<div class=\"eventData\"><strong>22.10.2027<\/strong>: Hof \/ Saale, Freiheitshalle<br \/>\n<strong>23.10.2027<\/strong>: Stuttgart, Porsche Arena<br \/>\n<strong>25.10.2027<\/strong>: Rostock, StadtHalle Rostock<br \/>\n<strong>26.10.2027<\/strong>: Cottbus, Stadthalle<br \/>\n<strong>28.10.2027<\/strong>: Berlin, Uber Arena<br \/>\n<strong>29.10.2027<\/strong>: Neubrandenburg, Jahnsportforum<br \/>\n<strong>30.10.2027<\/strong>: Dresden, MESSE DRESDEN<br \/>\n<strong>31.10.2027<\/strong>: M\u00fcnchen, Circus Krone Bau<br \/>\n<strong>02.11.2027<\/strong>: K\u00f6ln, LANXESS arena<br \/>\n<strong>03.11.2027<\/strong>: N\u00fcrnberg, Kia Metropol Arena<br \/>\n<strong>05.11.2027<\/strong>: Leipzig, QUARTERBACK Immobilien ARENA<br \/>\n<strong>06.11.2027<\/strong>: Magdeburg, GETEC-Arena<br \/>\n<strong>07.11.2027<\/strong>: Erfurt, Messe Erfurt<br \/>\n<strong>09.11.2027<\/strong>: Hannover, Swiss Life Hall<br \/>\n<strong>10.11.2027<\/strong>: Hamburg, Barclays Arena<br \/>\n<strong>12.11.2027<\/strong>: Oberhausen, Rudolf Weber-ARENA<br \/>\n<strong>13.11.2027<\/strong>: Halle \/ Westfalen, heristo-arena<br \/>\n<strong>14.11.2027<\/strong>: Mannheim, SAP ARENA<br \/>\n<strong>16.11.2027<\/strong>: Frankfurt am Main, Festhalle Frankfurt<br \/>\n<strong>18.11.2027<\/strong>: Zwickau, Sparkassen-Arena Zwickau<br \/>\n<strong>19.11.2027<\/strong>: Neu-Ulm, ratiopharm arena<br \/>\n<strong>14.12.2027<\/strong>: Wien, Wiener Stadthalle &#8211; Halle F<br \/>\n<strong>16.12.2027<\/strong>: Z\u00fcrich, Theater 11<\/div>\n","protected":false},"excerpt":{"rendered":"<p>Der Vorverkauf l\u00e4uft bereits auf vollen Touren!<\/p>\n","protected":false},"author":2,"featured_media":259530,"comment_status":"open","ping_status":"closed","sticky":false,"template":"","format":"standard","meta":{"_FSMCFIC_featured_image_caption":"","_FSMCFIC_featured_image_nocaption":"","_FSMCFIC_featured_image_hide":""},"categories":[3536,39],"tags":[1091],"acf":[],"_links":{"self":[{"href":"https:\/\/smago.de\/ws2\/wp-json\/wp\/v2\/posts\/259529"}],"collection":[{"href":"https:\/\/smago.de\/ws2\/wp-json\/wp\/v2\/posts"}],"about":[{"href":"https:\/\/smago.de\/ws2\/wp-json\/wp\/v2\/types\/post"}],"author":[{"embeddable":true,"href":"https:\/\/smago.de\/ws2\/wp-json\/wp\/v2\/users\/2"}],"replies":[{"embeddable":true,"href":"https:\/\/smago.de\/ws2\/wp-json\/wp\/v2\/comments?post=259529"}],"version-history":[{"count":1,"href":"https:\/\/smago.de\/ws2\/wp-json\/wp\/v2\/posts\/259529\/revisions"}],"predecessor-version":[{"id":259531,"href":"https:\/\/smago.de\/ws2\/wp-json\/wp\/v2\/posts\/259529\/revisions\/259531"}],"wp:featuredmedia":[{"embeddable":true,"href":"https:\/\/smago.de\/ws2\/wp-json\/wp\/v2\/media\/259530"}],"wp:attachment":[{"href":"https:\/\/smago.de\/ws2\/wp-json\/wp\/v2\/media?parent=259529"}],"wp:term":[{"taxonomy":"category","embeddable":true,"href":"https:\/\/smago.de\/ws2\/wp-json\/wp\/v2\/categories?post=259529"},{"taxonomy":"post_tag","embeddable":true,"href":"https:\/\/smago.de\/ws2\/wp-json\/wp\/v2\/tags?post=259529"}],"curies":[{"name":"wp","href":"https:\/\/api.w.org\/{rel}","templated":true}]}}