{"id":259525,"date":"2026-05-01T23:59:46","date_gmt":"2026-05-01T21:59:46","guid":{"rendered":"https:\/\/smago.de\/ws2\/?p=259525"},"modified":"2026-05-02T01:18:50","modified_gmt":"2026-05-01T23:18:50","slug":"florian-silbereisen-mit-andy-borg-u-a-sa-02-05-2026-mdr-fernsehen-die-grosse-maus-show-wh","status":"publish","type":"post","link":"https:\/\/smago.de\/ws2\/schlager\/florian-silbereisen-mit-andy-borg-u-a-sa-02-05-2026-mdr-fernsehen-die-grosse-maus-show-wh\/","title":{"rendered":"FLORIAN SILBEREISEN mit ANDY BORG u.a. <br>Sa., 02.05.2026, MDR Fernsehen: &#8222;Die gro\u00dfe Maus-Show&#8220; (Wh.!)!"},"content":{"rendered":"<p style=\"text-align: justify;\">&#8222;Kinder fragen, Erwachsene staunen&#8220; \/\/ 20:15 Uhr &#8211; 23:28 Uhr (im Anschluss: &#8222;MDR aktuell&#8220; bis 23:30 Uhr)!<br \/>\n<!--more--><\/p>\n<p>&nbsp;<\/p>\n<p>&nbsp;<\/p>\n<p>&nbsp;<\/p>\n<div class=\"con conBroadcastPreText\" style=\"text-align: justify;\">\n<div class=\"modCon\">\n<div class=\"mod modA\">\n<div class=\"boxCon\">\n<div class=\"box\">\n<p class=\"einleitung \">Beide sind legend\u00e4r. Jetzt pr\u00e4sentieren sie zum ersten Mal gemeinsam eine Samstagabendshow: Florian Silbereisen und die Maus. Wie immer in der &#8222;gro\u00dfen Maus-Show&#8220; l\u00f6chern viele neugierige Kinder sechs prominente G\u00e4ste mit spannenden Fragen. K\u00f6nnen Annette Frier, Wincent Weiss, J\u00f6rg Pilawa, Michael Mittermeier, Andy Borg und Motsi Mabuse den Fragen der Kinder standhalten?<\/p>\n<\/div>\n<\/div>\n<\/div>\n<\/div>\n<\/div>\n<div class=\"con\">\n<div class=\"modCon\">\n<div class=\"mod modA\">\n<div class=\"boxCon\">\n<div class=\"box cssBroadcastContentInfos\" style=\"text-align: justify;\">\n<p>Jule, zehn Jahre alt, m\u00f6chte wissen, wer eigentlich die Kennzeichen erfunden hat. Der zw\u00f6lfj\u00e4hrige Johannes will rauskriegen, was die Erde ohne den Mond machen w\u00fcrde. Stachelschwein-Fan Lola (9) fragt: &#8222;K\u00f6nnen Stachelschweine miteinander kuscheln?&#8220; Und die neunj\u00e4hrige Clara will erfahren: &#8222;Woher wei\u00df der Hersteller, wie lange mein Quark haltbar ist?&#8220;<\/p>\n<p>Florian Silbereisen ist zwar alles andere als ein Quark-Fan, geht aber auch dieser Frage voller Energie auf den Grund. Unterst\u00fctzung bekommt er von einem Jubilar. Bernd das Brot, seit 25 Jahren auf dem Schirm, \u00fcbernimmt beim Thema &#8222;Haltbarkeit&#8220; die Co-Moderation &#8211; so genervt, wie man ihn kennt.<\/p>\n<p>Tatkr\u00e4ftig mit dabei, um glasklare Antworten auf die Fragen der Kinder zu finden, sind nat\u00fcrlich auch diesmal die Experten aus der &#8222;Sendung mit der Maus&#8220;: Siham El-Maimouni, Ralph Caspers und Christoph Biemann kommen jedem Geheimnis auf die Spur.<\/p>\n<\/div>\n<\/div>\n<\/div>\n<\/div>\n<\/div>\n","protected":false},"excerpt":{"rendered":"<p>&#8222;Kinder fragen, Erwachsene staunen&#8220; \/\/ 20:15 Uhr &#8211; 23:28 Uhr (im Anschluss: &#8222;MDR aktuell&#8220; bis 23:30 Uhr)!<\/p>\n","protected":false},"author":2,"featured_media":259526,"comment_status":"open","ping_status":"closed","sticky":false,"template":"","format":"standard","meta":{"_FSMCFIC_featured_image_caption":"","_FSMCFIC_featured_image_nocaption":"","_FSMCFIC_featured_image_hide":""},"categories":[29,128],"tags":[144],"acf":[],"_links":{"self":[{"href":"https:\/\/smago.de\/ws2\/wp-json\/wp\/v2\/posts\/259525"}],"collection":[{"href":"https:\/\/smago.de\/ws2\/wp-json\/wp\/v2\/posts"}],"about":[{"href":"https:\/\/smago.de\/ws2\/wp-json\/wp\/v2\/types\/post"}],"author":[{"embeddable":true,"href":"https:\/\/smago.de\/ws2\/wp-json\/wp\/v2\/users\/2"}],"replies":[{"embeddable":true,"href":"https:\/\/smago.de\/ws2\/wp-json\/wp\/v2\/comments?post=259525"}],"version-history":[{"count":2,"href":"https:\/\/smago.de\/ws2\/wp-json\/wp\/v2\/posts\/259525\/revisions"}],"predecessor-version":[{"id":259528,"href":"https:\/\/smago.de\/ws2\/wp-json\/wp\/v2\/posts\/259525\/revisions\/259528"}],"wp:featuredmedia":[{"embeddable":true,"href":"https:\/\/smago.de\/ws2\/wp-json\/wp\/v2\/media\/259526"}],"wp:attachment":[{"href":"https:\/\/smago.de\/ws2\/wp-json\/wp\/v2\/media?parent=259525"}],"wp:term":[{"taxonomy":"category","embeddable":true,"href":"https:\/\/smago.de\/ws2\/wp-json\/wp\/v2\/categories?post=259525"},{"taxonomy":"post_tag","embeddable":true,"href":"https:\/\/smago.de\/ws2\/wp-json\/wp\/v2\/tags?post=259525"}],"curies":[{"name":"wp","href":"https:\/\/api.w.org\/{rel}","templated":true}]}}