{"id":259494,"date":"2026-05-01T11:11:01","date_gmt":"2026-05-01T09:11:01","guid":{"rendered":"https:\/\/smago.de\/ws2\/?p=259494"},"modified":"2026-05-01T11:11:01","modified_gmt":"2026-05-01T09:11:01","slug":"anna-carina-woitschack-dieses-gefuehl-bleibt-ganz-oben-anna-carina-woitschack-im-airplay-himmel","status":"publish","type":"post","link":"https:\/\/smago.de\/ws2\/pop-schlager\/anna-carina-woitschack-dieses-gefuehl-bleibt-ganz-oben-anna-carina-woitschack-im-airplay-himmel\/","title":{"rendered":"ANNA-CARINA WOITSCHACK <br>\u201eDieses Gef\u00fchl\u201c bleibt ganz oben \u2013 Anna-Carina Woitschack im Airplay-Himmel!"},"content":{"rendered":"<p style=\"text-align: justify;\" data-start=\"0\" data-end=\"170\">Vierter Platz-1-Erfolg in Serie und heute Abend wieder bei \u201eLet\u2019s Dance\u201c auf der B\u00fchne!<!--more--><\/p>\n<p style=\"text-align: justify;\" data-start=\"172\" data-end=\"673\">Erfolg auf ganzer Linie f\u00fcr ANNA-CARINA WOITSCHACK: Mit ihrem aktuellen Song <span class=\"hover:entity-accent entity-underline inline cursor-pointer align-baseline\"><span class=\"whitespace-normal\">Dieses Gef\u00fchl<\/span><\/span> erobert sie auch in der 18. Chart-Woche 2026 (Erhebungszeitraum: 24.04. \u2013 30.04.) erneut die Spitze der von <span class=\"hover:entity-accent entity-underline inline cursor-pointer align-baseline\"><span class=\"whitespace-normal\">MusicTrace<\/span><\/span> ermittelten Airplay Charts \u201eDeutschland Konservativ Pop\u201c. Damit sichert sich die S\u00e4ngerin bereits zum vierten Mal in Folge den begehrten Platz 1 \u2013 ein eindrucksvoller Beweis f\u00fcr die anhaltende Beliebtheit des Titels im Radio.<\/p>\n<p style=\"text-align: justify;\" data-start=\"675\" data-end=\"996\">\u201eDieses Gef\u00fchl\u201c trifft offenbar genau den Nerv der H\u00f6rerinnen und H\u00f6rer: Eing\u00e4ngige Melodien, emotionale Tiefe und eine unverwechselbare Stimme machen den Song zu einem Dauerbrenner in der deutschen Radio-Landschaft. Der kontinuierliche Erfolg unterstreicht Anna-Carina Woitschacks feste Position im modernen Schlager-Pop.<\/p>\n<p style=\"text-align: justify;\" data-start=\"998\" data-end=\"1326\">Doch nicht nur musikalisch sorgt die K\u00fcnstlerin derzeit f\u00fcr Aufmerksamkeit: Am heutigen Abend (01.05.2026) steht sie erneut in der beliebten RTL-Show &#8222;<span class=\"hover:entity-accent entity-underline inline cursor-pointer align-baseline\"><span class=\"whitespace-normal\">Let&#8217;s Dance&#8220;<\/span><\/span> auf dem Tanzparkett. Dort begeistert sie Woche f\u00fcr Woche ein Millionenpublikum mit Leidenschaft, Disziplin und beeindruckenden Performances.<\/p>\n<p style=\"text-align: justify;\" data-start=\"1328\" data-end=\"1458\" data-is-last-node=\"\" data-is-only-node=\"\">Ein doppelter Grund zur Freude also \u2013 sowohl in den Charts als auch auf der B\u00fchne bleibt Anna-Carina Woitschack derzeit ganz oben.<\/p>\n","protected":false},"excerpt":{"rendered":"<p>Vierter Platz-1-Erfolg in Serie und heute Abend wieder bei \u201eLet\u2019s Dance\u201c auf der B\u00fchne!<\/p>\n","protected":false},"author":2,"featured_media":259495,"comment_status":"open","ping_status":"closed","sticky":false,"template":"","format":"standard","meta":{"_FSMCFIC_featured_image_caption":"","_FSMCFIC_featured_image_nocaption":"","_FSMCFIC_featured_image_hide":""},"categories":[28,39],"tags":[843],"acf":[],"_links":{"self":[{"href":"https:\/\/smago.de\/ws2\/wp-json\/wp\/v2\/posts\/259494"}],"collection":[{"href":"https:\/\/smago.de\/ws2\/wp-json\/wp\/v2\/posts"}],"about":[{"href":"https:\/\/smago.de\/ws2\/wp-json\/wp\/v2\/types\/post"}],"author":[{"embeddable":true,"href":"https:\/\/smago.de\/ws2\/wp-json\/wp\/v2\/users\/2"}],"replies":[{"embeddable":true,"href":"https:\/\/smago.de\/ws2\/wp-json\/wp\/v2\/comments?post=259494"}],"version-history":[{"count":1,"href":"https:\/\/smago.de\/ws2\/wp-json\/wp\/v2\/posts\/259494\/revisions"}],"predecessor-version":[{"id":259496,"href":"https:\/\/smago.de\/ws2\/wp-json\/wp\/v2\/posts\/259494\/revisions\/259496"}],"wp:featuredmedia":[{"embeddable":true,"href":"https:\/\/smago.de\/ws2\/wp-json\/wp\/v2\/media\/259495"}],"wp:attachment":[{"href":"https:\/\/smago.de\/ws2\/wp-json\/wp\/v2\/media?parent=259494"}],"wp:term":[{"taxonomy":"category","embeddable":true,"href":"https:\/\/smago.de\/ws2\/wp-json\/wp\/v2\/categories?post=259494"},{"taxonomy":"post_tag","embeddable":true,"href":"https:\/\/smago.de\/ws2\/wp-json\/wp\/v2\/tags?post=259494"}],"curies":[{"name":"wp","href":"https:\/\/api.w.org\/{rel}","templated":true}]}}