{"id":259484,"date":"2026-04-30T21:52:48","date_gmt":"2026-04-30T19:52:48","guid":{"rendered":"https:\/\/smago.de\/ws2\/?p=259484"},"modified":"2026-04-30T21:56:58","modified_gmt":"2026-04-30T19:56:58","slug":"stefan-mross-immer-wieder-stefan-neue-grosse-schlager-tour-fuer-2027-angekuendigt","status":"publish","type":"post","link":"https:\/\/smago.de\/ws2\/schlager\/stefan-mross-immer-wieder-stefan-neue-grosse-schlager-tour-fuer-2027-angekuendigt\/","title":{"rendered":"STEFAN MROSS <br>\u201eImmer wieder Stefan\u201c \u2013 Neue gro\u00dfe Schlager-Tour f\u00fcr 2027 angek\u00fcndigt!"},"content":{"rendered":"<p style=\"text-align: justify;\">Der Vorverkauf der neuen Produktion der artmedia management &amp; more (Lothar B\u00f6hler) startet in K\u00fcrze!&#8220;<!--more--><\/p>\n<div dir=\"auto\" style=\"text-align: justify;\">Mit \u201eImmer wieder Stefan\u201c geht 2027 ein neues Live-Format auf gro\u00dfe Tour durch Deutschland und ausgew\u00e4hlte Nachbarl\u00e4nder. Initiator und Veranstalter ist artmedia.<\/p>\n<p>Im Mittelpunkt der Tour steht Stefan Mross, der seit Jahrzehnten zu den bekanntesten und beliebtesten Pers\u00f6nlichkeiten im deutschen Schlager z\u00e4hlt. Mit seiner authentischen Art und seiner besonderen N\u00e4he zum Publikum pr\u00e4gt er die Szene wie kaum ein anderer.<\/p>\n<p>Die Idee zur Tour entwickelte sich aus der langj\u00e4hrigen Zusammenarbeit zwischen Stefan Mross und Veranstalter Lothar B\u00f6hler. \u00dcber zahlreiche gemeinsame Veranstaltungen hinweg wurde deutlich, welches besondere Verh\u00e4ltnis zwischen K\u00fcnstler und Publikum entstanden ist.<\/p>\n<p>\u201eWir haben \u00fcber Jahre hinweg erlebt, wie stark diese Verbindung ist\u201c, so B\u00f6hler. \u201eDaraus ist der Gedanke entstanden, ein eigenes Live-Format zu entwickeln, das genau dieses Gef\u00fchl auf die B\u00fchne bringt.\u201c<\/p>\n<p>Mit \u201eImmer wieder Stefan\u201c entsteht nun eine Tour, die bewusst auf N\u00e4he, Emotion und unmittelbares Live-Erlebnis setzt. Im Fokus stehen nicht nur die musikalischen Darbietungen, sondern auch die besondere Atmosph\u00e4re eines Abends, der Publikum und K\u00fcnstler verbindet.<\/p><\/div>\n<div dir=\"auto\" style=\"text-align: justify;\">\nGeplant sind rund 40 Konzerte in Deutschland sowie in den angrenzenden L\u00e4ndern Niederlande, Belgien und Frankreich. Weitere K\u00fcnstler werden im Verlauf der kommenden Monate bekanntgegeben.<\/div>\n<div dir=\"auto\" style=\"text-align: justify;\"><\/div>\n<div dir=\"auto\" style=\"text-align: justify;\">Auch Stefan Mross selbst blickt mit gro\u00dfer Vorfreude auf das Projekt: <em>\u201eF\u00fcr mich ist das eine besondere M\u00f6glichkeit, noch n\u00e4her am Publikum zu sein und diese Verbindung live zu erleben.\u201c<\/em><\/div>\n<div dir=\"auto\" style=\"text-align: justify;\"><\/div>\n<div dir=\"auto\" style=\"text-align: justify;\">Mit der Tour erweitert artmedia sein Portfolio um ein weiteres gro\u00df angelegtes Veranstaltungsformat im Schlagerbereich.<\/p>\n<\/div>\n<div dir=\"auto\" style=\"text-align: justify;\"><\/div>\n<div dir=\"auto\" style=\"text-align: justify;\">&#x1f39f;&#xfe0f; Der Vorverkauf startet in K\u00fcrze.<\/div>\n<div id=\"ms-outlook-mobile-body-separator-line\" dir=\"auto\" style=\"text-align: justify;\" data-applydefaultfontstyles=\"true\"><\/div>\n","protected":false},"excerpt":{"rendered":"<p>Der Vorverkauf der neuen Produktion der artmedia management &amp; more (Lothar B\u00f6hler) startet in K\u00fcrze!&#8220;<\/p>\n","protected":false},"author":2,"featured_media":258392,"comment_status":"open","ping_status":"closed","sticky":false,"template":"","format":"standard","meta":{"_FSMCFIC_featured_image_caption":"","_FSMCFIC_featured_image_nocaption":"","_FSMCFIC_featured_image_hide":""},"categories":[29,39],"tags":[137],"acf":[],"_links":{"self":[{"href":"https:\/\/smago.de\/ws2\/wp-json\/wp\/v2\/posts\/259484"}],"collection":[{"href":"https:\/\/smago.de\/ws2\/wp-json\/wp\/v2\/posts"}],"about":[{"href":"https:\/\/smago.de\/ws2\/wp-json\/wp\/v2\/types\/post"}],"author":[{"embeddable":true,"href":"https:\/\/smago.de\/ws2\/wp-json\/wp\/v2\/users\/2"}],"replies":[{"embeddable":true,"href":"https:\/\/smago.de\/ws2\/wp-json\/wp\/v2\/comments?post=259484"}],"version-history":[{"count":4,"href":"https:\/\/smago.de\/ws2\/wp-json\/wp\/v2\/posts\/259484\/revisions"}],"predecessor-version":[{"id":259488,"href":"https:\/\/smago.de\/ws2\/wp-json\/wp\/v2\/posts\/259484\/revisions\/259488"}],"wp:featuredmedia":[{"embeddable":true,"href":"https:\/\/smago.de\/ws2\/wp-json\/wp\/v2\/media\/258392"}],"wp:attachment":[{"href":"https:\/\/smago.de\/ws2\/wp-json\/wp\/v2\/media?parent=259484"}],"wp:term":[{"taxonomy":"category","embeddable":true,"href":"https:\/\/smago.de\/ws2\/wp-json\/wp\/v2\/categories?post=259484"},{"taxonomy":"post_tag","embeddable":true,"href":"https:\/\/smago.de\/ws2\/wp-json\/wp\/v2\/tags?post=259484"}],"curies":[{"name":"wp","href":"https:\/\/api.w.org\/{rel}","templated":true}]}}