{"id":259463,"date":"2026-04-30T16:58:18","date_gmt":"2026-04-30T14:58:18","guid":{"rendered":"https:\/\/smago.de\/ws2\/?p=259463"},"modified":"2026-04-30T16:59:43","modified_gmt":"2026-04-30T14:59:43","slug":"eloy-de-jong-es-gab-tage-mit-traenen-eloy-de-jong-spricht-ueber-krise-und-karriere-stillstand","status":"publish","type":"post","link":"https:\/\/smago.de\/ws2\/pop-schlager\/eloy-de-jong-es-gab-tage-mit-traenen-eloy-de-jong-spricht-ueber-krise-und-karriere-stillstand\/","title":{"rendered":"ELOY DE JONG <br>\u201eEs gab Tage mit Tr\u00e4nen\u201c \u2013 Eloy de Jong spricht \u00fcber Krise und Karriere-Stillstand!"},"content":{"rendered":"<p style=\"text-align: justify;\">Im Gespr\u00e4ch mit Anika Reichel (&#8222;Antenne Schlager&#8220;) gab Eloy de Jong viel Privates preis &#8230;:<br \/>\n<!--more--><\/p>\n<p>&nbsp;<\/p>\n<p>&nbsp;<\/p>\n<p style=\"text-align: justify;\">In den vergangenen Monaten ist es ungewohnt ruhig um ELOY DE JONG geworden \u2013 neue Songs lassen auf sich warten. Viele Fans fragen sich: Warum? Im \u201eAntenne Schlager Star\u2011Talk\u201c erkl\u00e4rt der S\u00e4nger, wie die Pl\u00e4ne um sein neues Album ins Stocken geraten sind und ihn das in eine kleine pers\u00f6nliche Krise gef\u00fchrt hat.<\/p>\n<p style=\"font-weight: 400; text-align: justify;\"><em>\u201eEigentlich h\u00e4tte ich schon vor einem halben Jahr mit dem neuen Album anfangen m\u00fcssen\u201c,<\/em> erz\u00e4hlt Eloy im Gespr\u00e4ch mit Moderatorin Anika Reichel.<em> \u201eEs gab gro\u00dfe Pl\u00e4ne, ein toller Vertrag \u2013 und pl\u00f6tzlich stand alles auf Pause. Auf einmal war da kein wirklicher Plan mehr, wie und wo meine Musik erscheinen soll. Das hat mich komplett durcheinandergebracht.\u201c<\/em><\/p>\n<p>&nbsp;<\/p>\n<p>&nbsp;<\/p>\n<p>&nbsp;<\/p>\n<p style=\"font-weight: 400; text-align: justify;\"><strong>Hintergrund: Umbau bei seinem Schlagerlabel<\/strong><\/p>\n<p>&nbsp;<\/p>\n<p style=\"font-weight: 400; text-align: justify;\">Hintergrund der aktuellen Ver\u00f6ffentlichungspause sind Ver\u00e4nderungen im Umfeld seines bisherigen Schlagerlabels TELAMO. Seit der \u00dcbernahme von BMG 2022 befindet sich das Label in einer Phase der Neuaufstellung und Umstrukturierung. F\u00fcr Eloy hatten diese Ver\u00e4nderungen sp\u00fcrbare Folgen: Seine urspr\u00fcnglich geplante Album-Produktion wurde verschoben, sichere Pl\u00e4ne wurden unsicher. <em>\u201eIch sa\u00df da mit einem sch\u00f6nen Vertrag \u2013 aber im Grunde ohne funktionierende Plattenfirma\u201c,<\/em> sagt er. \u201e<em>F\u00fcr jemanden wie mich, der f\u00fcr seine Musik lebt, war das ein riesiger Schock.\u201c<\/em><\/p>\n<p>&nbsp;<\/p>\n<p>&nbsp;<\/p>\n<p>&nbsp;<\/p>\n<p style=\"font-weight: 400; text-align: justify;\"><strong><em>\u201eEs gab Tage mit Tr\u00e4nen\u201c<\/em><\/strong><\/p>\n<p>&nbsp;<\/p>\n<p style=\"font-weight: 400; text-align: justify;\">Im \u201eAntenne Schlager Star\u2011Talk\u201c beschreibt Eloy sehr pers\u00f6nlich, wie nah ihm diese Phase gegangen ist. Der dauernde Schwebezustand, keine klare Perspektive, die Sorge um seine Zukunft als Solo-K\u00fcnstler \u2013 all das hat Spuren hinterlassen.<\/p>\n<p style=\"font-weight: 400; text-align: justify;\"><em>\u201eEs gab Tage, an denen ich gedacht habe: Was ist das f\u00fcr ein Leben, so abh\u00e4ngig vom Showbusiness zu sein? Das bringt so viel Stress \u2013 und ja, manchmal auch Tr\u00e4nen\u201c,<\/em> sagt Eloy. <em>\u201eDie letzten Monate waren wirklich nicht einfach.\u201c<\/em><\/p>\n<p style=\"font-weight: 400; text-align: justify;\">Halt gefunden hat er vor allem in seinem privaten Umfeld und im Sport: regelm\u00e4\u00dfiges Training, feste Routinen und die Unterst\u00fctzung von Partner und Familie geben ihm Stabilit\u00e4t.<\/p>\n<p style=\"font-weight: 400; text-align: justify;\"><strong>Wie geht es weiter?<\/p>\n<p><\/strong><\/p>\n<p style=\"font-weight: 400; text-align: justify;\">Trotz aller Unsicherheit macht Eloy seinen Fans Hoffnung: Neue Musik soll kommen \u2013 auch wenn noch nicht alles gekl\u00e4rt ist.<\/p>\n<p style=\"font-weight: 400; text-align: justify;\"><em>\u201eEs wird wieder neue Musik von mir geben, das ist klar\u201c,<\/em> so Eloy. \u201e<em>Ich wei\u00df nur noch nicht genau, wann und in welcher Konstellation. Aber ich habe noch so viele Geschichten, die ich erz\u00e4hlen m\u00f6chte \u2013 und ich werde sie erz\u00e4hlen.\u201c<\/em><\/p>\n<p>&nbsp;<\/p>\n<p>&nbsp;<\/p>\n<figure id=\"attachment_259465\" aria-describedby=\"caption-attachment-259465\" style=\"width: 800px\" class=\"wp-caption alignnone\"><img decoding=\"async\" loading=\"lazy\" class=\"size-large wp-image-259465\" src=\"https:\/\/smago.de\/ws2\/wp-content\/uploads\/2026\/04\/image001-800x400.jpg\" alt=\"\" width=\"800\" height=\"400\" srcset=\"https:\/\/smago.de\/ws2\/wp-content\/uploads\/2026\/04\/image001-800x400.jpg 800w, https:\/\/smago.de\/ws2\/wp-content\/uploads\/2026\/04\/image001-522x261.jpg 522w, https:\/\/smago.de\/ws2\/wp-content\/uploads\/2026\/04\/image001-292x146.jpg 292w, https:\/\/smago.de\/ws2\/wp-content\/uploads\/2026\/04\/image001-768x384.jpg 768w, https:\/\/smago.de\/ws2\/wp-content\/uploads\/2026\/04\/image001-392x196.jpg 392w, https:\/\/smago.de\/ws2\/wp-content\/uploads\/2026\/04\/image001-130x65.jpg 130w, https:\/\/smago.de\/ws2\/wp-content\/uploads\/2026\/04\/image001-870x435.jpg 870w, https:\/\/smago.de\/ws2\/wp-content\/uploads\/2026\/04\/image001-435x218.jpg 435w, https:\/\/smago.de\/ws2\/wp-content\/uploads\/2026\/04\/image001.jpg 1381w\" sizes=\"(max-width: 800px) 100vw, 800px\" \/><figcaption id=\"caption-attachment-259465\" class=\"wp-caption-text\"><em>Foto-Credit: Antenne Schlager<\/em><\/figcaption><\/figure>\n","protected":false},"excerpt":{"rendered":"<p>Im Gespr\u00e4ch mit Anika Reichel (&#8222;Antenne Schlager&#8220;) gab Eloy de Jong viel Privates preis &#8230;:<\/p>\n","protected":false},"author":2,"featured_media":259464,"comment_status":"open","ping_status":"closed","sticky":false,"template":"","format":"standard","meta":{"_FSMCFIC_featured_image_caption":"","_FSMCFIC_featured_image_nocaption":"","_FSMCFIC_featured_image_hide":""},"categories":[28,39],"tags":[534],"acf":[],"_links":{"self":[{"href":"https:\/\/smago.de\/ws2\/wp-json\/wp\/v2\/posts\/259463"}],"collection":[{"href":"https:\/\/smago.de\/ws2\/wp-json\/wp\/v2\/posts"}],"about":[{"href":"https:\/\/smago.de\/ws2\/wp-json\/wp\/v2\/types\/post"}],"author":[{"embeddable":true,"href":"https:\/\/smago.de\/ws2\/wp-json\/wp\/v2\/users\/2"}],"replies":[{"embeddable":true,"href":"https:\/\/smago.de\/ws2\/wp-json\/wp\/v2\/comments?post=259463"}],"version-history":[{"count":3,"href":"https:\/\/smago.de\/ws2\/wp-json\/wp\/v2\/posts\/259463\/revisions"}],"predecessor-version":[{"id":259468,"href":"https:\/\/smago.de\/ws2\/wp-json\/wp\/v2\/posts\/259463\/revisions\/259468"}],"wp:featuredmedia":[{"embeddable":true,"href":"https:\/\/smago.de\/ws2\/wp-json\/wp\/v2\/media\/259464"}],"wp:attachment":[{"href":"https:\/\/smago.de\/ws2\/wp-json\/wp\/v2\/media?parent=259463"}],"wp:term":[{"taxonomy":"category","embeddable":true,"href":"https:\/\/smago.de\/ws2\/wp-json\/wp\/v2\/categories?post=259463"},{"taxonomy":"post_tag","embeddable":true,"href":"https:\/\/smago.de\/ws2\/wp-json\/wp\/v2\/tags?post=259463"}],"curies":[{"name":"wp","href":"https:\/\/api.w.org\/{rel}","templated":true}]}}