{"id":259453,"date":"2026-04-30T01:56:32","date_gmt":"2026-04-29T23:56:32","guid":{"rendered":"https:\/\/smago.de\/ws2\/?p=259453"},"modified":"2026-04-30T01:57:16","modified_gmt":"2026-04-29T23:57:16","slug":"howard-carpendale-die-franfurt-show-vom-17-06-2027-bis-20-06-2027-in-der-alten-oper","status":"publish","type":"post","link":"https:\/\/smago.de\/ws2\/schlager\/howard-carpendale-die-franfurt-show-vom-17-06-2027-bis-20-06-2027-in-der-alten-oper\/","title":{"rendered":"HOWARD CARPENDALE <br>&#8222;Die Franfurt Show&#8220; \u2013 vom 17.06.2027 bis 20.06.2027 in der Alten Oper!"},"content":{"rendered":"<p>Howard startet im kommenden Jahr eine sogenannte &#8222;Residency-Reihe&#8220; &#8230;:<!--more--><\/p>\n<p>&nbsp;<\/p>\n<p>&nbsp;<\/p>\n<p>&nbsp;<\/p>\n<div class=\"xdj266r x14z9mp xat24cr x1lziwak x1vvkbs x126k92a\">\n<div dir=\"auto\">\n<p style=\"text-align: justify;\">HOWARD CARPENDALE startet 2027 eine Residency-Reihe und kommt f\u00fcr &#8222;Die Frankfurt Show&#8220; in die Alte Oper. <span class=\"html-span xexx8yu xyri2b x18d9i69 x1c1uobl x1hl2dhg x16tdsg8 x1vvkbs x3nfvp2 x1j61x8r x1fcty0u xdj266r xat24cr xm2jcoa x1mpyi22 xxymvpz xlup9mm x1kky2od\"><img decoding=\"async\" loading=\"lazy\" class=\"xz74otr x15mokao x1ga7v0g x16uus16 xbiv7yw\" src=\"https:\/\/static.xx.fbcdn.net\/images\/emoji.php\/v9\/t1d\/2\/16\/1f3a4.png\" alt=\"&#x1f3a4;\" width=\"16\" height=\"16\" \/><\/span><span class=\"html-span xexx8yu xyri2b x18d9i69 x1c1uobl x1hl2dhg x16tdsg8 x1vvkbs x3nfvp2 x1j61x8r x1fcty0u xdj266r xat24cr xm2jcoa x1mpyi22 xxymvpz xlup9mm x1kky2od\"><img decoding=\"async\" loading=\"lazy\" class=\"xz74otr x15mokao x1ga7v0g x16uus16 xbiv7yw\" src=\"https:\/\/static.xx.fbcdn.net\/images\/emoji.php\/v9\/t75\/2\/16\/2728.png\" alt=\"&#x2728;\" width=\"16\" height=\"16\" \/><\/span><\/p>\n<p style=\"text-align: justify;\">Nach \u00fcber 50 (eigentlich \u00fcber 60 &#8230;)Jahren Weltkarriere sucht die Schlager-Legende jetzt die maximale N\u00e4he zu seinem Publikum.<\/p>\n<\/div>\n<\/div>\n<div class=\"x14z9mp xat24cr x1lziwak x1vvkbs xtlvy1s x126k92a\" style=\"text-align: justify;\">\n<div dir=\"auto\">Statt gro\u00dfer Arena-Tour setzt Howard auf ein einzigartiges Konzept: Jeder Abend bekommt seine ganz eigene, pers\u00f6nliche Show.<\/div>\n<div dir=\"auto\">\nFreuen Sie sich auf unvergessliche Klassiker wie &#8222;Ti Amo&#8220; oder &#8222;Deine Spuren im Sand&#8220;, und erleben Sie den S\u00e4nger so nah wie nie zuvor! <span class=\"html-span xexx8yu xyri2b x18d9i69 x1c1uobl x1hl2dhg x16tdsg8 x1vvkbs x3nfvp2 x1j61x8r x1fcty0u xdj266r xat24cr xm2jcoa x1mpyi22 xxymvpz xlup9mm x1kky2od\"><img decoding=\"async\" loading=\"lazy\" class=\"xz74otr x15mokao x1ga7v0g x16uus16 xbiv7yw\" src=\"https:\/\/static.xx.fbcdn.net\/images\/emoji.php\/v9\/t7f\/2\/16\/1f31f.png\" alt=\"&#x1f31f;\" width=\"16\" height=\"16\" \/><\/span><span class=\"html-span xexx8yu xyri2b x18d9i69 x1c1uobl x1hl2dhg x16tdsg8 x1vvkbs x3nfvp2 x1j61x8r x1fcty0u xdj266r xat24cr xm2jcoa x1mpyi22 xxymvpz xlup9mm x1kky2od\"><img decoding=\"async\" loading=\"lazy\" class=\"xz74otr x15mokao x1ga7v0g x16uus16 xbiv7yw\" src=\"https:\/\/static.xx.fbcdn.net\/images\/emoji.php\/v9\/t41\/2\/16\/1f3b9.png\" alt=\"&#x1f3b9;\" width=\"16\" height=\"16\" \/><\/span><\/div>\n<div dir=\"auto\">\n<p>&nbsp;<\/p>\n<\/div>\n<\/div>\n<div class=\"x14z9mp xat24cr x1lziwak x1vvkbs xtlvy1s x126k92a\">\n<div dir=\"auto\" style=\"text-align: justify;\">Tickets gibt es <strong><a href=\"https:\/\/bit.ly\/4weEZVM\">HIER<\/a><\/strong>, solange der Vorrat reicht!<\/div>\n<div dir=\"auto\"><\/div>\n<\/div>\n","protected":false},"excerpt":{"rendered":"<p>Howard startet im kommenden Jahr eine sogenannte &#8222;Residency-Reihe&#8220; &#8230;:<\/p>\n","protected":false},"author":2,"featured_media":259454,"comment_status":"open","ping_status":"closed","sticky":false,"template":"","format":"standard","meta":{"_FSMCFIC_featured_image_caption":"","_FSMCFIC_featured_image_nocaption":"","_FSMCFIC_featured_image_hide":""},"categories":[29,39],"tags":[49],"acf":[],"_links":{"self":[{"href":"https:\/\/smago.de\/ws2\/wp-json\/wp\/v2\/posts\/259453"}],"collection":[{"href":"https:\/\/smago.de\/ws2\/wp-json\/wp\/v2\/posts"}],"about":[{"href":"https:\/\/smago.de\/ws2\/wp-json\/wp\/v2\/types\/post"}],"author":[{"embeddable":true,"href":"https:\/\/smago.de\/ws2\/wp-json\/wp\/v2\/users\/2"}],"replies":[{"embeddable":true,"href":"https:\/\/smago.de\/ws2\/wp-json\/wp\/v2\/comments?post=259453"}],"version-history":[{"count":2,"href":"https:\/\/smago.de\/ws2\/wp-json\/wp\/v2\/posts\/259453\/revisions"}],"predecessor-version":[{"id":259456,"href":"https:\/\/smago.de\/ws2\/wp-json\/wp\/v2\/posts\/259453\/revisions\/259456"}],"wp:featuredmedia":[{"embeddable":true,"href":"https:\/\/smago.de\/ws2\/wp-json\/wp\/v2\/media\/259454"}],"wp:attachment":[{"href":"https:\/\/smago.de\/ws2\/wp-json\/wp\/v2\/media?parent=259453"}],"wp:term":[{"taxonomy":"category","embeddable":true,"href":"https:\/\/smago.de\/ws2\/wp-json\/wp\/v2\/categories?post=259453"},{"taxonomy":"post_tag","embeddable":true,"href":"https:\/\/smago.de\/ws2\/wp-json\/wp\/v2\/tags?post=259453"}],"curies":[{"name":"wp","href":"https:\/\/api.w.org\/{rel}","templated":true}]}}