{"id":259434,"date":"2026-04-29T00:00:36","date_gmt":"2026-04-28T22:00:36","guid":{"rendered":"https:\/\/smago.de\/ws2\/?p=259434"},"modified":"2026-04-28T20:57:22","modified_gmt":"2026-04-28T18:57:22","slug":"die-junx-titel-das-ist-unser-moment-glaube-liebe-hoffnung-ab-01-05-2026-erhaeltlich","status":"publish","type":"post","link":"https:\/\/smago.de\/ws2\/pop-schlager\/die-junx-titel-das-ist-unser-moment-glaube-liebe-hoffnung-ab-01-05-2026-erhaeltlich\/","title":{"rendered":"Die JunX <br>Titel &#8222;Das ist unser Moment (Glaube \u2013 Liebe \u2013 Hoffnung)&#8220; ab 01.05.2026 erh\u00e4ltlich!"},"content":{"rendered":"<p style=\"text-align: justify;\">Der Song verbindet \u00e4u\u00dferst gekonnt Gegenwart und R\u00fcckblick, Ho\ufb00nung und Erwartung \u2013 Emotionen, die jeder kennt!<!--more--><\/p>\n<p style=\"font-weight: 400; text-align: justify;\">\n<p>Mit ihrer neuen Single \u201eDas ist unser Moment\u201c greift das Hamburger Popduo Die JunX ein universelles Gef\u00fchl auf: den Zauber eines Augenblicks, der alles ver\u00e4ndert \u2013 und f\u00fcr immer bleibt.<\/p>\n<p style=\"font-weight: 400; text-align: justify;\">Das Leben ist st\u00e4ndig in Bewegung, doch es sind die besonderen Momente, die sich unausl\u00f6schlich in unsere Erinnerung einpr\u00e4gen.<\/p>\n<p style=\"text-align: justify;\">Genau diesem Ph\u00e4nomen widmet sich der kraftvolle, hymnische Popsong, der mit eing\u00e4ngigem Sound und mitrei\u00dfender Energie zum Mitsingen einl\u00e4dt.<\/p>\n<p style=\"font-weight: 400; text-align: justify;\">\u201eDas ist unser Moment\u201c verbindet Gegenwart und R\u00fcckblick, Ho\ufb00nung und Erwartung \u2013 Emotionen, die jeder kennt.<\/p>\n<p style=\"font-weight: 400; text-align: justify;\">Der pr\u00e4gnante Refrain erinnert an jene entscheidenden Augenblicke im Leben: Bestandene Pr\u00fcfungen, sportliche Triumphe, \u00fcberwundene Herausforderungen oder das Finden der gro\u00dfen Liebe.<\/p>\n<p style=\"font-weight: 400; text-align: justify;\">Es sind diese einzigartigen Wendepunkte, die uns pr\u00e4gen und verbinden.<\/p>\n<p style=\"text-align: justify;\">Die JunX verleihen dieser tiefen Sehnsucht nach dem einen, unvergesslichen Moment eine Stimme \u2013\u00a0 einem Moment, den man am liebsten f\u00fcr die Ewigkeit festhalten m\u00f6chte.<\/p>\n<p style=\"text-align: justify;\">Produziert von Henning Verlage, \u00fcberzeugt der Song nicht nur musikalisch, sondern auch durch seine starke Botschaft.<\/p>\n<p style=\"text-align: justify;\">Mit seiner positiven Energie und emotionalen Strahlkraft ist \u201eDas ist unser Moment\u201c wie gescha\ufb00en f\u00fcrgro\u00dfe B\u00fchnen und kollektive Erlebnisse \u2013 und liefert den perfekten Soundtrack f\u00fcr sportliche Gro\u00dfereignisse wie eine Fu\u00dfball-Weltmeisterschaft.<\/p>\n<p style=\"font-weight: 400; text-align: justify;\"><img decoding=\"async\" loading=\"lazy\" class=\"alignnone size-large wp-image-259437\" src=\"https:\/\/smago.de\/ws2\/wp-content\/uploads\/2026\/04\/Cover_Das-ist-unser-Moment_-800x800.jpg\" alt=\"\" width=\"800\" height=\"800\" srcset=\"https:\/\/smago.de\/ws2\/wp-content\/uploads\/2026\/04\/Cover_Das-ist-unser-Moment_-800x800.jpg 800w, https:\/\/smago.de\/ws2\/wp-content\/uploads\/2026\/04\/Cover_Das-ist-unser-Moment_-522x522.jpg 522w, https:\/\/smago.de\/ws2\/wp-content\/uploads\/2026\/04\/Cover_Das-ist-unser-Moment_-150x150.jpg 150w, https:\/\/smago.de\/ws2\/wp-content\/uploads\/2026\/04\/Cover_Das-ist-unser-Moment_-768x768.jpg 768w, https:\/\/smago.de\/ws2\/wp-content\/uploads\/2026\/04\/Cover_Das-ist-unser-Moment_-272x272.jpg 272w, https:\/\/smago.de\/ws2\/wp-content\/uploads\/2026\/04\/Cover_Das-ist-unser-Moment_-600x600.jpg 600w, https:\/\/smago.de\/ws2\/wp-content\/uploads\/2026\/04\/Cover_Das-ist-unser-Moment_-130x130.jpg 130w, https:\/\/smago.de\/ws2\/wp-content\/uploads\/2026\/04\/Cover_Das-ist-unser-Moment_-445x445.jpg 445w, https:\/\/smago.de\/ws2\/wp-content\/uploads\/2026\/04\/Cover_Das-ist-unser-Moment_-190x190.jpg 190w, https:\/\/smago.de\/ws2\/wp-content\/uploads\/2026\/04\/Cover_Das-ist-unser-Moment_-290x290.jpg 290w, https:\/\/smago.de\/ws2\/wp-content\/uploads\/2026\/04\/Cover_Das-ist-unser-Moment_.jpg 850w\" sizes=\"(max-width: 800px) 100vw, 800px\" \/><\/p>\n<h1 style=\"text-align: justify;\"><\/h1>\n","protected":false},"excerpt":{"rendered":"<p>Der Song verbindet \u00e4u\u00dferst gekonnt Gegenwart und R\u00fcckblick, Ho\ufb00nung und Erwartung \u2013 Emotionen, die jeder kennt!<\/p>\n","protected":false},"author":2,"featured_media":259436,"comment_status":"open","ping_status":"closed","sticky":false,"template":"","format":"standard","meta":{"_FSMCFIC_featured_image_caption":"","_FSMCFIC_featured_image_nocaption":"","_FSMCFIC_featured_image_hide":""},"categories":[28,39],"tags":[954],"acf":[],"_links":{"self":[{"href":"https:\/\/smago.de\/ws2\/wp-json\/wp\/v2\/posts\/259434"}],"collection":[{"href":"https:\/\/smago.de\/ws2\/wp-json\/wp\/v2\/posts"}],"about":[{"href":"https:\/\/smago.de\/ws2\/wp-json\/wp\/v2\/types\/post"}],"author":[{"embeddable":true,"href":"https:\/\/smago.de\/ws2\/wp-json\/wp\/v2\/users\/2"}],"replies":[{"embeddable":true,"href":"https:\/\/smago.de\/ws2\/wp-json\/wp\/v2\/comments?post=259434"}],"version-history":[{"count":2,"href":"https:\/\/smago.de\/ws2\/wp-json\/wp\/v2\/posts\/259434\/revisions"}],"predecessor-version":[{"id":259439,"href":"https:\/\/smago.de\/ws2\/wp-json\/wp\/v2\/posts\/259434\/revisions\/259439"}],"wp:featuredmedia":[{"embeddable":true,"href":"https:\/\/smago.de\/ws2\/wp-json\/wp\/v2\/media\/259436"}],"wp:attachment":[{"href":"https:\/\/smago.de\/ws2\/wp-json\/wp\/v2\/media?parent=259434"}],"wp:term":[{"taxonomy":"category","embeddable":true,"href":"https:\/\/smago.de\/ws2\/wp-json\/wp\/v2\/categories?post=259434"},{"taxonomy":"post_tag","embeddable":true,"href":"https:\/\/smago.de\/ws2\/wp-json\/wp\/v2\/tags?post=259434"}],"curies":[{"name":"wp","href":"https:\/\/api.w.org\/{rel}","templated":true}]}}