{"id":259427,"date":"2026-04-28T20:48:36","date_gmt":"2026-04-28T18:48:36","guid":{"rendered":"https:\/\/smago.de\/ws2\/?p=259427"},"modified":"2026-04-28T20:48:36","modified_gmt":"2026-04-28T18:48:36","slug":"andrea-kiewel-u-a-40-jahre-zdf%e2%80%91fernsehgarten","status":"publish","type":"post","link":"https:\/\/smago.de\/ws2\/schlager\/andrea-kiewel-u-a-40-jahre-zdf%e2%80%91fernsehgarten\/","title":{"rendered":"ANDREA KIEWEL (u.a.) <br>40 Jahre &#8222;ZDF\u2011Fernsehgarten&#8220;!"},"content":{"rendered":"<p>Das muss gefeiert werden &#8230;:<br \/>\n<!--more--><\/p>\n<p>&nbsp;<\/p>\n<p style=\"text-align: justify;\">\n<p style=\"text-align: justify;\">Der Countdown l\u00e4uft: Am 10. Mai 2026 startet der <strong>ZDF\u2011Fernsehgarten<\/strong> mit der ersten Sendung in eine ganz besondere Saison \u2013 40 Jahre Fernsehgarten!<\/p>\n<p style=\"text-align: justify;\"><strong>Andrea Kiewel\u00a0<\/strong>begr\u00fc\u00dft Sie auch in diesem Jubil\u00e4umsjahr live auf dem Mainzer Lerchenberg und freut sich auf einen Sommer voller Highlights. Freuen Sie sich auf ein abwechslungsreiches Open\u2011Air\u2011Showprogramm mit Musik, Artistik, Comedy, Service und vielen \u00dcberraschungen.<\/p>\n<p style=\"text-align: justify;\">Die ersten Highlights der Jubil\u00e4umssaison (\u00c4nderungen vorbehalten):<\/p>\n<p style=\"text-align: justify;\"><strong><u>17.05.2026 &#8211; Schlagerparty<\/u><\/strong><br \/>\nBernhard Brink, Ella Endlich, Mark Keller, Fantasy, Anna-Maria Zivkov, Olaf Berger, Tiroler Schm\u00e4h<\/p>\n<p style=\"text-align: justify;\"><strong><u><\/p>\n<p>24.05.2026 &#8211; Koch-Battle<\/u><\/strong><br \/>\nDark Tenor feat. Patricia Kelly, Aditotoro x paulomuc, Joey Heindle, Francine Jordi, Sonia Liebing<\/p>\n<p style=\"text-align: justify;\"><strong><u><\/p>\n<p>31.05.2026 &#8211; Bingo-Party<\/u><\/strong><br \/>\nChris de Burgh, Florian K\u00fcnstler, Remo Forrer, Julian Reim, Anna-Maria Zimmermann<\/p>\n<p style=\"text-align: justify;\"><strong><u><\/p>\n<p>07.06.2026 &#8211; Vier Jahrzehnte-Mix<\/u><\/strong><br \/>\nSpider Murphy Gang, Nino de Angelo &amp; Marina Marx, Pop Divas<\/p>\n<p style=\"text-align: justify;\">\n<p>Seien Sie live und Open Air dabei und sichern Sie sich jetzt Ihre Tickets unter: <a href=\"https:\/\/ticketservice.zdf.de\/events\/1913-zdf-fernsehgarten\" target=\"_blank\" rel=\"noopener noreferrer\"><strong>ZDF-Fernsehgarten 2026<\/strong><\/a>!<em><\/p>\n<p>Wir freuen uns Sie schon bald im ZDF-Fernsehgarten in Mainz zu begr\u00fc\u00dfen!<\/em><\/p>\n<p style=\"text-align: justify;\">\n<p><em>Ihr ZDF-Ticketservice<\/em><\/p>\n","protected":false},"excerpt":{"rendered":"<p>Das muss gefeiert werden &#8230;:<\/p>\n","protected":false},"author":2,"featured_media":259428,"comment_status":"open","ping_status":"closed","sticky":false,"template":"","format":"standard","meta":{"_FSMCFIC_featured_image_caption":"","_FSMCFIC_featured_image_nocaption":"","_FSMCFIC_featured_image_hide":""},"categories":[29,128],"tags":[192],"acf":[],"_links":{"self":[{"href":"https:\/\/smago.de\/ws2\/wp-json\/wp\/v2\/posts\/259427"}],"collection":[{"href":"https:\/\/smago.de\/ws2\/wp-json\/wp\/v2\/posts"}],"about":[{"href":"https:\/\/smago.de\/ws2\/wp-json\/wp\/v2\/types\/post"}],"author":[{"embeddable":true,"href":"https:\/\/smago.de\/ws2\/wp-json\/wp\/v2\/users\/2"}],"replies":[{"embeddable":true,"href":"https:\/\/smago.de\/ws2\/wp-json\/wp\/v2\/comments?post=259427"}],"version-history":[{"count":1,"href":"https:\/\/smago.de\/ws2\/wp-json\/wp\/v2\/posts\/259427\/revisions"}],"predecessor-version":[{"id":259429,"href":"https:\/\/smago.de\/ws2\/wp-json\/wp\/v2\/posts\/259427\/revisions\/259429"}],"wp:featuredmedia":[{"embeddable":true,"href":"https:\/\/smago.de\/ws2\/wp-json\/wp\/v2\/media\/259428"}],"wp:attachment":[{"href":"https:\/\/smago.de\/ws2\/wp-json\/wp\/v2\/media?parent=259427"}],"wp:term":[{"taxonomy":"category","embeddable":true,"href":"https:\/\/smago.de\/ws2\/wp-json\/wp\/v2\/categories?post=259427"},{"taxonomy":"post_tag","embeddable":true,"href":"https:\/\/smago.de\/ws2\/wp-json\/wp\/v2\/tags?post=259427"}],"curies":[{"name":"wp","href":"https:\/\/api.w.org\/{rel}","templated":true}]}}