{"id":259425,"date":"2026-04-28T20:44:50","date_gmt":"2026-04-28T18:44:50","guid":{"rendered":"https:\/\/smago.de\/ws2\/?p=259425"},"modified":"2026-04-28T20:44:50","modified_gmt":"2026-04-28T18:44:50","slug":"helene-fischer-florian-silbereisen-ndr-talk-show-helene-fischer-und-florian-silbereisen-erstmals-gemeinsam-in-einer-talkshow","status":"publish","type":"post","link":"https:\/\/smago.de\/ws2\/schlager\/helene-fischer-florian-silbereisen-ndr-talk-show-helene-fischer-und-florian-silbereisen-erstmals-gemeinsam-in-einer-talkshow\/","title":{"rendered":"HELENE FISCHER &#8211; FLORIAN SILBEREISEN <br>\u201eNDR Talk Show\u201c: Helene Fischer und Florian Silbereisen erstmals gemeinsam in einer Talkshow!"},"content":{"rendered":"<p>Sendetermin: 01.05.2026, NDR Fernsehen + HR Fernsehen, 22:00 Uhr &#8211; 00:00 Uhr!<!--more--><\/p>\n<p style=\"text-align: justify;\">\n<p style=\"text-align: justify;\">Sie ist der unumstrittene musikalische Superstar in Deutschland, er ist erfolgreicher Moderator, S\u00e4nger und \u201eTraumschiff\u201c-Kapit\u00e4n: Helene Fischer und Florian Silbereisen. Immer wieder standen die beiden zusammen auf einer B\u00fchne und nun sitzen sie am Freitag, 1. Mai, erstmals gemeinsam in einer Talkshow: \u201eder NDR Talk Show\u201c. Dort sprechen sie \u00fcber Helene Fischers ersten TV-Auftritt vor 21 Jahren in einer TV-Show von Florian Silbereisen, \u00fcber ihre Zusammenarbeit seitdem und \u00fcber die jeweiligen Zukunftspl\u00e4ne, darunter Helene Fischers bevorstehende Stadion-Tournee. Au\u00dferdem wird sie in der Sendung ein Medley pr\u00e4sentieren.<\/p>\n<p style=\"text-align: justify;\">Weitere G\u00e4ste in dieser besonderen \u201eNDR Talk Show\u201c-Ausgabe sind Bestsellerautorin Cornelia Funke, Frederik und Gerrit Braun, die mit dem \u201eMiniatur Wunderland Hamburg\u201c in diesem Jahr ihr 25-j\u00e4hriges Jubil\u00e4um feiern, Tennisspielerin Angelique Kerber sowie Fotograf und Starvisagist Armin Morbach.<\/p>\n<p style=\"text-align: justify;\">Die \u201eNDR Talk Show\u201c mit Helene Fischer und Florian Silbereisen ist am Freitag, 1. Mai, um 22:00 Uhr im NDR Fernsehen sowie im HR Fernsehen zu sehen und anschlie\u00dfend in der ARD Mediathek verf\u00fcgbar. Moderiert wird die Ausgabe von Barbara Sch\u00f6neberger und Hubertus Meyer-Burckhardt.<\/p>\n","protected":false},"excerpt":{"rendered":"<p>Sendetermin: 01.05.2026, NDR Fernsehen + HR Fernsehen, 22:00 Uhr &#8211; 00:00 Uhr!<\/p>\n","protected":false},"author":2,"featured_media":253374,"comment_status":"open","ping_status":"closed","sticky":false,"template":"","format":"standard","meta":{"_FSMCFIC_featured_image_caption":"","_FSMCFIC_featured_image_nocaption":"","_FSMCFIC_featured_image_hide":""},"categories":[29,39,128],"tags":[254,4217],"acf":[],"_links":{"self":[{"href":"https:\/\/smago.de\/ws2\/wp-json\/wp\/v2\/posts\/259425"}],"collection":[{"href":"https:\/\/smago.de\/ws2\/wp-json\/wp\/v2\/posts"}],"about":[{"href":"https:\/\/smago.de\/ws2\/wp-json\/wp\/v2\/types\/post"}],"author":[{"embeddable":true,"href":"https:\/\/smago.de\/ws2\/wp-json\/wp\/v2\/users\/2"}],"replies":[{"embeddable":true,"href":"https:\/\/smago.de\/ws2\/wp-json\/wp\/v2\/comments?post=259425"}],"version-history":[{"count":1,"href":"https:\/\/smago.de\/ws2\/wp-json\/wp\/v2\/posts\/259425\/revisions"}],"predecessor-version":[{"id":259426,"href":"https:\/\/smago.de\/ws2\/wp-json\/wp\/v2\/posts\/259425\/revisions\/259426"}],"wp:featuredmedia":[{"embeddable":true,"href":"https:\/\/smago.de\/ws2\/wp-json\/wp\/v2\/media\/253374"}],"wp:attachment":[{"href":"https:\/\/smago.de\/ws2\/wp-json\/wp\/v2\/media?parent=259425"}],"wp:term":[{"taxonomy":"category","embeddable":true,"href":"https:\/\/smago.de\/ws2\/wp-json\/wp\/v2\/categories?post=259425"},{"taxonomy":"post_tag","embeddable":true,"href":"https:\/\/smago.de\/ws2\/wp-json\/wp\/v2\/tags?post=259425"}],"curies":[{"name":"wp","href":"https:\/\/api.w.org\/{rel}","templated":true}]}}