{"id":259413,"date":"2026-04-28T00:00:53","date_gmt":"2026-04-27T22:00:53","guid":{"rendered":"https:\/\/smago.de\/ws2\/?p=259413"},"modified":"2026-04-27T22:56:30","modified_gmt":"2026-04-27T20:56:30","slug":"leonard-leonard-versteht-die-welt-nicht-mehr","status":"publish","type":"post","link":"https:\/\/smago.de\/ws2\/uncategorized\/leonard-leonard-versteht-die-welt-nicht-mehr\/","title":{"rendered":"LEONARD <br>Leonard versteht die Welt nicht mehr!"},"content":{"rendered":"<p style=\"text-align: justify;\">Es geht um seinen zehn Jahre alten Song &#8222;Sag mir nicht &#8218;I Love You'&#8220; &#8230;:<br \/>\n<!--more--><\/p>\n<p>&nbsp;<\/p>\n<p>&nbsp;<\/p>\n<p>&nbsp;<\/p>\n<p>Der Schweizer Schlagerliedermacher LEONARD versteht die Welt nicht mehr &#8230;:<\/p>\n<p>&nbsp;<\/p>\n<p style=\"text-align: justify;\">\n<p style=\"text-align: justify;\"><em>Jetzt hat doch tats\u00e4chlich ein Deutscher, der in der Schweiz lebt an die SRF Musikwelle geschrieben und gefordert, dass man mich als S\u00e4nger und Musiker blockiert, weil das Lied &#8222;Sag mir nicht &#8222;I Love You'&#8220; im h\u00f6chsten Ma\u00dfe fremdenfeindlich, rassistisch und besch\u00e4mend sei. <\/em><\/p>\n<p style=\"text-align: justify;\"><em>Dabei erz\u00e4hlt es mit einem Augenzwinkern lediglich davon, dass die sch\u00f6ne deutsche Sprache im Alltag und in vielen Medien (die SRF Musikwelle ist eine r\u00fchmliche Ausnahme) immer mehr durch Englisch verdr\u00e4ngt und mit Anglizismen verw\u00e4ssert wird.<\/em><\/p>\n<p style=\"text-align: justify;\"><em>Ich glaube, als n\u00e4chstes schreibe ich ein Lied \u00fcber unsere hysterische Gesellschaft, die mittlerweile hinter allem und jedem Diskriminierung und Rassismus vermutet. &#x1f609;&#x1f609;&#8220;<\/em><\/p>\n<p>&nbsp;<\/p>\n<p>&nbsp;<\/p>\n<p><iframe loading=\"lazy\" src=\"\/\/www.youtube.com\/embed\/LqqShE2k7Cs\" width=\"800\" height=\"449\" allowfullscreen=\"allowfullscreen\"><\/iframe><\/p>\n","protected":false},"excerpt":{"rendered":"<p>Es geht um seinen zehn Jahre alten Song &#8222;Sag mir nicht &#8218;I Love You&#8217;&#8220; &#8230;:<\/p>\n","protected":false},"author":2,"featured_media":259414,"comment_status":"open","ping_status":"closed","sticky":false,"template":"","format":"standard","meta":{"_FSMCFIC_featured_image_caption":"","_FSMCFIC_featured_image_nocaption":"","_FSMCFIC_featured_image_hide":""},"categories":[1],"tags":[355],"acf":[],"_links":{"self":[{"href":"https:\/\/smago.de\/ws2\/wp-json\/wp\/v2\/posts\/259413"}],"collection":[{"href":"https:\/\/smago.de\/ws2\/wp-json\/wp\/v2\/posts"}],"about":[{"href":"https:\/\/smago.de\/ws2\/wp-json\/wp\/v2\/types\/post"}],"author":[{"embeddable":true,"href":"https:\/\/smago.de\/ws2\/wp-json\/wp\/v2\/users\/2"}],"replies":[{"embeddable":true,"href":"https:\/\/smago.de\/ws2\/wp-json\/wp\/v2\/comments?post=259413"}],"version-history":[{"count":2,"href":"https:\/\/smago.de\/ws2\/wp-json\/wp\/v2\/posts\/259413\/revisions"}],"predecessor-version":[{"id":259416,"href":"https:\/\/smago.de\/ws2\/wp-json\/wp\/v2\/posts\/259413\/revisions\/259416"}],"wp:featuredmedia":[{"embeddable":true,"href":"https:\/\/smago.de\/ws2\/wp-json\/wp\/v2\/media\/259414"}],"wp:attachment":[{"href":"https:\/\/smago.de\/ws2\/wp-json\/wp\/v2\/media?parent=259413"}],"wp:term":[{"taxonomy":"category","embeddable":true,"href":"https:\/\/smago.de\/ws2\/wp-json\/wp\/v2\/categories?post=259413"},{"taxonomy":"post_tag","embeddable":true,"href":"https:\/\/smago.de\/ws2\/wp-json\/wp\/v2\/tags?post=259413"}],"curies":[{"name":"wp","href":"https:\/\/api.w.org\/{rel}","templated":true}]}}