{"id":259407,"date":"2026-04-28T00:00:06","date_gmt":"2026-04-27T22:00:06","guid":{"rendered":"https:\/\/smago.de\/ws2\/?p=259407"},"modified":"2026-04-27T22:45:09","modified_gmt":"2026-04-27T20:45:09","slug":"dieter-bohlen-isi-glueck-u-a-heute-28-04-2026-rtl-deutschland-sucht-den-superstar-das-sind-die-top-11-von-dsds-2026","status":"publish","type":"post","link":"https:\/\/smago.de\/ws2\/party-schlager\/dieter-bohlen-isi-glueck-u-a-heute-28-04-2026-rtl-deutschland-sucht-den-superstar-das-sind-die-top-11-von-dsds-2026\/","title":{"rendered":"DIETER BOHLEN, ISI GL\u00dcCK u.a. <br>Heute (28.04.2026), RTL: &#8222;Deutschland sucht den Superstar&#8220; \u2013 Das sind die TOP 11 von DSDS 2026!"},"content":{"rendered":"<p style=\"text-align: justify;\">Delijah beendet ihre Teilnahme aus pers\u00f6nlichen Gr\u00fcnden, Noemi und Tyrell r\u00fccken nach &#8230; \/\/ 20:15 Uhr &#8211; 00:00 Uhr!<!--more--><\/p>\n<div class=\"row\" style=\"text-align: justify;\">\n<div class=\"col-md-12\">\n<div class=\"pressemitteilung social\">\n<div class=\"content\">\n<div class=\"textundbild\">\n<p>&nbsp;<\/p>\n<p><strong>Abii Faizan (24) aus Koblenz<\/strong><br \/>\n<strong>Die ganz gro\u00dfe DSDS-Geschichte<br \/>\n<\/strong><br \/>\nMit Musik verarbeitet Abii seine Flucht aus Afghanistan, seine Hoffnung und den Wunsch, seine leiblichen Eltern nach Deutschland zu holen. Er stand in Staffel 19 bereits auf der DSDS-B\u00fchne, schaffte es unter die Top 25 \u2013 damals noch sch\u00fcchtern, inzwischen gereift. Er hat sich gesanglich und pers\u00f6nlich weiterentwickelt, schreibt und produziert eigene Songs und stand mit Nico Santos auf der B\u00fchne. Durch seine Auftritte bei DSDS wurde seine Geschichte viral, Medien berichteten \u2013 so konnte er den Kontakt zu seiner Familie wiederfinden, doch kann sie nur \u00fcber Videoanrufe sehen, da er Deutschland nicht verlassen darf. Musik ist sein Weg der Bew\u00e4ltigung und hilft ihm, mit seiner Erfahrung umzugehen. Sein Talent m\u00f6chte er jetzt nicht nur f\u00fcr sich einsetzen, sondern auch, um seiner in Afghanistan lebenden Familie zu helfen. Sein gro\u00dfer Traum: Eines Tages seine Eltern und Geschwister in die Arme schlie\u00dfen zu k\u00f6nnen und sie nach Deutschland zu holen. Sein Lieblingsk\u00fcnstler ist Benson Boone. Musikalische Vorbilder sind Ed Sheeran und Michael Jackson.<\/p>\n<p>&nbsp;<\/p>\n<p><strong><br \/>\nLex Spielhaupter (35) aus N\u00fcrnberg<\/strong><br \/>\n<strong>Die raue Stimme\u00a0<\/strong><\/p>\n<p>Lex ist 35 Jahre alt und lebt in N\u00fcrnberg. Er ist angehender Erzieher in einem Kinderhort. Musik macht er schon seit seiner Kindheit. Er ist Chorleiter eines Rock- und Metalchors, der Songs wie \u201ePoison\u201c von Alice Cooper oder Linkin Park singt. Er hat &#8222;ein bisschen was auf den Rippen&#8220; und sagt, er f\u00fchlt sich wohl als \u201eB\u00e4rchen\u201c. Er freut sich auf seine Teilnahme bei DSDS, da er &#8222;einfach Bock hat, Musik zu machen!&#8220; Im Recall findet Lex laut der Jury immer wieder Ausreden f\u00fcr Kritiken, die er bekommt. Es entwickelt sich f\u00fcr ihn zu einem Thema, das die Jury ihm wieder und wieder vorh\u00e4lt.<\/p>\n<p>&nbsp;<\/p>\n<p><strong><br \/>\nConstance Dizendorf (19) aus Magstadt, lebt in Stuttgart\u00a0<\/strong><br \/>\n<strong>Nach Kritik zur Mimik: Mit neuem Selbstbewusstsein in den Recall\u00a0<\/strong><\/p>\n<p>Constance ist mit der Schule fertig und beginnt bald ein Studium in Stuttgart, wo sie mit ihrem Freund und vier Haustieren (zwei Katzen und zwei Hunde) zusammenlebt. \u201eMeine gr\u00f6\u00dfte Leidenschaft ist die Musik und mein gr\u00f6\u00dfter Wunsch ist, meine Liebe zur Musik mit der ganzen Welt zu teilen.\u201c Constance wirkt zur\u00fcckhaltend, zeigt sich aber ehrgeizig und zugleich kritisch mit sich selbst. Die Kritik der Jury aus dem Jurycasting bez\u00fcglich ihrer Mimik hat sie hart getroffen, aber sie hat sich entschlossen zu sich zu stehen und sagt, es sei eben ein Teil von ihr. Ihre pers\u00f6nliche Herausforderung im Recall besteht dennoch darin, weiter mehr aus sich herauszukommen und der Jury und den Zuschauern zu zeigen, was sie kann.<\/p>\n<p>&nbsp;<\/p>\n<p><strong><br \/>\nKadischa Wei\u00df (21) aus G\u00f6ttingen\u00a0<\/strong><br \/>\n<strong>DSDS-Sweetheart\u00a0<\/strong><\/p>\n<p>Kadischa, 21, aus G\u00f6ttingen, hat die Jury bereits im Casting so sehr \u00fcberzeugt, dass sie sich ein Direct to Recall Ticket verdient hat. Musik ist ihr Leben, Singen ihre absolute Leidenschaft, die sie zum Beruf machen m\u00f6chte. Bei DSDS will sie diese Leidenschaft endlich zu ihrem Beruf machen und die Herzen der Menschen erreichen \u2013 genau daf\u00fcr steht sie auf der B\u00fchne. Kadischas gro\u00dfes Vorbild ist Jennifer Hudson. Ihre Message: \u201eEgal, wie man aussieht oder wo man herkommt, man kann alles schaffen!\u201c<\/p>\n<p>&nbsp;<\/p>\n<p><strong><br \/>\nMaric Verch (31) aus Eitorf\u00a0<\/strong><br \/>\n<strong>Der Gef\u00fchlsmensch\u00a0<\/strong><\/p>\n<p>Maric beschreibt sich als lebensfrohen und gl\u00fccklichen Menschen. Der junge Erzieher arbeitet in der Kinder- und Jugendpsychiatrie und liebt seinen Job, was bei Bushido im Jurycasting gut ankommt \u2013 generell ist er der Jury sympathisch, aber ringt im Konkurrenzkampf oft mit seiner zur\u00fcckhaltenden Art. Er macht Fitness, spielt Fu\u00dfball und liebt es, zu singen. Er hat f\u00fcnf Geschwister und musiziert auch regelm\u00e4\u00dfig zusammen mit seiner Mutter und seiner j\u00fcngsten Schwester zu Hause. Sein Steckenpferd sind deutsche Balladen und generell gef\u00fchlvolle Songs. Mit englischen Titeln und Tanzperformances hat er im Recall noch zu k\u00e4mpfen. Als musikalische Vorbilder nennt er aktuell Montez und Lewis Capaldi.<\/p>\n<p>&nbsp;<\/p>\n<p><strong><br \/>\nMenowin Fr\u00f6hlich (38) aus W\u00fcrzburg\u00a0<\/strong><br \/>\n<strong>Menowin und seine ganz gro\u00dfe, zweite Chance\u00a0<\/strong><\/p>\n<p>Menowin Fr\u00f6hlich \u2013 der Zweitplatzierte der DSDS-Staffel 2010 \u2013 begleitet seine Tochter Jiepen zum Casting. Der verpasste Sieg damals war ein Schock, von dem er sich lange nicht erholte. Doch seine musikalischen Gene hat er weitergegeben \u2013 an Jiepen, die im Jurycasting nun selbst ihr Gl\u00fcck bei DSDS versucht. Der Auftritt m\u00fcndet in einem wahren \u00dcberraschungsmoment, denn Dieter ruft Menowin zu sich und gibt ihm seine ganz gro\u00dfe, zweite Chance bei DSDS 2026. Den Startschuss setzte Dieter im Jurycasting mit einem Direct-to-Recall Ticket. Menowin hat auch in der jetzigen Staffel immer wieder mit seinen D\u00e4monen aus seiner letzten Teilnahme bei DSDS zu k\u00e4mpfen. Beim Songfinding hat ihn seine Vergangenheit eingeholt und aufgrund zus\u00e4tzlicher, privater Probleme mit seinem Sohn ist Menowin nicht zur Songverk\u00fcndung des m\u00f6glichen Gewinnersongs erschienen. Er hat sich entschuldigt und m\u00f6chte seine zweite Chance nutzen und an sich arbeiten \u2013 dabei spielt Religion f\u00fcr ihn eine gro\u00dfe Rolle, da er durch den Glauben Halt findet.<\/p>\n<p>&nbsp;<\/p>\n<p><strong>Noemi Stefaniak (23) aus Hamburg\u00a0<\/strong><br \/>\n<strong>Die Lebensk\u00e4mpferin\u00a0<\/strong><\/p>\n<p>Noemi k\u00e4mpft sich zur\u00fcck \u2013 mit Musik und ganz viel Herz. Die 23-J\u00e4hrige studiert Erziehungswissenschaften in Hamburg und hatte vor einem Jahr einen Schlaganfall, der sie k\u00f6rperlich und sprachlich zur\u00fcckgeworfen hat. Doch Aufgeben ist keine Option. Aufgewachsen in einer Pflegefamilie und gepr\u00e4gt vom fr\u00fchen Verlust ihrer Mutter, will sie mit ihrer Stimme ihre Geschichte erz\u00e4hlen \u2013 und bei DSDS moderne Songs auf die B\u00fchne bringen. Im Verlauf der Staffel hat Noemi immer wieder mit Selbstzweifeln und ihren Unsicherheiten zu k\u00e4mpfen, wodurch sie manchmal verkopft wirkt. Sie m\u00f6chte mehr Selbstvertrauen aufbauen und wie ihre gro\u00dfen Vorbilder Adele und Sienna Spiro eine starke Pr\u00e4senz auf der B\u00fchne haben. Ihr Herz geh\u00f6rt Mitkandidat Paco, f\u00fcr dessen Stimme sie bereits im Recall geschw\u00e4rmt hat. Ihren Ex-Freund hat sie nach dem Recall verlassen \u2013 sie sagt, es sei ein wichtiger Schritt f\u00fcr sie gewesen, sich von der teils belastenden Beziehung loszusagen. Sie w\u00fcnscht jetzt sich eine gemeinsame Zukunft mit Paco.<\/p>\n<p>&nbsp;<\/p>\n<p><strong><br \/>\nPaco Simic (23) aus Bregenz\u00a0<\/strong><br \/>\n<strong>Vom Band-Mitglied zum Superstar?\u00a0<\/strong><\/p>\n<p>Paco ist 23 Jahre jung, stammt aus dem idyllischen Bregenz in \u00d6sterreich und hat einen zweieiigen Zwillingsbruder \u2013 doppelt h\u00e4lt eben besser. Sein gr\u00f6\u00dfter Traum ist es, ein echter Superstar zu werden. Seine Mutter ist ausgebildete S\u00e4ngerin und hat ihm die ersten Auftritte erm\u00f6glicht. Sie ist seine gr\u00f6\u00dfte Unterst\u00fctzerin, aber auch seine gr\u00f6\u00dfte Kritikerin. Seit mittlerweile f\u00fcnf Jahren ist er auf Social Media (Instagram &amp; TikTok) unterwegs und l\u00e4dt regelm\u00e4\u00dfig Gesangsvideos hoch. Das kommt gut an &#8211; vor allem bei den Frauen! Circa 90% der Nachrichten seien von Userinnen \u2013 doch sein Herz geh\u00f6rt inzwischen Mitkandidatin Noemi, mit der er sich eine gemeinsame Zukunft w\u00fcnscht. Die beiden haben sich w\u00e4hrend des Recalls kennengelernt und sich direkt gut verstanden. Im gemeinsamen Duett: \u201eIch h\u00e4tte Noemi s\u00fc\u00df gefunden, aber sie ist leider vergeben.\u201c Seine Musikkarriere verfolgt er auch akademisch weiter und hat ein Musikstudium in Bregenz begonnen.<\/p>\n<p>&nbsp;<\/p>\n<p><strong><br \/>\nPeter Heimerdinger (42) aus Kraiburg\u00a0<\/strong><br \/>\n<strong>Der bayerische Show-K\u00f6nig\u00a0<\/strong><\/p>\n<p>Peter liebt Kameras, B\u00fchne und gro\u00dfe Auftritte. DSDS steht f\u00fcr ihn schon lange auf der Bucket List, die Show verfolgt er seit Jahren. Dieter Bohlen ist f\u00fcr ihn Kult und fester Bestandteil von DSDS. Im echten Leben arbeitete Peter als Fuhrparkmanager bei einem ambulanten Pflegedienst, ein klassischer Lebensweg war f\u00fcr ihn jedoch nie erstrebenswert. Er bringt bereits viel B\u00fchnenerfahrung mit, stand als Moderator, Drag Queen, DJ und Gogo T\u00e4nzer auf der B\u00fchne und hat, wie er sagt, er hat eine wilde Partyzeit hinter sich. Er ist mit Stefan Mross befreundet, den er auch als sein gro\u00dfes Idol sieht. Ein einschneidendes Erlebnis war ein schwerer Autounfall im Jahr 2012, der ihn zu einem grunds\u00e4tzlichen Umdenken bewegte und seinen Lebensstil nachhaltig ver\u00e4nderte. Im Recall steht Peter vor seiner pers\u00f6nlichen Herausforderung: die Balance zwischen Entertainer und seinen \u201eechten Peter\u201c zu finden.<\/p>\n<p>&nbsp;<\/p>\n<p><strong><br \/>\nTyrell Hagedorn (19) aus Oranienburg\u00a0<\/strong><br \/>\n<strong>Von der Abi-Pr\u00fcfung zur Live-Show\u00a0<\/strong><\/p>\n<p>Tyrell, 19 aus Berlin-Spandau, bezeichnet sich selbst \u201eSchmuse-Bubba-Balladen\u201c-Typ und schreibt genau solche Songs selbst. Er war ein Jahr als Austauschsch\u00fcler in Irland und hat mit seiner Musikschul-Band schon einige Auftritte gehabt. Im Recall erz\u00e4hlt er von seiner Krankheitsgeschichte, mit Rheuma, weswegen er seine angestrebte Karriere im \u00f6ffentlichen Dienst nicht verfolgen kann. Dennoch beh\u00e4lt er immer seine positive Art. Er legt gro\u00dfen Wert auf Fitness und Ern\u00e4hrung und lebt in Berlin mit seinem Vater zusammen, bekommt aber ebenfalls Unterst\u00fctzung von seinen M\u00fcttern, die er im Recall, als er sie im Publikum entdeckt, \u201eMama \u201c und \u201eMama 2\u201c nennt &#8211; Die gr\u00f6\u00dfte H\u00fcrde im Recall f\u00fcr ihn ist es, seiner Stimme mehr Power zu verleihen. In den Live-Shows ist er zudem mit gleich zwei Herausforderungen konfrontiert: seine Stimme und seine Abiturpr\u00fcfung, die kurz vor der Live-Show und Reality-Phase stattfindet.<\/p>\n<p>&nbsp;<\/p>\n<p><strong><br \/>\nValentina Wagner (16) aus M\u00fcnchen\u00a0<\/strong><br \/>\n<strong>Das DSDS-K\u00fcken\u00a0<\/strong><\/p>\n<p>Valentina aus M\u00fcnchen ist gerade mal 16 Jahre alt und schon jetzt voller Elan. Die Sch\u00fclerin tr\u00e4umt davon, nach der Schule eine Friseurausbildung zu machen, doch ihre gro\u00dfe Leidenschaft geh\u00f6rt dem Singen und Tanzen. Im Jurycasting \u00fcberzeugt sie die Juror:innen auf voller L\u00e4nge. Ihr gro\u00dfes Vorbild ist Bruno Mars \u2013 sie sieht sich selbst als gro\u00dfe S\u00e4ngerin und wird auf ihrem Weg bei DSDS auf Schritt und Tritt begleitet von ihrer Mutter und Erziehungsberechtigten. Ihre gr\u00f6\u00dfte Herausforderung ist ihre Minderj\u00e4hrigkeit. Weil sie noch zu jung ist, kann sie nicht in gleicher Weise an den Dreharbeiten und in der Reality partizipieren, wodurch sich Valentina oft von den anderen abgekapselt f\u00fchlt. Valentina wird auch in der Reality nur tags\u00fcber im Loft sein.<\/p>\n<\/div>\n<\/div>\n<\/div>\n<\/div>\n<\/div>\n<div class=\"content\"><\/div>\n<div>\n<figure id=\"attachment_259408\" aria-describedby=\"caption-attachment-259408\" style=\"width: 800px\" class=\"wp-caption alignnone\"><img decoding=\"async\" loading=\"lazy\" class=\"size-large wp-image-259408\" src=\"https:\/\/smago.de\/ws2\/wp-content\/uploads\/2026\/04\/D6A85-800x450.jpg\" alt=\"\" width=\"800\" height=\"450\" srcset=\"https:\/\/smago.de\/ws2\/wp-content\/uploads\/2026\/04\/D6A85-800x450.jpg 800w, https:\/\/smago.de\/ws2\/wp-content\/uploads\/2026\/04\/D6A85-522x294.jpg 522w, https:\/\/smago.de\/ws2\/wp-content\/uploads\/2026\/04\/D6A85-267x150.jpg 267w, https:\/\/smago.de\/ws2\/wp-content\/uploads\/2026\/04\/D6A85-768x432.jpg 768w, https:\/\/smago.de\/ws2\/wp-content\/uploads\/2026\/04\/D6A85-1536x864.jpg 1536w, https:\/\/smago.de\/ws2\/wp-content\/uploads\/2026\/04\/D6A85-392x221.jpg 392w, https:\/\/smago.de\/ws2\/wp-content\/uploads\/2026\/04\/D6A85-130x73.jpg 130w, https:\/\/smago.de\/ws2\/wp-content\/uploads\/2026\/04\/D6A85-791x445.jpg 791w, https:\/\/smago.de\/ws2\/wp-content\/uploads\/2026\/04\/D6A85-870x489.jpg 870w, https:\/\/smago.de\/ws2\/wp-content\/uploads\/2026\/04\/D6A85-292x164.jpg 292w, https:\/\/smago.de\/ws2\/wp-content\/uploads\/2026\/04\/D6A85-435x245.jpg 435w, https:\/\/smago.de\/ws2\/wp-content\/uploads\/2026\/04\/D6A85-895x503.jpg 895w, https:\/\/smago.de\/ws2\/wp-content\/uploads\/2026\/04\/D6A85.jpg 1760w\" sizes=\"(max-width: 800px) 100vw, 800px\" \/><figcaption id=\"caption-attachment-259408\" class=\"wp-caption-text\"><em>Die Top 11<\/em><\/p>\n<p><em>Foto-Credit: RTL<\/em><\/p>\n<p><em>Bitte beachten Sie auch <strong><a href=\"http:\/\/www.rtlplus.de\">RTL+<\/a><\/strong>!<\/em><\/figcaption><\/figure>\n<\/div>\n<div class=\"row\">\n<div class=\"col-md-12\" style=\"text-align: justify;\"><\/div>\n<\/div>\n","protected":false},"excerpt":{"rendered":"<p>Delijah beendet ihre Teilnahme aus pers\u00f6nlichen Gr\u00fcnden, Noemi und Tyrell r\u00fccken nach &#8230; \/\/ 20:15 Uhr &#8211; 00:00 Uhr!<\/p>\n","protected":false},"author":2,"featured_media":259408,"comment_status":"open","ping_status":"closed","sticky":false,"template":"","format":"standard","meta":{"_FSMCFIC_featured_image_caption":"","_FSMCFIC_featured_image_nocaption":"","_FSMCFIC_featured_image_hide":""},"categories":[26,29,128],"tags":[402],"acf":[],"_links":{"self":[{"href":"https:\/\/smago.de\/ws2\/wp-json\/wp\/v2\/posts\/259407"}],"collection":[{"href":"https:\/\/smago.de\/ws2\/wp-json\/wp\/v2\/posts"}],"about":[{"href":"https:\/\/smago.de\/ws2\/wp-json\/wp\/v2\/types\/post"}],"author":[{"embeddable":true,"href":"https:\/\/smago.de\/ws2\/wp-json\/wp\/v2\/users\/2"}],"replies":[{"embeddable":true,"href":"https:\/\/smago.de\/ws2\/wp-json\/wp\/v2\/comments?post=259407"}],"version-history":[{"count":4,"href":"https:\/\/smago.de\/ws2\/wp-json\/wp\/v2\/posts\/259407\/revisions"}],"predecessor-version":[{"id":259412,"href":"https:\/\/smago.de\/ws2\/wp-json\/wp\/v2\/posts\/259407\/revisions\/259412"}],"wp:featuredmedia":[{"embeddable":true,"href":"https:\/\/smago.de\/ws2\/wp-json\/wp\/v2\/media\/259408"}],"wp:attachment":[{"href":"https:\/\/smago.de\/ws2\/wp-json\/wp\/v2\/media?parent=259407"}],"wp:term":[{"taxonomy":"category","embeddable":true,"href":"https:\/\/smago.de\/ws2\/wp-json\/wp\/v2\/categories?post=259407"},{"taxonomy":"post_tag","embeddable":true,"href":"https:\/\/smago.de\/ws2\/wp-json\/wp\/v2\/tags?post=259407"}],"curies":[{"name":"wp","href":"https:\/\/api.w.org\/{rel}","templated":true}]}}