{"id":259403,"date":"2026-04-28T00:00:23","date_gmt":"2026-04-27T22:00:23","guid":{"rendered":"https:\/\/smago.de\/ws2\/?p=259403"},"modified":"2026-04-27T22:26:25","modified_gmt":"2026-04-27T20:26:25","slug":"heino-neues-buch-von-eberhard-kulla-wir-sehn-uns-wieder-am-oderstrand","status":"publish","type":"post","link":"https:\/\/smago.de\/ws2\/volksmusik\/heino-neues-buch-von-eberhard-kulla-wir-sehn-uns-wieder-am-oderstrand\/","title":{"rendered":"HEINO <br>Neues Buch von EBERHARD KULLA: &#8222;Wir sehn uns wieder am Oderstrand&#8220;!"},"content":{"rendered":"<p>&#8222;Was den S\u00e4nger Heino mit Frankfurt (Oder) verbindet&#8220; &#8230;:<br \/>\n<!--more--><\/p>\n<p>Was verbindet den S\u00e4nger HEINO mit Frankfurt (Oder)?<\/p>\n<p>Der Autor EBERHARD KULLA, selbst bekennender Heino-Fan, lebt seit fast 50 Jahren in der Oderstadt. Er schildert, was es bedeute in der DDR Heino-Fan zu sein und was passieren konnte, wenn man sich offen dazu bekannte.<\/p>\n<p>Der \u201eStaatsfeind\u201c Heino rief sogar die Stasi auf den Plan.<\/p>\n<p>Wir k\u00f6nnen lesen, was der Autor in der Wende- und Nachwendezeit in Frankfurt (Oder) erlebte. Wie er schlie\u00dflich seinen Lieblingss\u00e4nger Heino kennenlernte und daraus eine Freundschaft wurde.<\/p>\n<p>Und was Henry Maske und Axel Schulz mit dem S\u00e4nger verbindet.<\/p>\n<p>Mit einem Vorwort von Heino.<\/p>\n<p>&nbsp;<\/p>\n<p style=\"text-align: center;\">\n<p style=\"text-align: center;\">Eberhard Kulla<br \/>\n&#8222;Wir sehn uns wieder am Oderstrand&#8220;<br \/>\nTaschenbuch, 144 Seiten, epubli,<br \/>\nISBN: 978-3-565420-52-0<\/p>\n","protected":false},"excerpt":{"rendered":"<p>&#8222;Was den S\u00e4nger Heino mit Frankfurt (Oder) verbindet&#8220; &#8230;:<\/p>\n","protected":false},"author":2,"featured_media":259404,"comment_status":"open","ping_status":"closed","sticky":false,"template":"","format":"standard","meta":{"_FSMCFIC_featured_image_caption":"","_FSMCFIC_featured_image_nocaption":"","_FSMCFIC_featured_image_hide":""},"categories":[39,30],"tags":[3541,565],"acf":[],"_links":{"self":[{"href":"https:\/\/smago.de\/ws2\/wp-json\/wp\/v2\/posts\/259403"}],"collection":[{"href":"https:\/\/smago.de\/ws2\/wp-json\/wp\/v2\/posts"}],"about":[{"href":"https:\/\/smago.de\/ws2\/wp-json\/wp\/v2\/types\/post"}],"author":[{"embeddable":true,"href":"https:\/\/smago.de\/ws2\/wp-json\/wp\/v2\/users\/2"}],"replies":[{"embeddable":true,"href":"https:\/\/smago.de\/ws2\/wp-json\/wp\/v2\/comments?post=259403"}],"version-history":[{"count":1,"href":"https:\/\/smago.de\/ws2\/wp-json\/wp\/v2\/posts\/259403\/revisions"}],"predecessor-version":[{"id":259405,"href":"https:\/\/smago.de\/ws2\/wp-json\/wp\/v2\/posts\/259403\/revisions\/259405"}],"wp:featuredmedia":[{"embeddable":true,"href":"https:\/\/smago.de\/ws2\/wp-json\/wp\/v2\/media\/259404"}],"wp:attachment":[{"href":"https:\/\/smago.de\/ws2\/wp-json\/wp\/v2\/media?parent=259403"}],"wp:term":[{"taxonomy":"category","embeddable":true,"href":"https:\/\/smago.de\/ws2\/wp-json\/wp\/v2\/categories?post=259403"},{"taxonomy":"post_tag","embeddable":true,"href":"https:\/\/smago.de\/ws2\/wp-json\/wp\/v2\/tags?post=259403"}],"curies":[{"name":"wp","href":"https:\/\/api.w.org\/{rel}","templated":true}]}}