{"id":259398,"date":"2026-04-28T00:00:19","date_gmt":"2026-04-27T22:00:19","guid":{"rendered":"https:\/\/smago.de\/ws2\/?p=259398"},"modified":"2026-04-27T22:20:09","modified_gmt":"2026-04-27T20:20:09","slug":"anna-carina-woitschack-dreifach-erfolg-in-den-airplay-charts","status":"publish","type":"post","link":"https:\/\/smago.de\/ws2\/pop-schlager\/anna-carina-woitschack-dreifach-erfolg-in-den-airplay-charts\/","title":{"rendered":"ANNA-CARINA WOITSCHACK <br>&#8222;Dreifach-Erfolg&#8220; in den Airplay-Charts!"},"content":{"rendered":"<p style=\"text-align: justify;\">Mit \u201eDieses Gef\u00fchl\u201c bleibt sie auch in der 17. Chartwoche 2026 auf Platz 1 \u2013 starke Auftritte bei \u201eLet\u2019s Dance\u201c und in der \u201eGiovanni Zarrella Show\u201c untermauern ihren H\u00f6henflug!<!--more--><\/p>\n<p style=\"text-align: justify;\">ANNA-CARINA WOITSCHACK kann derzeit wahrlich nichts aufhalten: Zum dritten Mal in Folge steht die S\u00e4ngerin mit ihrer Single <span class=\"font-semibold\" data-streamdown=\"strong\">\u201eDieses Gef\u00fchl\u201c<\/span> an der Spitze der <span class=\"font-semibold\" data-streamdown=\"strong\">Airplay Charts Deutschland Konservativ Pop<\/span>, ermittelt von <span class=\"font-semibold\" data-streamdown=\"strong\">MusicTrace<\/span>. In der Chart-Woche 17\/2026 (Erhebungszeitraum 17. bis 23. April) verteidigte sie souver\u00e4n ihre Spitzenposition und best\u00e4tigt damit den aktuellen Lauf, den sie seit ihrem Wechsel zu Sony Music eingeschlagen hat.<\/p>\n<p style=\"text-align: justify;\">Der energiegeladene Titel, produziert von Alex Wende und gemastert von Andreas Balaskas, begeistert nicht nur Radioprogramme, sondern auch Fans im ganzen Land. Der Erfolg reiht sich nahtlos in die j\u00fcngsten Highlights der vielseitigen K\u00fcnstlerin ein: In der RTL-Show <span class=\"font-semibold\" data-streamdown=\"strong\">\u201eLet\u2019s Dance\u201c<\/span>tanzt sich Anna-Carina Woche f\u00fcr Woche in die Herzen des Publikums und \u00fcberzeugt mit Charme, Ehrgeiz und sp\u00fcrbarer Freude an der Herausforderung.<\/p>\n<p style=\"text-align: justify;\">Am Samstag, den <span class=\"font-semibold\" data-streamdown=\"strong\">25. April 2026<\/span>, zeigte sich die S\u00e4ngerin zudem in Bestform in der <span class=\"font-semibold\" data-streamdown=\"strong\">\u201eGiovanni Zarrella Show\u201c<\/span> im ZDF. Dort pr\u00e4sentierte sie ihren Hit live \u2013 ein weiterer Beweis daf\u00fcr, dass sich ihre musikalische und t\u00e4nzerische Leidenschaft derzeit auf einem absoluten H\u00f6hepunkt befindet.<\/p>\n<p style=\"text-align: justify;\">Mit dreifacher Chart-F\u00fchrung, starker B\u00fchnenpr\u00e4senz und begeisterten Zuschauerreaktionen beweist Anna-Carina Woitschack einmal mehr: 2026 ist <em>ihr<\/em> Jahr.<\/p>\n","protected":false},"excerpt":{"rendered":"<p>Mit \u201eDieses Gef\u00fchl\u201c bleibt sie auch in der 17. Chartwoche 2026 auf Platz 1 \u2013 starke Auftritte bei \u201eLet\u2019s Dance\u201c<\/p>\n","protected":false},"author":2,"featured_media":259399,"comment_status":"open","ping_status":"closed","sticky":false,"template":"","format":"standard","meta":{"_FSMCFIC_featured_image_caption":"","_FSMCFIC_featured_image_nocaption":"","_FSMCFIC_featured_image_hide":""},"categories":[28,39],"tags":[843],"acf":[],"_links":{"self":[{"href":"https:\/\/smago.de\/ws2\/wp-json\/wp\/v2\/posts\/259398"}],"collection":[{"href":"https:\/\/smago.de\/ws2\/wp-json\/wp\/v2\/posts"}],"about":[{"href":"https:\/\/smago.de\/ws2\/wp-json\/wp\/v2\/types\/post"}],"author":[{"embeddable":true,"href":"https:\/\/smago.de\/ws2\/wp-json\/wp\/v2\/users\/2"}],"replies":[{"embeddable":true,"href":"https:\/\/smago.de\/ws2\/wp-json\/wp\/v2\/comments?post=259398"}],"version-history":[{"count":3,"href":"https:\/\/smago.de\/ws2\/wp-json\/wp\/v2\/posts\/259398\/revisions"}],"predecessor-version":[{"id":259402,"href":"https:\/\/smago.de\/ws2\/wp-json\/wp\/v2\/posts\/259398\/revisions\/259402"}],"wp:featuredmedia":[{"embeddable":true,"href":"https:\/\/smago.de\/ws2\/wp-json\/wp\/v2\/media\/259399"}],"wp:attachment":[{"href":"https:\/\/smago.de\/ws2\/wp-json\/wp\/v2\/media?parent=259398"}],"wp:term":[{"taxonomy":"category","embeddable":true,"href":"https:\/\/smago.de\/ws2\/wp-json\/wp\/v2\/categories?post=259398"},{"taxonomy":"post_tag","embeddable":true,"href":"https:\/\/smago.de\/ws2\/wp-json\/wp\/v2\/tags?post=259398"}],"curies":[{"name":"wp","href":"https:\/\/api.w.org\/{rel}","templated":true}]}}