{"id":259360,"date":"2026-04-27T00:00:55","date_gmt":"2026-04-26T22:00:55","guid":{"rendered":"https:\/\/smago.de\/ws2\/?p=259360"},"modified":"2026-04-26T22:54:48","modified_gmt":"2026-04-26T20:54:48","slug":"thomas-anders-uschi-glas-alexander-klaws-u-a-70-jahre-bravo-das-grosse-jubilaeum-am-17-05-2026-rtl","status":"publish","type":"post","link":"https:\/\/smago.de\/ws2\/pop-schlager\/thomas-anders-uschi-glas-alexander-klaws-u-a-70-jahre-bravo-das-grosse-jubilaeum-am-17-05-2026-rtl\/","title":{"rendered":"THOMAS ANDERS, USCHI GLAS, ALEXANDER KLAWS u.a. <br>&#8222;70 Jahre BRAVO \u2013 Das gro\u00dfe Jubil\u00e4um&#8220; \u2013 am 17.05.2026, RTL!"},"content":{"rendered":"<p style=\"text-align: justify;\">Die offizielle Doku \/\/ 20:15 Uhr &#8211; 22:45 Uhr!<!--more--><\/p>\n<p style=\"text-align: justify;\">70 Jahre Stars, Sex und Skandale \u2013 und ein Magazin, das Generationen gepr\u00e4gt hat: RTL zeigt am 17. Mai um 20:15 Uhr mit \u201e70 Jahre BRAVO \u2013 Das gro\u00dfe Jubil\u00e4um\u201c die offizielle Dokumentation zum 70. Geburtstag von Deutschlands bekanntester Jugendzeitschrift \u2013 mit exklusivem Zugang zum Originalarchiv und zur Marke der Bauer Media Group.<\/p>\n<p style=\"text-align: justify;\">In 150 Minuten \u00f6ffnet RTL die Schatzkammern der BRAVO und zeigt originales, teils jahrzehntelang ungesehenes Material \u2013 von den Anf\u00e4ngen 1956 \u00fcber die Hochphase mit Millionenauflagen in den 90er- und 00er-Jahren bis heute. Kult-Rubriken wie Dr. Sommer, der Starschnitt, die Foto-Love-Story oder BRAVO TV treffen auf Boybands, Girlbands und die gr\u00f6\u00dften Popmomente ihrer Zeit.<\/p>\n<p style=\"text-align: justify;\">Die Stars von damals blicken heute zur\u00fcck auf ihre eigenen BRAVO-Cover, Poster und Schlagzeilen. Mit dabei sind unter anderem Jeanette Biedermann, Angelo Kelly, Oli P., Enie van de Meiklokjes, Alexander Klaws, Margit Tetz (Dr. Sommer), Smudo und Michi Beck (Die Fantastischen Vier), Uschi Glas, Eloy de Jong und Thomas Anders.<\/p>\n<p style=\"text-align: justify;\">Erstmals entsteht ein umfassender Blick auf 70 Jahre BRAVO \u2013 mit exklusivem Zugriff auf Archiv, Marke und Formate wie BRAVO Hits oder die BRAVO Super Show. Eine emotionale Zeitreise durch das Lebensgef\u00fchl Jugend \u2013 laut, bunt und unvergesslich. Die von DEF Media produzierte Doku l\u00e4uft am 17. Mai um 20:15 Uhr bei RTL und ist anschlie\u00dfend auf RTL+ verf\u00fcgbar.<\/p>\n<p>&nbsp;<\/p>\n<p>&nbsp;<\/p>\n<figure id=\"attachment_259362\" aria-describedby=\"caption-attachment-259362\" style=\"width: 800px\" class=\"wp-caption alignnone\"><img decoding=\"async\" loading=\"lazy\" class=\"size-large wp-image-259362\" src=\"https:\/\/smago.de\/ws2\/wp-content\/uploads\/2026\/04\/4C038-1-800x450.jpg\" alt=\"\" width=\"800\" height=\"450\" srcset=\"https:\/\/smago.de\/ws2\/wp-content\/uploads\/2026\/04\/4C038-1-800x450.jpg 800w, https:\/\/smago.de\/ws2\/wp-content\/uploads\/2026\/04\/4C038-1-522x294.jpg 522w, https:\/\/smago.de\/ws2\/wp-content\/uploads\/2026\/04\/4C038-1-267x150.jpg 267w, https:\/\/smago.de\/ws2\/wp-content\/uploads\/2026\/04\/4C038-1-768x432.jpg 768w, https:\/\/smago.de\/ws2\/wp-content\/uploads\/2026\/04\/4C038-1-1536x864.jpg 1536w, https:\/\/smago.de\/ws2\/wp-content\/uploads\/2026\/04\/4C038-1-2048x1152.jpg 2048w, https:\/\/smago.de\/ws2\/wp-content\/uploads\/2026\/04\/4C038-1-392x221.jpg 392w, https:\/\/smago.de\/ws2\/wp-content\/uploads\/2026\/04\/4C038-1-130x73.jpg 130w, https:\/\/smago.de\/ws2\/wp-content\/uploads\/2026\/04\/4C038-1-791x445.jpg 791w, https:\/\/smago.de\/ws2\/wp-content\/uploads\/2026\/04\/4C038-1-870x489.jpg 870w, https:\/\/smago.de\/ws2\/wp-content\/uploads\/2026\/04\/4C038-1-292x164.jpg 292w, https:\/\/smago.de\/ws2\/wp-content\/uploads\/2026\/04\/4C038-1-435x245.jpg 435w, https:\/\/smago.de\/ws2\/wp-content\/uploads\/2026\/04\/4C038-1-895x503.jpg 895w\" sizes=\"(max-width: 800px) 100vw, 800px\" \/><figcaption id=\"caption-attachment-259362\" class=\"wp-caption-text\"><em>Stars und Wegbegleiter reflektieren 70 Jahre BRAVO.<\/em><\/p>\n<p><em>Foto-Credit: RTL<\/em><\/p>\n<p><em>Bitte beachten Sie auch <strong><a href=\"http:\/\/www.rtlplus.de\">RTL+<\/a><\/strong>!<\/em><\/figcaption><\/figure>\n","protected":false},"excerpt":{"rendered":"<p>Die offizielle Doku \/\/ 20:15 Uhr &#8211; 22:45 Uhr!<\/p>\n","protected":false},"author":2,"featured_media":259362,"comment_status":"open","ping_status":"closed","sticky":false,"template":"","format":"standard","meta":{"_FSMCFIC_featured_image_caption":"","_FSMCFIC_featured_image_nocaption":"","_FSMCFIC_featured_image_hide":""},"categories":[28,29,128],"tags":[290,5116,48,330],"acf":[],"_links":{"self":[{"href":"https:\/\/smago.de\/ws2\/wp-json\/wp\/v2\/posts\/259360"}],"collection":[{"href":"https:\/\/smago.de\/ws2\/wp-json\/wp\/v2\/posts"}],"about":[{"href":"https:\/\/smago.de\/ws2\/wp-json\/wp\/v2\/types\/post"}],"author":[{"embeddable":true,"href":"https:\/\/smago.de\/ws2\/wp-json\/wp\/v2\/users\/2"}],"replies":[{"embeddable":true,"href":"https:\/\/smago.de\/ws2\/wp-json\/wp\/v2\/comments?post=259360"}],"version-history":[{"count":2,"href":"https:\/\/smago.de\/ws2\/wp-json\/wp\/v2\/posts\/259360\/revisions"}],"predecessor-version":[{"id":259364,"href":"https:\/\/smago.de\/ws2\/wp-json\/wp\/v2\/posts\/259360\/revisions\/259364"}],"wp:featuredmedia":[{"embeddable":true,"href":"https:\/\/smago.de\/ws2\/wp-json\/wp\/v2\/media\/259362"}],"wp:attachment":[{"href":"https:\/\/smago.de\/ws2\/wp-json\/wp\/v2\/media?parent=259360"}],"wp:term":[{"taxonomy":"category","embeddable":true,"href":"https:\/\/smago.de\/ws2\/wp-json\/wp\/v2\/categories?post=259360"},{"taxonomy":"post_tag","embeddable":true,"href":"https:\/\/smago.de\/ws2\/wp-json\/wp\/v2\/tags?post=259360"}],"curies":[{"name":"wp","href":"https:\/\/api.w.org\/{rel}","templated":true}]}}