{"id":259355,"date":"2026-04-27T00:00:46","date_gmt":"2026-04-26T22:00:46","guid":{"rendered":"https:\/\/smago.de\/ws2\/?p=259355"},"modified":"2026-04-26T22:50:45","modified_gmt":"2026-04-26T20:50:45","slug":"peggy-march-endlich-konnte-sie-sich-das-stueck-anschauen","status":"publish","type":"post","link":"https:\/\/smago.de\/ws2\/schlager\/peggy-march-endlich-konnte-sie-sich-das-stueck-anschauen\/","title":{"rendered":"PEGGY MARCH <br>Endlich konnte sie sich das St\u00fcck &#8220; ,    &#8220; anschauen!"},"content":{"rendered":"<p>&#8222;Big Peggy&#8220; zeigt sich begeistert! Auch MARIANNE ROSENBERG war in einer der Vorstellungen &#8230;:<!--more--><\/p>\n<p>&nbsp;<\/p>\n<p>&nbsp;<\/p>\n<p>&nbsp;<\/p>\n<p style=\"text-align: justify;\">\n<em>Hallo Ihr Lieben,<\/em><\/p>\n<p style=\"text-align: justify;\">\n<p style=\"text-align: justify;\"><em>ich hatte zwei tolle Tage in Berlin <\/em><\/p>\n<p style=\"text-align: justify;\"><em>Ich war in der \u211d \u211d \u211d\u2115\u2115, dort wird gerade das St\u00fcck  ,     gespielt.<\/em><\/p>\n<p style=\"text-align: justify;\"><em>Ich war so ger\u00fchrt . Ursli Pfister spielt \u00fcber sein Leben mit meiner Musik und wie sie ihn begleitet hat.<\/em><\/p>\n<p style=\"text-align: justify;\"><em>So eine tolle und ber\u00fchrende Show mit so viel Liebe umgesetzt. Ich bin so begeistert und w\u00fcrde es mir direkt noch einmal anschauen.<\/em><\/p>\n<p style=\"text-align: justify;\"><em>Auch meine Kost\u00fcme hat er umgesetzt. WOW <\/em><\/p>\n<p style=\"text-align: justify;\"><em>Dann war zuf\u00e4llig auch noch Marianne Rosenberg in der Show. Ich hab mich riesig gefreut sie nach so langer Zeit einmal wieder zu sehen.<\/em><\/p>\n<p style=\"text-align: justify;\"><em>Am n\u00e4chsten Tag haben mich die Geschwister Pfister noch zu sich zu einem Presse Fr\u00fchst\u00fcck eingeladen.<\/em><\/p>\n<p style=\"text-align: justify;\"><em>So zwei tolle Menschen . Christoph Marti aka Ursli hat tats\u00e4chlich all meine Platten zuhause. Viele davon besitze ich noch nicht einmal mehr <\/em><\/p>\n<p style=\"text-align: justify;\"><em>Danke lieber Christoph f\u00fcr eure Gastfreundschaft. Ich bin noch immer \u00fcberw\u00e4ltigt. Es hat mich sehr gefreut, dich\/ euch kennenzulernen.<\/em><\/p>\n<p style=\"text-align: justify;\"><em>Ich w\u00fcnsche euch weiterhin viel Erfolg und alles Liebe <\/em><\/p>\n<p style=\"text-align: justify;\"><em>Wenn ihr die M\u00f6glichkeit habt euch  ,     anzuschauen, macht es unbedingt.<\/em><br \/>\n<em>Es ist einfach ein wunderbarer Abend . Ich werde Euch die Termine nochmals posten, oder aber ihr schaut unter www.geschwister-pfister.de<\/em><\/p>\n<p style=\"text-align: justify;\"><em>Jetzt aber muss ich meinen Koffer packen. Ich fliege n\u00e4chste Woche nach Mallorca zur U 104 Reise.<\/em><\/p>\n<p style=\"text-align: justify;\"><em>(&#8230;)<\/em><\/p>\n<p style=\"text-align: justify;\"><em>Alles Liebe<\/em><\/p>\n<p style=\"text-align: justify;\">\n<em>Peggy<\/em><\/p>\n<p>&nbsp;<\/p>\n<p>&nbsp;<\/p>\n<figure id=\"attachment_259358\" aria-describedby=\"caption-attachment-259358\" style=\"width: 800px\" class=\"wp-caption alignnone\"><img decoding=\"async\" loading=\"lazy\" class=\"size-large wp-image-259358\" src=\"https:\/\/smago.de\/ws2\/wp-content\/uploads\/2026\/04\/march_rosenberg-1-800x800.jpeg\" alt=\"\" width=\"800\" height=\"800\" srcset=\"https:\/\/smago.de\/ws2\/wp-content\/uploads\/2026\/04\/march_rosenberg-1-800x800.jpeg 800w, https:\/\/smago.de\/ws2\/wp-content\/uploads\/2026\/04\/march_rosenberg-1-522x522.jpeg 522w, https:\/\/smago.de\/ws2\/wp-content\/uploads\/2026\/04\/march_rosenberg-1-150x150.jpeg 150w, https:\/\/smago.de\/ws2\/wp-content\/uploads\/2026\/04\/march_rosenberg-1-768x768.jpeg 768w, https:\/\/smago.de\/ws2\/wp-content\/uploads\/2026\/04\/march_rosenberg-1-272x272.jpeg 272w, https:\/\/smago.de\/ws2\/wp-content\/uploads\/2026\/04\/march_rosenberg-1-600x600.jpeg 600w, https:\/\/smago.de\/ws2\/wp-content\/uploads\/2026\/04\/march_rosenberg-1-130x130.jpeg 130w, https:\/\/smago.de\/ws2\/wp-content\/uploads\/2026\/04\/march_rosenberg-1-445x445.jpeg 445w, https:\/\/smago.de\/ws2\/wp-content\/uploads\/2026\/04\/march_rosenberg-1-190x190.jpeg 190w, https:\/\/smago.de\/ws2\/wp-content\/uploads\/2026\/04\/march_rosenberg-1-290x290.jpeg 290w, https:\/\/smago.de\/ws2\/wp-content\/uploads\/2026\/04\/march_rosenberg-1.jpeg 1536w\" sizes=\"(max-width: 800px) 100vw, 800px\" \/><figcaption id=\"caption-attachment-259358\" class=\"wp-caption-text\"><em>Peggy March mit Marianne Rosenberg<\/em><\/p>\n<p><em>Foto-Credit: <strong><a href=\"https:\/\/www.facebook.com\/PeggyMarchDeutschland\">Facebook-Seite von Peggy March<\/a><\/strong><\/em><\/figcaption><\/figure>\n","protected":false},"excerpt":{"rendered":"<p>&#8222;Big Peggy&#8220; zeigt sich begeistert! Auch MARIANNE ROSENBERG war in einer der Vorstellungen &#8230;:<\/p>\n","protected":false},"author":2,"featured_media":259356,"comment_status":"open","ping_status":"closed","sticky":false,"template":"","format":"standard","meta":{"_FSMCFIC_featured_image_caption":"","_FSMCFIC_featured_image_nocaption":"","_FSMCFIC_featured_image_hide":""},"categories":[29],"tags":[618],"acf":[],"_links":{"self":[{"href":"https:\/\/smago.de\/ws2\/wp-json\/wp\/v2\/posts\/259355"}],"collection":[{"href":"https:\/\/smago.de\/ws2\/wp-json\/wp\/v2\/posts"}],"about":[{"href":"https:\/\/smago.de\/ws2\/wp-json\/wp\/v2\/types\/post"}],"author":[{"embeddable":true,"href":"https:\/\/smago.de\/ws2\/wp-json\/wp\/v2\/users\/2"}],"replies":[{"embeddable":true,"href":"https:\/\/smago.de\/ws2\/wp-json\/wp\/v2\/comments?post=259355"}],"version-history":[{"count":1,"href":"https:\/\/smago.de\/ws2\/wp-json\/wp\/v2\/posts\/259355\/revisions"}],"predecessor-version":[{"id":259359,"href":"https:\/\/smago.de\/ws2\/wp-json\/wp\/v2\/posts\/259355\/revisions\/259359"}],"wp:featuredmedia":[{"embeddable":true,"href":"https:\/\/smago.de\/ws2\/wp-json\/wp\/v2\/media\/259356"}],"wp:attachment":[{"href":"https:\/\/smago.de\/ws2\/wp-json\/wp\/v2\/media?parent=259355"}],"wp:term":[{"taxonomy":"category","embeddable":true,"href":"https:\/\/smago.de\/ws2\/wp-json\/wp\/v2\/categories?post=259355"},{"taxonomy":"post_tag","embeddable":true,"href":"https:\/\/smago.de\/ws2\/wp-json\/wp\/v2\/tags?post=259355"}],"curies":[{"name":"wp","href":"https:\/\/api.w.org\/{rel}","templated":true}]}}