{"id":259334,"date":"2026-04-27T00:00:43","date_gmt":"2026-04-26T22:00:43","guid":{"rendered":"https:\/\/smago.de\/ws2\/?p=259334"},"modified":"2026-04-26T22:33:30","modified_gmt":"2026-04-26T20:33:30","slug":"sabine-elara-sarah-elaine-sie-haben-den-titel-wir-lachen-uns-einfach-die-sonne-herbei-von-stefanie-hertel-eberhard-hertel-gecovert","status":"publish","type":"post","link":"https:\/\/smago.de\/ws2\/schlager\/sabine-elara-sarah-elaine-sie-haben-den-titel-wir-lachen-uns-einfach-die-sonne-herbei-von-stefanie-hertel-eberhard-hertel-gecovert\/","title":{"rendered":"SABINE ELARA &#038; SARAH ELAINE <br>Sie haben den Titel \u201eWir lachen uns einfach die Sonne herbei\u201c von Stefanie Hertel &#038;  Eberhard Hertel gecovert &#8230;"},"content":{"rendered":"<p style=\"text-align: justify;\">&#8230; und verbreiten damit pure Lebensfreude!<!--more--><\/p>\n<p style=\"text-align: justify;\">\n<p style=\"text-align: justify;\">\nWenn Musik verbindet, entsteht etwas ganz Besonderes. Genau das beweisen SABINE ELARA &amp; SARAH ELAINE mit ihrer neuen Single \u201eWir lachen uns einfach die Sonne herbei\u201c, die am 24.04.2026 auf dem Label &#8222;Lieblingsschlager&#8220; von Denny Sch\u00f6nemann erscheint.<\/p>\n<p style=\"text-align: justify;\">Das sympathische Mutter-Tochter-Duo steht f\u00fcr ehrliche Emotionen, famili\u00e4re Verbundenheit und eine Ausstrahlung, die sofort ber\u00fchrt. Bereits mit ihrem vorherigen Titel \u201eEin bisschen Kind sind wir doch alle\u201c haben sie gezeigt, wie viel W\u00e4rme, Leichtigkeit und Herz in ihrer gemeinsamen Musik steckt.<\/p>\n<p style=\"text-align: justify;\">Mit \u201eWir lachen uns einfach die Sonne herbei\u201c kn\u00fcpfen Sabine Elara und Sarah Elaine genau daran an und setzen ein klares Zeichen f\u00fcr Optimismus, Frohsinn und Lebensfreude. Der neue Titel ist ein frischer, fr\u00f6hlicher Song zum Mittanzen und Mitmachen, der vom ersten Moment an gute Laune verspr\u00fcht und zum Mitsingen einl\u00e4dt.<\/p>\n<p style=\"text-align: justify;\">Musikalisch \u00fcberzeugt die Single mit einer modernen, lebendigen Produktion aus dem Hause W\u00f6rle Musicland, die dem Song seinen mitrei\u00dfenden Charakter verleiht. Leichte Melodien, positive Energie und die sp\u00fcrbare Harmonie zwischen Mutter und Tochter machen diesen Titel zu einem echten Wohlf\u00fchlsong.<\/p>\n<p style=\"text-align: justify;\">Sabine Elara und Sarah Elaine zeigen mit ihrer neuen Ver\u00f6ffentlichung, wie sch\u00f6n es ist, gemeinsam Musik zu leben und Freude zu teilen. \u201eWir lachen uns einfach die Sonne herbei\u201c ist mehr als nur ein Song \u2013 es ist eine musikalische Einladung, das Leben mit einem L\u00e4cheln zu feiern.<\/p>\n<p style=\"text-align: justify;\">\n","protected":false},"excerpt":{"rendered":"<p>&#8230; und verbreiten damit pure Lebensfreude!<\/p>\n","protected":false},"author":2,"featured_media":259335,"comment_status":"open","ping_status":"closed","sticky":false,"template":"","format":"standard","meta":{"_FSMCFIC_featured_image_caption":"","_FSMCFIC_featured_image_nocaption":"","_FSMCFIC_featured_image_hide":""},"categories":[29],"tags":[4463],"acf":[],"_links":{"self":[{"href":"https:\/\/smago.de\/ws2\/wp-json\/wp\/v2\/posts\/259334"}],"collection":[{"href":"https:\/\/smago.de\/ws2\/wp-json\/wp\/v2\/posts"}],"about":[{"href":"https:\/\/smago.de\/ws2\/wp-json\/wp\/v2\/types\/post"}],"author":[{"embeddable":true,"href":"https:\/\/smago.de\/ws2\/wp-json\/wp\/v2\/users\/2"}],"replies":[{"embeddable":true,"href":"https:\/\/smago.de\/ws2\/wp-json\/wp\/v2\/comments?post=259334"}],"version-history":[{"count":1,"href":"https:\/\/smago.de\/ws2\/wp-json\/wp\/v2\/posts\/259334\/revisions"}],"predecessor-version":[{"id":259336,"href":"https:\/\/smago.de\/ws2\/wp-json\/wp\/v2\/posts\/259334\/revisions\/259336"}],"wp:featuredmedia":[{"embeddable":true,"href":"https:\/\/smago.de\/ws2\/wp-json\/wp\/v2\/media\/259335"}],"wp:attachment":[{"href":"https:\/\/smago.de\/ws2\/wp-json\/wp\/v2\/media?parent=259334"}],"wp:term":[{"taxonomy":"category","embeddable":true,"href":"https:\/\/smago.de\/ws2\/wp-json\/wp\/v2\/categories?post=259334"},{"taxonomy":"post_tag","embeddable":true,"href":"https:\/\/smago.de\/ws2\/wp-json\/wp\/v2\/tags?post=259334"}],"curies":[{"name":"wp","href":"https:\/\/api.w.org\/{rel}","templated":true}]}}