{"id":259328,"date":"2026-04-27T00:02:05","date_gmt":"2026-04-26T22:02:05","guid":{"rendered":"https:\/\/smago.de\/ws2\/?p=259328"},"modified":"2026-04-27T00:57:15","modified_gmt":"2026-04-26T22:57:15","slug":"mark-medlock-smago-exklusiv-christian-geller-produziert-sein-comeback-album","status":"publish","type":"post","link":"https:\/\/smago.de\/ws2\/pop\/mark-medlock-smago-exklusiv-christian-geller-produziert-sein-comeback-album\/","title":{"rendered":"MARK MEDLOCK <br>smago! exklusiv: Christian Geller produziert sein Comeback-Album!"},"content":{"rendered":"<p style=\"text-align: justify;\">Markus Krampe ist es gelungen, Mark Medlock zur\u00fcckzuholen &#8230;:<!--more--><\/p>\n<p style=\"text-align: justify;\">Es ist DIE Sensation: Markus Krampe ist es gelungen, MARK MEDLOCK zur\u00fcckzuholen.<\/p>\n<p style=\"text-align: justify;\">Mark Medlock landete im Zeitraum von 2007 &#8211; 2011 nicht weniger als ZEHN Treffer in den Offiziellen Deutschen Single Charts. Zudem konnte er \u2013 im gleichen Zeitraum \u2013 SECHS Alben in den Top 100 Charts platzieren. F\u00fcnf davon schafften es sogar unter die Top 3.<\/p>\n<p style=\"text-align: justify;\">Am 30.04.2013 (!) gab er sein Abschiedskonzert auf Sylt.<\/p>\n<p><em>smago!<\/em> wei\u00df: Kein Geringerer als Christian Geller wird das Comeback-Album von Mark Medlock produzieren.<\/p>\n<p><strong>BEMERKENSWERT:<\/strong> Schlagerprofi Stephan Imming hatte auf seinem Portal www.schlagerprofis.de bereits am 02.02.2024 im Zusammenhang mit Mark Medlock gefragt: &#8222;Was geht da mit Christian Geller?&#8220;, wie <strong><a href=\"https:\/\/schlagerprofis.de\/mark-medlock-ist-wieder-da-was-geht-da-mit-christian-geller\/\">HIER<\/a><\/strong> nachzulesen ist &#8230; &#8230;<\/p>\n<p style=\"text-align: justify;\"><strong>Lesen Sie HIER zudem einen (Facebook-)Beitrag von Cornelia Reckert, der Muse von Mark Medlock &#8230;:<\/p>\n<p><\/strong><\/p>\n<p style=\"text-align: justify;\"><em>Ihr Lieben &#x2764;&#xfe0f;&#x2728;<\/em><\/p>\n<p style=\"text-align: justify;\"><em>ich sitze gerade mit Mark auf der Terrasse und wir h\u00f6ren seine neuen Songs &#x1f3b6;und ich kann euch gar nicht sagen, wie unglaublich sich das anf\u00fchlt &#x1f979;&#x1f3b6;<\/em><\/p>\n<p style=\"text-align: justify;\"><em>Wir sind beide so begeistert, so voller Emotionen und Freude &#x1f917;es ist einfach nur wow &#x1f4ab;<\/em><\/p>\n<p style=\"text-align: justify;\"><em>Ich freue mich so sehr, dass Mark mit seinem neuen Produzenten &#x1f92b;so gut zurechtkommt &#x1f90d;&#x1f64f;&#x1f3fc;<\/em><\/p>\n<p style=\"text-align: justify;\"><em>Es passt einfach alles, auf einer ganz besonderen Ebene &#x2728;<\/em><\/p>\n<p style=\"text-align: justify;\"><em>Und auch mit der Tourplanung von Markus Krampe l\u00e4uft es richtig sch\u00f6n, Mark ist total gl\u00fccklich damit &#x1f64f;<\/em><\/p>\n<p style=\"text-align: justify;\"><em>Das Management liegt weiterhin komplett in meinen H\u00e4nden und mir ist es so wichtig, dass Mark dieses Comeback genau so erleben kann, wie er es sich w\u00fcnscht &#x1f49b;und nach seinem Tempo &#x1faf6;&#x1f917;<\/em><\/p>\n<p style=\"text-align: justify;\"><em>Mit ganzem Herzen, mit Freiheit, mit seiner eigenen Stimme &#x1f3b6;einfach so, wie er ist &#x1faf6;<\/em><\/p>\n<p style=\"text-align: justify;\"><em>Und Leute\u2026 ich sag\u2019s euch ehrlich &#x1f62d;<\/em><\/p>\n<p style=\"text-align: justify;\"><em>Ihr k\u00f6nnt euch jetzt schon mal ein Paket Tempo Taschent\u00fccher bereitlegen &#x1f979;<\/em><\/p>\n<p style=\"text-align: justify;\"><em>Diese neue Musik ist einfach sensationell\u2026 wirklich\u2026 SENSATIONELL &#x1f4a5;&#x1f3b6;<\/em><\/p>\n<p style=\"text-align: justify;\"><em>Wir haben auch schon den ersten Videoschnitt von den zwei neuen Videos gesehen und ich sag euch nur eins &#x1f60d;Leute Leute &#x1faf6;freut euch &#x1f60d;&#x1f525;<\/em><\/p>\n<p style=\"text-align: justify;\"><em>Ich bin so aufgeregt, so voller Freude f\u00fcr Mark, ich kann es kaum in Worte fassen &#x1f4ab;<\/em><\/p>\n<p style=\"text-align: justify;\"><em>Es ist einfach ein ganz besonderer Moment &#x1f979;<\/em><\/p>\n<p style=\"text-align: justify;\"><em>Und der neue Produzent &#x1f929;ihr Lieben\u2026 in K\u00fcrze geben wir ihn bekannt &#x1f440;&#x2728;<\/em><\/p>\n<p style=\"text-align: justify;\"><em>Das wird eine kleine, aber feine Sensation &#x1f4a5;<\/em><\/p>\n<p style=\"text-align: justify;\"><em>Es ist jemand Neues, kein alter Produzent von Mark &#x1f609;aber jemand mit einem riesigen Namen in der Branche &#x1f31f;<\/em><\/p>\n<p style=\"text-align: justify;\"><em>Und das Sch\u00f6nste ist &#x1f609;Mark konnte alles genau so umsetzen, wie er es wollte &#x1f90d;<\/em><\/p>\n<p style=\"text-align: justify;\"><em>Jede Idee, jede \u00c4nderung alles wurde geh\u00f6rt und getragen<\/em><\/p>\n<p style=\"text-align: justify;\"><em>Er konnte einfach er selbst sein, ohne Einschr\u00e4nkungen, ohne Druck &#x1faf6;<\/em><\/p>\n<p style=\"text-align: justify;\"><em>Leute &#x1f970;das wird euch komplett umhauen &#x1f4a5;<\/em><\/p>\n<p style=\"text-align: justify;\"><em>Ich bin ehrlich, ich bin fix und fertig vor Gl\u00fcck &#x1f62d;&#x2728;<\/em><\/p>\n<p style=\"text-align: justify;\"><em>Ich musste das jetzt einfach mit euch teilen, weil ich gerade so voller Freude bin &#x2764;&#xfe0f;<\/em><\/p>\n<p style=\"text-align: justify;\"><em>Freut euch drauf\u2026 es wird wundersch\u00f6n &#x1f979;&#x1f3b6;&#x2728;<\/em><\/p>\n<p style=\"text-align: justify;\">WER der neue Produzent ist, das haben Sie \u2013 <em>smago!<\/em> sei Dank \u2013 ja jetzt bereits erfahren &#8230;<\/p>\n<figure id=\"attachment_259331\" aria-describedby=\"caption-attachment-259331\" style=\"width: 640px\" class=\"wp-caption alignnone\"><img decoding=\"async\" loading=\"lazy\" class=\"size-large wp-image-259331\" src=\"https:\/\/smago.de\/ws2\/wp-content\/uploads\/2026\/04\/medlock_krampe2-640x800.jpeg\" alt=\"\" width=\"640\" height=\"800\" srcset=\"https:\/\/smago.de\/ws2\/wp-content\/uploads\/2026\/04\/medlock_krampe2-640x800.jpeg 640w, https:\/\/smago.de\/ws2\/wp-content\/uploads\/2026\/04\/medlock_krampe2-417x522.jpeg 417w, https:\/\/smago.de\/ws2\/wp-content\/uploads\/2026\/04\/medlock_krampe2-120x150.jpeg 120w, https:\/\/smago.de\/ws2\/wp-content\/uploads\/2026\/04\/medlock_krampe2-768x961.jpeg 768w, https:\/\/smago.de\/ws2\/wp-content\/uploads\/2026\/04\/medlock_krampe2-1228x1536.jpeg 1228w, https:\/\/smago.de\/ws2\/wp-content\/uploads\/2026\/04\/medlock_krampe2-217x272.jpeg 217w, https:\/\/smago.de\/ws2\/wp-content\/uploads\/2026\/04\/medlock_krampe2-480x600.jpeg 480w, https:\/\/smago.de\/ws2\/wp-content\/uploads\/2026\/04\/medlock_krampe2-104x130.jpeg 104w, https:\/\/smago.de\/ws2\/wp-content\/uploads\/2026\/04\/medlock_krampe2-356x445.jpeg 356w, https:\/\/smago.de\/ws2\/wp-content\/uploads\/2026\/04\/medlock_krampe2-152x190.jpeg 152w, https:\/\/smago.de\/ws2\/wp-content\/uploads\/2026\/04\/medlock_krampe2-232x290.jpeg 232w, https:\/\/smago.de\/ws2\/wp-content\/uploads\/2026\/04\/medlock_krampe2.jpeg 1440w\" sizes=\"(max-width: 640px) 100vw, 640px\" \/><figcaption id=\"caption-attachment-259331\" class=\"wp-caption-text\"><em>Foto-Credit: <strong><a href=\"https:\/\/www.facebook.com\/markus.krampe.5\">Facebook-Seite von Markus Krampe<\/a><\/strong><\/em><\/figcaption><\/figure>\n","protected":false},"excerpt":{"rendered":"<p>Markus Krampe ist es gelungen, Mark Medlock zur\u00fcckzuholen &#8230;:<\/p>\n","protected":false},"author":2,"featured_media":259330,"comment_status":"open","ping_status":"closed","sticky":false,"template":"","format":"standard","meta":{"_FSMCFIC_featured_image_caption":"","_FSMCFIC_featured_image_nocaption":"","_FSMCFIC_featured_image_hide":""},"categories":[27,39],"tags":[273,5115,1410],"acf":[],"_links":{"self":[{"href":"https:\/\/smago.de\/ws2\/wp-json\/wp\/v2\/posts\/259328"}],"collection":[{"href":"https:\/\/smago.de\/ws2\/wp-json\/wp\/v2\/posts"}],"about":[{"href":"https:\/\/smago.de\/ws2\/wp-json\/wp\/v2\/types\/post"}],"author":[{"embeddable":true,"href":"https:\/\/smago.de\/ws2\/wp-json\/wp\/v2\/users\/2"}],"replies":[{"embeddable":true,"href":"https:\/\/smago.de\/ws2\/wp-json\/wp\/v2\/comments?post=259328"}],"version-history":[{"count":5,"href":"https:\/\/smago.de\/ws2\/wp-json\/wp\/v2\/posts\/259328\/revisions"}],"predecessor-version":[{"id":259377,"href":"https:\/\/smago.de\/ws2\/wp-json\/wp\/v2\/posts\/259328\/revisions\/259377"}],"wp:featuredmedia":[{"embeddable":true,"href":"https:\/\/smago.de\/ws2\/wp-json\/wp\/v2\/media\/259330"}],"wp:attachment":[{"href":"https:\/\/smago.de\/ws2\/wp-json\/wp\/v2\/media?parent=259328"}],"wp:term":[{"taxonomy":"category","embeddable":true,"href":"https:\/\/smago.de\/ws2\/wp-json\/wp\/v2\/categories?post=259328"},{"taxonomy":"post_tag","embeddable":true,"href":"https:\/\/smago.de\/ws2\/wp-json\/wp\/v2\/tags?post=259328"}],"curies":[{"name":"wp","href":"https:\/\/api.w.org\/{rel}","templated":true}]}}