{"id":259306,"date":"2026-04-27T00:00:16","date_gmt":"2026-04-26T22:00:16","guid":{"rendered":"https:\/\/smago.de\/ws2\/?p=259306"},"modified":"2026-04-25T13:24:18","modified_gmt":"2026-04-25T11:24:18","slug":"severino-absolut-ueberragend-sein-neuer-song-mein-leben-lang","status":"publish","type":"post","link":"https:\/\/smago.de\/ws2\/pop-schlager\/severino-absolut-ueberragend-sein-neuer-song-mein-leben-lang\/","title":{"rendered":"SEVERINO <br>Absolut \u00fcberragend: sein neuer Song &#8222;Mein Leben lang&#8220;!"},"content":{"rendered":"<p style=\"text-align: justify;\">10 Jahre nach dem Triumph: Severino Seeger l\u00e4utet mit \u201eMein Leben lang\u201c seine pers\u00f6nlichste \u00c4ra ein!<!--more--><\/p>\n<p>Severino Seeger ist ein Name, den man in der deutschen Musiklandschaft kennt. Ein Jahrzehnt ist es her, dass er die B\u00fchne von Deutschland sucht den Superstar als Sieger verlie\u00df und das Publikum mit seiner au\u00dfergew\u00f6hnlichen Stimme in seinen Bann zog.<\/p>\n<p>Doch 2026 markiert einen Wendepunkt: Mit 39 Jahren ist SEVERINOnicht mehr nur der K\u00fcnstler, den man aus dem Fernsehen kennt \u2013 er ist ein Musiker, der angekommen ist.<\/p>\n<p>Schon lange sehnte sich Severino nach einem Projekt, in dem er alle Konventionen hinter sich lassen kann. Sein kommendes Album \u201eAus meiner Seele\u201c ist das Ergebnis dieses tiefen Wunsches: ein Werk, in dem er seiner Kreativit\u00e4t freien Lauf l\u00e4sst und die Musik genau so schreibt und singt, wie er sie f\u00fchlt.<\/p>\n<p>Es ist ein Befreiungsschlag und zugleich eine Heimkehr zu sich selbst.<\/p>\n<p>Mit der ersten Singleauskopplung \u201eMein Leben lang\u201c gibt Severino nun den Startschuss. Der Song ist weit mehr als nur eine Pop-Nummer \u2013 er ist ein Versprechen. Schon in den ersten Takten wird deutlich, warum Severino zu den profiliertesten Stimmen Deutschlands z\u00e4hlt. Der tiefe Soul, die technische Brillanz und die sp\u00fcrbare Liebe zu jeder einzelnen Note machen den Titel zu einem echten G\u00e4nsehaut-Moment.<\/p>\n<p>\u201eMein Leben lang\u201c l\u00e4sst erahnen, welche musikalische Tiefe das kommende Album bereith\u00e4lt. Ein Vorgeschmack auf eine Klangwelt, die Herz und Verstand gleicherma\u00dfen ber\u00fchrt.<\/p>\n<p>Abseits der Casting-Welt hat sich Severino \u00fcber die Jahre als etablierter Live-K\u00fcnstler und feste Gr\u00f6\u00dfe entwickelt. Mit 39 Jahren steht er heute auf einem neuen H\u00f6hepunkt seines Schaffens. Die Reife in seiner Stimme und die Ehrlichkeit in seinen Texten zeigen: 2026 wird sein Jahr.<\/p>\n<p>Kaum ein anderer K\u00fcnstler in Deutschland verbindet Soul und Leidenschaft so authentisch wie er. Mit seinem neuen Album zeigt Severino Seeger, wer er wirklich ist und dass das Beste erst noch kommt.<\/p>\n","protected":false},"excerpt":{"rendered":"<p>10 Jahre nach dem Triumph: Severino Seeger l\u00e4utet mit \u201eMein Leben lang\u201c seine pers\u00f6nlichste \u00c4ra ein!<\/p>\n","protected":false},"author":2,"featured_media":259307,"comment_status":"open","ping_status":"closed","sticky":false,"template":"","format":"standard","meta":{"_FSMCFIC_featured_image_caption":"","_FSMCFIC_featured_image_nocaption":"","_FSMCFIC_featured_image_hide":""},"categories":[28,39],"tags":[2440],"acf":[],"_links":{"self":[{"href":"https:\/\/smago.de\/ws2\/wp-json\/wp\/v2\/posts\/259306"}],"collection":[{"href":"https:\/\/smago.de\/ws2\/wp-json\/wp\/v2\/posts"}],"about":[{"href":"https:\/\/smago.de\/ws2\/wp-json\/wp\/v2\/types\/post"}],"author":[{"embeddable":true,"href":"https:\/\/smago.de\/ws2\/wp-json\/wp\/v2\/users\/2"}],"replies":[{"embeddable":true,"href":"https:\/\/smago.de\/ws2\/wp-json\/wp\/v2\/comments?post=259306"}],"version-history":[{"count":1,"href":"https:\/\/smago.de\/ws2\/wp-json\/wp\/v2\/posts\/259306\/revisions"}],"predecessor-version":[{"id":259308,"href":"https:\/\/smago.de\/ws2\/wp-json\/wp\/v2\/posts\/259306\/revisions\/259308"}],"wp:featuredmedia":[{"embeddable":true,"href":"https:\/\/smago.de\/ws2\/wp-json\/wp\/v2\/media\/259307"}],"wp:attachment":[{"href":"https:\/\/smago.de\/ws2\/wp-json\/wp\/v2\/media?parent=259306"}],"wp:term":[{"taxonomy":"category","embeddable":true,"href":"https:\/\/smago.de\/ws2\/wp-json\/wp\/v2\/categories?post=259306"},{"taxonomy":"post_tag","embeddable":true,"href":"https:\/\/smago.de\/ws2\/wp-json\/wp\/v2\/tags?post=259306"}],"curies":[{"name":"wp","href":"https:\/\/api.w.org\/{rel}","templated":true}]}}