{"id":259301,"date":"2026-04-26T00:00:14","date_gmt":"2026-04-25T22:00:14","guid":{"rendered":"https:\/\/smago.de\/ws2\/?p=259301"},"modified":"2026-04-25T13:20:09","modified_gmt":"2026-04-25T11:20:09","slug":"martina-bist-du-deppert-der-ultimative-party-sound-fuer-oktoberfest-und-alle-volksfeste","status":"publish","type":"post","link":"https:\/\/smago.de\/ws2\/pop-schlager\/martina-bist-du-deppert-der-ultimative-party-sound-fuer-oktoberfest-und-alle-volksfeste\/","title":{"rendered":"MARTINA <br>&#8222;Bist du deppert&#8220; \u2013 der ultimative Party-Sound f\u00fcr Oktoberfest und alle Volksfeste!"},"content":{"rendered":"<p>Dieser Rock-Schlager ist wie gemacht f\u00fcr volle B\u00e4nke, schunkelnde Menschenmengen und eskalierende Tanzfl\u00e4chen!<br \/>\n<!--more--><\/p>\n<p>&nbsp;<\/p>\n<p style=\"text-align: justify;\">\n<p style=\"text-align: justify;\">MARTINA ist eine bayerische Singer\/Songwriterin, die moderne Schlager mit ihrem authentischen Dialekt verbindet. Sie bringt frischen Wind in die Szene und steht f\u00fcr ehrliche, lebensnahe Songs mit hohem Wiedererkennungswert.<\/p>\n<p style=\"text-align: justify;\">Ihr aktueller Song \u201eBist du deppert\u201c ist der ultimative Party-Sound f\u00fcr Oktoberfest und alle Volksfeste. Der Song verbindet eing\u00e4ngigen Mitsing-Refrain, moderne Party-Produktion und echte Festzelt-Energie \u2013 gemacht f\u00fcr volle B\u00e4nke, schunkelnde Menschenmengen und eskalierende Tanzfl\u00e4chen. Ziel ist es, sowohl traditionelle Festzelt-Stimmung als auch zeitgem\u00e4\u00dfen Party-Sound zusammenzubringen \u2013 laut, direkt und absolut festival-tauglich.<\/p>\n<p style=\"text-align: justify;\">Starke Unterst\u00fctzung kommt vom Label Herz7, das den Release aktiv im R\u00fccken st\u00e4rkt.<\/p>\n<p style=\"text-align: justify;\">Im Bereich Social Media bringt Martina bereits eine Reichweite von \u00fcber 80.000 Followern auf Instagram, Facebook und TikTok mit \u2013 ideale Voraussetzungen f\u00fcr organische Viralit\u00e4t und starke Fan-Interaktion.<\/p>\n<p style=\"text-align: justify;\">Die Ver\u00f6ffentlichung erfolgt am 01.05.2026.<\/p>\n","protected":false},"excerpt":{"rendered":"<p>Dieser Rock-Schlager ist wie gemacht f\u00fcr volle B\u00e4nke, schunkelnde Menschenmengen und eskalierende Tanzfl\u00e4chen!<\/p>\n","protected":false},"author":2,"featured_media":259303,"comment_status":"open","ping_status":"closed","sticky":false,"template":"","format":"standard","meta":{"_FSMCFIC_featured_image_caption":"","_FSMCFIC_featured_image_nocaption":"","_FSMCFIC_featured_image_hide":""},"categories":[28],"tags":[4589],"acf":[],"_links":{"self":[{"href":"https:\/\/smago.de\/ws2\/wp-json\/wp\/v2\/posts\/259301"}],"collection":[{"href":"https:\/\/smago.de\/ws2\/wp-json\/wp\/v2\/posts"}],"about":[{"href":"https:\/\/smago.de\/ws2\/wp-json\/wp\/v2\/types\/post"}],"author":[{"embeddable":true,"href":"https:\/\/smago.de\/ws2\/wp-json\/wp\/v2\/users\/2"}],"replies":[{"embeddable":true,"href":"https:\/\/smago.de\/ws2\/wp-json\/wp\/v2\/comments?post=259301"}],"version-history":[{"count":2,"href":"https:\/\/smago.de\/ws2\/wp-json\/wp\/v2\/posts\/259301\/revisions"}],"predecessor-version":[{"id":259305,"href":"https:\/\/smago.de\/ws2\/wp-json\/wp\/v2\/posts\/259301\/revisions\/259305"}],"wp:featuredmedia":[{"embeddable":true,"href":"https:\/\/smago.de\/ws2\/wp-json\/wp\/v2\/media\/259303"}],"wp:attachment":[{"href":"https:\/\/smago.de\/ws2\/wp-json\/wp\/v2\/media?parent=259301"}],"wp:term":[{"taxonomy":"category","embeddable":true,"href":"https:\/\/smago.de\/ws2\/wp-json\/wp\/v2\/categories?post=259301"},{"taxonomy":"post_tag","embeddable":true,"href":"https:\/\/smago.de\/ws2\/wp-json\/wp\/v2\/tags?post=259301"}],"curies":[{"name":"wp","href":"https:\/\/api.w.org\/{rel}","templated":true}]}}