{"id":259297,"date":"2026-04-25T23:59:14","date_gmt":"2026-04-25T21:59:14","guid":{"rendered":"https:\/\/smago.de\/ws2\/?p=259297"},"modified":"2026-04-25T13:15:02","modified_gmt":"2026-04-25T11:15:02","slug":"pierre-andre-der-sommer-bleibt-fuer-immer-ist-sich-pierre-andre-sicher","status":"publish","type":"post","link":"https:\/\/smago.de\/ws2\/pop-schlager\/pierre-andre-der-sommer-bleibt-fuer-immer-ist-sich-pierre-andre-sicher\/","title":{"rendered":"PIERR\u00c9 ANDR\u00c9 <br>\u201eDer Sommer bleibt f\u00fcr immer\u201c, ist sich Pierr\u00e9 Andr\u00e9 sicher!"},"content":{"rendered":"<p style=\"text-align: justify;\">Der \u2013 von Rod Berry produzierte \u2013 Titel erz\u00e4hlt von der besonderen Atmosph\u00e4re eines Urlaubs &#8230;:<br \/>\n<!--more--><\/p>\n<p style=\"text-align: justify;\">Mit seiner neuen Single \u201eDer Sommer bleibt f\u00fcr immer\u201c pr\u00e4sentiert PIERR\u00c9 ANDR\u00c9 einen modernen, tanzbaren Song, der das Lebensgef\u00fchl eines unvergesslichen Sommers einf\u00e4ngt.<\/p>\n<p style=\"text-align: justify;\">Der Titel erz\u00e4hlt von der besonderen Atmosph\u00e4re eines Urlaubs: von Freiheit, Leichtigkeit und der Magie eines Sommers, in dem alles m\u00f6glich scheint. Zwischen Sonne, Meer und langen N\u00e4chten entstehen Begegnungen, die intensiver wirken als der Alltag selbst. Zwei Menschen, die sich vielleicht erst seit wenigen Stunden kennen, teilen Momente, die sich wie eine kleine Ewigkeit anf\u00fchlen.<\/p>\n<p style=\"text-align: justify;\">\u201eDer Sommer bleibt f\u00fcr immer\u201c verbindet eing\u00e4ngige Melodien mit einem zeitgem\u00e4\u00dfen Sound und l\u00e4dt zum Tanzen und Tr\u00e4umen zugleich ein.<\/p>\n<p style=\"text-align: justify;\">Die Single erscheint im April und markiert f\u00fcr Pierr\u00e9 Andr\u00e9 zugleich einen neuen musikalischen Abschnitt.<br \/>\nGemeinsam mit seinem Produzenten Rod Berry blickt er voller Vorfreude auf eine spannende musikalische Zukunft.<\/p>\n","protected":false},"excerpt":{"rendered":"<p>Der \u2013 von Rod Berry produzierte \u2013 Titel erz\u00e4hlt von der besonderen Atmosph\u00e4re eines Urlaubs &#8230;:<\/p>\n","protected":false},"author":2,"featured_media":259298,"comment_status":"open","ping_status":"closed","sticky":false,"template":"","format":"standard","meta":{"_FSMCFIC_featured_image_caption":"","_FSMCFIC_featured_image_nocaption":"","_FSMCFIC_featured_image_hide":""},"categories":[28],"tags":[5114],"acf":[],"_links":{"self":[{"href":"https:\/\/smago.de\/ws2\/wp-json\/wp\/v2\/posts\/259297"}],"collection":[{"href":"https:\/\/smago.de\/ws2\/wp-json\/wp\/v2\/posts"}],"about":[{"href":"https:\/\/smago.de\/ws2\/wp-json\/wp\/v2\/types\/post"}],"author":[{"embeddable":true,"href":"https:\/\/smago.de\/ws2\/wp-json\/wp\/v2\/users\/2"}],"replies":[{"embeddable":true,"href":"https:\/\/smago.de\/ws2\/wp-json\/wp\/v2\/comments?post=259297"}],"version-history":[{"count":2,"href":"https:\/\/smago.de\/ws2\/wp-json\/wp\/v2\/posts\/259297\/revisions"}],"predecessor-version":[{"id":259300,"href":"https:\/\/smago.de\/ws2\/wp-json\/wp\/v2\/posts\/259297\/revisions\/259300"}],"wp:featuredmedia":[{"embeddable":true,"href":"https:\/\/smago.de\/ws2\/wp-json\/wp\/v2\/media\/259298"}],"wp:attachment":[{"href":"https:\/\/smago.de\/ws2\/wp-json\/wp\/v2\/media?parent=259297"}],"wp:term":[{"taxonomy":"category","embeddable":true,"href":"https:\/\/smago.de\/ws2\/wp-json\/wp\/v2\/categories?post=259297"},{"taxonomy":"post_tag","embeddable":true,"href":"https:\/\/smago.de\/ws2\/wp-json\/wp\/v2\/tags?post=259297"}],"curies":[{"name":"wp","href":"https:\/\/api.w.org\/{rel}","templated":true}]}}