{"id":259294,"date":"2026-04-26T00:00:16","date_gmt":"2026-04-25T22:00:16","guid":{"rendered":"https:\/\/smago.de\/ws2\/?p=259294"},"modified":"2026-04-25T13:11:33","modified_gmt":"2026-04-25T11:11:33","slug":"andreas-frei-mit-dem-song-ikonen-meldet-er-sich-zum-01-05-2026-zurueck","status":"publish","type":"post","link":"https:\/\/smago.de\/ws2\/pop-schlager\/andreas-frei-mit-dem-song-ikonen-meldet-er-sich-zum-01-05-2026-zurueck\/","title":{"rendered":"ANDREAS FREI <br>Mit dem Song &#8222;Ikonen&#8220; meldet er sich zum 01.05.2026 zur\u00fcck!"},"content":{"rendered":"<p style=\"text-align: justify;\">Hinter Andreas Frei steht kein Unbekannter &#8230;:<br \/>\n<!--more--><\/p>\n<p style=\"text-align: justify;\">\n<div id=\"LayoutContainer\" class=\"layout-container\">\n<div>\n<div id=\"main\" class=\"MainPage\">\n<div class=\"TextLayerIP\">\n<div class=\"text-layer-background\">\n<div class=\"Sizer NoButton text-layer-wrapper\">\n<div class=\"text-layer-container\">\n<div class=\"Text\" style=\"text-align: justify;\">Mit seiner neuen Single \u201eIkonen\u201c meldet sich ANDREAS FREI eindrucksvoll im modernen Pop-Schlager zur\u00fcck \u2013 kraftvoll, emotional und aktueller denn je. Der Song erscheint passend zum Sportjahr 2026 und liefert eine klare Botschaft: Zusammenhalt, Mut und der unersch\u00fctterliche Glaube an sich selbst machen uns zu Ikonen.<\/p>\n<p>Hinter Andreas Frei steht kein Unbekannter: Bereits 2016 ver\u00f6ffentlichte er unter dem Namen Traumbild (Andi Wiener) ein Album und machte mit seiner Single \u201eDaf\u00fcr lieb ich dich\u201c auf sich aufmerksam. Der Titel konnte sich sowohl in Deutschland als auch in der Schweiz in den Charts platzieren und legte den Grundstein f\u00fcr seine musikalische Laufbahn.<\/p>\n<p>Mit seinem neuen K\u00fcnstlernamen schl\u00e4gt Andreas Frei nun ein neues Kapitel auf \u2013 moderner, direkter und mit klarem Fokus auf eing\u00e4ngigen, zeitgem\u00e4\u00dfen Pop-Schlager.<\/p>\n<p>Seine neue Single \u201eIKONEN\u201c erz\u00e4hlt von all den Momenten, die uns pr\u00e4gen: vom Scheitern, vom Wiederaufstehen und vom gemeinsamen Durchhalten. Der Song trifft den Nerv einer Zeit, in der Zusammenhalt und Zuversicht wichtiger sind denn je.<\/p>\n<p>\u201eWir stolpern und fallen \u2013 und manchmal tut\u2019s weh\u201c \u2013 bereits die ersten Zeilen machen deutlich, worum es geht: Das Leben ist nicht perfekt, aber genau darin liegt die St\u00e4rke. Der Refrain entwickelt sich zu einer kraftvollen Hymne:<\/p>\n<p><strong><\/p>\n<p>\u201eWir sind Ikonen \u2013 jeder Schritt wird sich lohnen\u201c<\/strong><\/p>\n<p>Mit treibendem Sound, modernen Pop-Elementen und einer starken Botschaft hat \u201eIkonen\u201c das Potenzial, sich als emotionaler Begleiter durch das Jahr 2026 zu etablieren \u2013 nicht nur im Schlagerbereich, sondern auch dar\u00fcber hinaus.<\/p>\n<p>Andreas Frei steht f\u00fcr authentische Geschichten, eing\u00e4ngige Melodien und Songs, die Menschen verbinden. Mit \u201eIkonen\u201c setzt er ein klares Statement: Jeder kann \u00fcber sich hinauswachsen \u2013 und gemeinsam werden wir st\u00e4rker.<\/p><\/div>\n<\/div>\n<\/div>\n<\/div>\n<\/div>\n<\/div>\n<\/div>\n<\/div>\n","protected":false},"excerpt":{"rendered":"<p>Hinter Andreas Frei steht kein Unbekannter &#8230;:<\/p>\n","protected":false},"author":2,"featured_media":259295,"comment_status":"open","ping_status":"closed","sticky":false,"template":"","format":"standard","meta":{"_FSMCFIC_featured_image_caption":"","_FSMCFIC_featured_image_nocaption":"","_FSMCFIC_featured_image_hide":""},"categories":[28],"tags":[5113],"acf":[],"_links":{"self":[{"href":"https:\/\/smago.de\/ws2\/wp-json\/wp\/v2\/posts\/259294"}],"collection":[{"href":"https:\/\/smago.de\/ws2\/wp-json\/wp\/v2\/posts"}],"about":[{"href":"https:\/\/smago.de\/ws2\/wp-json\/wp\/v2\/types\/post"}],"author":[{"embeddable":true,"href":"https:\/\/smago.de\/ws2\/wp-json\/wp\/v2\/users\/2"}],"replies":[{"embeddable":true,"href":"https:\/\/smago.de\/ws2\/wp-json\/wp\/v2\/comments?post=259294"}],"version-history":[{"count":1,"href":"https:\/\/smago.de\/ws2\/wp-json\/wp\/v2\/posts\/259294\/revisions"}],"predecessor-version":[{"id":259296,"href":"https:\/\/smago.de\/ws2\/wp-json\/wp\/v2\/posts\/259294\/revisions\/259296"}],"wp:featuredmedia":[{"embeddable":true,"href":"https:\/\/smago.de\/ws2\/wp-json\/wp\/v2\/media\/259295"}],"wp:attachment":[{"href":"https:\/\/smago.de\/ws2\/wp-json\/wp\/v2\/media?parent=259294"}],"wp:term":[{"taxonomy":"category","embeddable":true,"href":"https:\/\/smago.de\/ws2\/wp-json\/wp\/v2\/categories?post=259294"},{"taxonomy":"post_tag","embeddable":true,"href":"https:\/\/smago.de\/ws2\/wp-json\/wp\/v2\/tags?post=259294"}],"curies":[{"name":"wp","href":"https:\/\/api.w.org\/{rel}","templated":true}]}}