{"id":257433,"date":"2026-03-17T09:14:07","date_gmt":"2026-03-17T08:14:07","guid":{"rendered":"https:\/\/smago.de\/ws2\/?p=257433"},"modified":"2026-03-17T09:14:07","modified_gmt":"2026-03-17T08:14:07","slug":"beatrice-egli-nik-p-semino-rossi-u-a-bunte-starnacht-tickets-im-osternest","status":"publish","type":"post","link":"https:\/\/smago.de\/ws2\/pop-schlager\/beatrice-egli-nik-p-semino-rossi-u-a-bunte-starnacht-tickets-im-osternest\/","title":{"rendered":"BEATRICE EGLI, NIK P., SEMINO ROSSI u.a. <br>Bunte STARnacht-Tickets im Osternest!"},"content":{"rendered":"<p>Die STARnacht-Saison 2026 startet Ende Mai! Die ersten Acts stehen fest:<!--more--><\/p>\n<p style=\"text-align: justify;\">\n<p>&nbsp;<\/p>\n<p style=\"text-align: justify;\">\n<p style=\"font-weight: 400; text-align: justify;\">\nDas Osterfest steht vor der T\u00fcre und die Suche nach einem freudespendenden Geschenk hat begonnen. Wie w\u00e4re es denn mit einem Ticket f\u00fcr eine der glamour\u00f6sen STARn\u00e4chte?<\/p>\n<p>Am 29.05. + 30.05.2026 wird das STARnacht-Jahr 2026 auf der Seeb\u00fchne M\u00f6rbisch offiziell er\u00f6ffnet. \u00d6sterreichs ESC-Kandidat <strong>Cosm\u00f3<\/strong> hat nun neben seinem \u201eTanzschein\u201c auch ein Stage-Ticket f\u00fcr die <strong>STARnacht am Neusiedler See<\/strong> in der Tasche. \u00dcber dieses freut sich auch <strong>Caro Fux<\/strong>. Die geb\u00fcrtige Steirerin sorgte f\u00fcr die Sensation bei der diesj\u00e4hrigen Amadeus Award-Gala: Mit ihrem Song \u201eAff im Kopf\u201c holte sich die S\u00e4ngerin den Titel \u201eSongwriterin des Jahres 2026\u201c. Schlagersuperstar <strong>Nik P. <\/strong>ist am Neusiedler See ebenso mit dabei wie die deutsche Chartst\u00fcrmerin <strong>Loi<\/strong> und der f\u00fcnffache Amadeus-Award-Gewinner\u00a0<strong>Julian Le Play<\/strong>, der derzeit durch \u00d6sterreich mit seinem Programm \u201eUnplugged\u201c tourt.<\/p>\n<p style=\"font-weight: 400; text-align: justify;\">Ein glanzvolles Programm ist auch bei der <strong>STARnacht am W\u00f6rthersee <\/strong>am 10. und 11. Juli in der Klagenfurter Ostbucht garantiert. <strong>Al Bano<\/strong> verl\u00e4sst f\u00fcr ein paar Tage sein Weingut in Cellino San Marco, um in K\u00e4rnten dabei zu sein. Dort wird der italienische Superstar die Schweizer Schlagerqueen <strong>Beatrice Egli<\/strong> und Schlager-Gentleman <strong>Semino Rossi <\/strong>treffen.<\/p>\n<p style=\"font-weight: 400; text-align: justify;\">Das Wochenende, 18. und 19. September, ist in der kleinen Ortschaft Rossatzbach f\u00fcr das glanzvollste Musikereignis des Jahres reserviert. Bei der<strong> STARnacht aus der Wachau<\/strong> h\u00e4lt der Graf <strong>Unheilig<\/strong> Hof. Die legend\u00e4re deutsche Band hat gerade das Album \u201eLiebe Glaube Monster\u201c auf die Welt gebracht \u2013 Highlights daraus werden im Herbst in der Wachau f\u00fcr Begeisterung sorgen. <strong>Thorsteinn Einarsson<\/strong> landete mit seinem Fu\u00dfball-Song\u00a0\u201eAllez\u201c einen Volltreffer. In Rossatzbach ist der stimmgewaltige Isl\u00e4nder fix aufgestellt. Genauso wie <strong>Lucas Fendrich<\/strong>, der in der Wachau seine STARnacht-Premiere feiern wird.<\/p>\n<p style=\"text-align: justify;\">\n<p style=\"text-align: justify;\">\n<p style=\"text-align: justify;\">\n<p style=\"font-weight: 400; text-align: justify;\"><strong>Tickets und Informationen<\/strong><\/p>\n<p style=\"text-align: justify;\">\n<p style=\"text-align: justify;\">\n<p style=\"font-weight: 400; text-align: justify;\">Tickets sind erh\u00e4ltlich unter <a href=\"http:\/\/www.starnacht.tv\/\">www.starnacht.tv<\/a> und allen <em>oeticket Vorverkaufsstellen<\/em>.<\/p>\n<p style=\"text-align: justify;\">\n<p style=\"font-weight: 400; text-align: justify;\">Weitere Informationen: <a href=\"http:\/\/www.starnacht.tv\/\">www.starnacht.tv<\/a><\/p>\n<p style=\"font-weight: 400;\">\n","protected":false},"excerpt":{"rendered":"<p>Die STARnacht-Saison 2026 startet Ende Mai! Die ersten Acts stehen fest:<\/p>\n","protected":false},"author":2,"featured_media":257434,"comment_status":"open","ping_status":"closed","sticky":false,"template":"","format":"standard","meta":{"_FSMCFIC_featured_image_caption":"","_FSMCFIC_featured_image_nocaption":"","_FSMCFIC_featured_image_hide":""},"categories":[28,29,39,128],"tags":[106],"acf":[],"_links":{"self":[{"href":"https:\/\/smago.de\/ws2\/wp-json\/wp\/v2\/posts\/257433"}],"collection":[{"href":"https:\/\/smago.de\/ws2\/wp-json\/wp\/v2\/posts"}],"about":[{"href":"https:\/\/smago.de\/ws2\/wp-json\/wp\/v2\/types\/post"}],"author":[{"embeddable":true,"href":"https:\/\/smago.de\/ws2\/wp-json\/wp\/v2\/users\/2"}],"replies":[{"embeddable":true,"href":"https:\/\/smago.de\/ws2\/wp-json\/wp\/v2\/comments?post=257433"}],"version-history":[{"count":1,"href":"https:\/\/smago.de\/ws2\/wp-json\/wp\/v2\/posts\/257433\/revisions"}],"predecessor-version":[{"id":257435,"href":"https:\/\/smago.de\/ws2\/wp-json\/wp\/v2\/posts\/257433\/revisions\/257435"}],"wp:featuredmedia":[{"embeddable":true,"href":"https:\/\/smago.de\/ws2\/wp-json\/wp\/v2\/media\/257434"}],"wp:attachment":[{"href":"https:\/\/smago.de\/ws2\/wp-json\/wp\/v2\/media?parent=257433"}],"wp:term":[{"taxonomy":"category","embeddable":true,"href":"https:\/\/smago.de\/ws2\/wp-json\/wp\/v2\/categories?post=257433"},{"taxonomy":"post_tag","embeddable":true,"href":"https:\/\/smago.de\/ws2\/wp-json\/wp\/v2\/tags?post=257433"}],"curies":[{"name":"wp","href":"https:\/\/api.w.org\/{rel}","templated":true}]}}