{"id":257389,"date":"2026-03-16T00:02:07","date_gmt":"2026-03-15T23:02:07","guid":{"rendered":"https:\/\/smago.de\/ws2\/?p=257389"},"modified":"2026-03-16T19:13:40","modified_gmt":"2026-03-16T18:13:40","slug":"heino-smago-bei-der-exklusiven-premiere-der-doku-heino-karamba-karacho-kult-in-kitzbuehel","status":"publish","type":"post","link":"https:\/\/smago.de\/ws2\/volksmusik\/heino-smago-bei-der-exklusiven-premiere-der-doku-heino-karamba-karacho-kult-in-kitzbuehel\/","title":{"rendered":"HEINO <br>smago! bei der exklusiven Premiere der Doku &#8222;HEINO \u2013 Karamba! Karacho! Kult!&#8220; in Kitzb\u00fchel!"},"content":{"rendered":"<p style=\"text-align: justify;\">Die gro\u00dfe Sause stieg am Freitag (13.03.2026) im Filmtheater Kitzb\u00fchel!<!--more--><\/p>\n<p>&nbsp;<\/p>\n<p>&nbsp;<\/p>\n<p>&nbsp;<\/p>\n<p style=\"text-align: justify;\">Am Freitag, den 13.03.2026 fand im Filmtheater Kitzb\u00fchel die exklusive Dokuserien-Premiere &#8222;HEINO \u2013 Karamba, Karacho, Kult!&#8220; statt. &#8222;Eine Hommage an Heino, wie es sie noch nie gab!&#8220; Gezeigt wurden die Folgen 1 + 2 der insgesamt 4-teilen Doku-Reihe.<\/p>\n<p style=\"text-align: justify;\">Heinos Manager Helmut Werner hatte sich wieder einmal nicht lumpen lassen. Und so pr\u00e4sentierte er ein Top-Staraufgebot auf dem Roten Teppich.<\/p>\n<p style=\"text-align: justify;\">Unter den G\u00e4sten befanden sich \u2013 neben Helmut Werners Ehefrau Nicole Werner \u2013 u. a. Sven Kaesling, Produzent der Heino-Dokuserie, Comedian Oliver Pocher, Entertainer Roberto Blanco, Kathi Nehammer (Frau des Bundeskanzlers der Republik \u00d6sterreich a.D.), &#8222;Der Titan&#8220; Peter Orloff, Bianca (Herlinde Grobe) mit ihrer Tochter Sandra, &#8222;Wildecker Herzbube&#8220; Wolfgang Schwalm, Marianne &amp; Michael, Margot Hellwig, Franz Lambert, Prinz Fr\u00e9d\u00e9ric von Anhalt, Designerin Sarah Kern, Micaela Sch\u00e4fer, Claudia Obert, Verena Kerth, Julian F. M. Stoeckel, Modedesigner Werner Baldessarini, Anita Hegerland, Unternehmer Wilhelm Beier, Unternehmerin Ingrid Flick, Alexandra Swarovski (Unternehmerin) und Michael Swarovski (Unternehmer), Greg Bannis (S\u00e4nger &#8222;Hot Chocolate&#8220;), Otto Retzer (Schauspieler und Regisseur), Skifahrerin Katharina Gutensohn, Star-Geiger Linus Roth, die &#8222;Stanglwirt&#8220; Promi-Wirte Balthasar &amp; Magdalena Hauser, Promi Wirtin Rosi Schipflinger (&#8222;Rosis Sonnbergstubn&#8220;), Top-Gastronom Hermann Egger (u. a. Hohenhaus Tenne in Schladming), Bestseller-Autor Gerald Groscz, Social Media-Star Simon Both (&#8222;Streichbruder&#8220;), die Sportmanager Marcus H\u00f6fl &amp; Marion Popp, Signe Reisch (Hoteldirektorin &#8222;Rasmushof Kitzb\u00fchel&#8220;) sowie \u2013 als internationaler Top-Stargast \u2013 Brigitte Nielsen.<\/p>\n<p style=\"text-align: justify;\">Bevor die exklusive Vorf\u00fchrung begann, sprachen Helmut Werner, Heino und Benedict Bartsch noch ein paar einleitende Worte, die <em>smago!<\/em> Ihnen hier exklusiv pr\u00e4sentiert.<\/p>\n<p style=\"text-align: justify;\">&#8222;Meine Damen und Herren, liebe Freunde, liebe Presse,<\/p>\n<p style=\"text-align: justify;\">es freut uns \u2013 Heino und mich \u2013 mich ganz besonders, dass Ihr unserer Einladung gefolgt seid.<\/p>\n<p style=\"text-align: justify;\">Die Leute sind teilweise aus Malaga angereist, aus London, &#8230; \u00fcberall her, auch aus Malta. Roberto Blanca hat heute noch eine Sendung gehabt ((&#8218;Volle Kanne \u2013 Service t\u00e4glich&#8216;)) und ist \u00fcber acht Stunden f\u00fcr uns gefahren, weil die Lufthansa gestreikt hat.<\/p>\n<p style=\"text-align: justify;\">Was erleben wir heute? \u2013 Heute erleben wir ein Monument, was einem K\u00fcnstler gewidmet und &#8218;gebaut&#8216; worden ist \u2013 und das noch zu Lebzeiten. Weil: Die meisten, denen eine solche Ehre zuteil wird, sind dann nicht mehr da. Aber der Heino ist jetzt 87 und steht noch voll im Saft, meine Damen und Herren.<\/p>\n<p style=\"text-align: justify;\">Wir werden gleich noch erfahren, wie lange alles gedauert hat, bis diese Dokumentation fertig war. Es waren spannende Situationen. F\u00fcr uns auch. Wir haben so viel kennengelernt, was wir selbst noch nicht wussten, weil so viel aufgearbeitet worden ist. Ich denke, dass der Film Heino gerecht wird.&#8220;<\/p>\n<p style=\"text-align: justify;\">\u00dcber Benedict Bartsch sagte er:\u00a0&#8222;Er ist 21 Jahre alt. Er ist praktisch jetzt mein Junior-Partner in der Firma. Er wird jetzt schauen, dass er in die Firma bei uns reinw\u00e4chst. Er ist ein Riesentalent. Ich habe ihn kennengelernt, als er 16 Jahre alt war. Da war er Jugendreporter bei einem regionalen Fernsehsender in Dresden, hat sich dann \u2013 mit 20 Jahren \u2013 zum Programmchef hochgearbeitet. Dann gab es einen Wechsel in der Gesch\u00e4ftsf\u00fchrung. Und es war &#8218;langweilig&#8216;. Da habe ich gesagt: &#8218;Komm zu uns, mach Social Media&#8216;. Und alles, was Ihr dann auch gesehen habt auf den sozialen Netzwerken, dass Heino teilweise millionenfach geklickt wird, das macht alles er, und er hat auch circa 50 Prozent der Doku mit produziert, selbst gedreht \u2013 und das mit 21 Jahren.&#8220;<\/p>\n<p style=\"text-align: justify;\">\u00dcber sich selbst berichtete Werner: &#8222;Ich war damals Concierge im &#8222;Stanglwirt&#8220;. Und Hauser, Ihr habt was gemacht aus mir \u2013 oder?<br \/>\nAlles, was mit Menschlichkeit, G\u00e4stebetreuung oder individueller Betreuung zu tun hat, das habe ich alles bei dir gelernt.&#8220; Mit diesen Worten bedankte er sich bei &#8222;Stanglwirt&#8220; Chef Balthasar Hauser und bei seiner Frau Magdalena Hauser.<\/p>\n<p style=\"text-align: justify;\">Selbstverst\u00e4ndlich kam auch Heino selbst zu Wort: <em>&#8222;Vielen herzlichen Dank, meine Damen und Herren, dass Sie unserer Einladung gefolgt sind. Ich kann mich erinnern, als ich in den 60er Jahren anfing, Volkslieder zu singen, da hat man mich ausgelacht, zum Teil beschimpft. Und die Beatles waren auf dem H\u00f6hepunkt ihrer Karriere. Ich war bei der gleichen Schallplattenfirma wie die Beatles. Und was soll ich Ihnen sagen? \u2013 Beatles sind heute Geschichte, und Heino singt immer noch.&#8220;<\/em><\/p>\n<p style=\"text-align: justify;\"><em>Ohne Sie w\u00fcrde ich hier nicht stehen und w\u00fcrde ich, Sie haben mich so bekannt gemacht, und das freut mich nat\u00fcrlich. Ich bin noch fit, und ich werde immer gefragt: &#8218;Heino, wie lange willst du denn noch singen?&#8216; \u2013 Ja, ich muss sagen, bis 104 Jahre haben wir einen Vertrag. <\/em><em>Der liebe Gott wird mich schon anst\u00e4ndig behandeln, dass ich noch ein paar Jahre zu singen habe.&#8220;\u00a0<\/em><\/p>\n<p style=\"text-align: justify;\">Helmut Werner erg\u00e4nzte sinngem\u00e4\u00df: &#8222;Wenn Heino 104 ist, reden wir dann auch \u00fcber die Vertragsverl\u00e4ngerung, die wir dann f\u00fcr die weiteren Jahre besprechen.&#8220;<\/p>\n<p style=\"text-align: justify;\">Jetzt \u00fcbernahm Benedict Bartsch das Zepter: &#8222;Bevor ich ein paar Worte zur Dokumentation sage \u2013 wir haben noch ein paar Fakten\u00a0 vorbereitet, weil das wirklich wahnsinnige Fakten sind \u2013 gibt es tats\u00e4chlich noch eine \u00dcberraschung f\u00fcr euch, von der ihr aktuell noch nichts wisst. Und zwar waren wir ja beim Papst, wir drei tats\u00e4chlich, also Heino war nat\u00fcrlich beim Papst, wurde zur Privataudienz geladen,\u00a0 und wir durften uns dranh\u00e4ngen. Helmut hat ja den Brief an den Vatikan geschrieben. Das war ein Riesending. Wir haben dem Papst eine goldene Schallplatte mitgebracht f\u00fcr Heinos Kirchenlieder-Album &#8218;Frieden auf Ewigkeit&#8216;, das Gold bekommen hat. Der Papst hat eine goldene Schallplatte als Gastgeschenk von Heino \u00fcberreicht bekommen. Da stand auch sein Name drauf, Papst Leo XIV., als Hoffnungstr\u00e4ger deklariert. Nur EURE goldene Schallplatten f\u00fcr dieses Kirchenlieder-Album, die fehlt noch. Und so holte er Marcus Krajic und Andreas Payer von MCP auf die B\u00fchne. Andreas Payer, zudem der Programmchef von &#8222;Melodie TV&#8220;, sagte: &#8222;Heute feiern wir nicht nur die Premiere Deiner Dokumentation, wir feiern auch einen ganz besonderen musikalischen Erfolg. Viele K\u00fcnstler erleben EINEN H\u00f6hepunkt in ihrer Karriere, dann wird es wieder ruhiger. Und DANN gibt es noch Legenden. Heino geh\u00f6rt zu den K\u00fcnstlern weltweit, die Generationen ber\u00fchren, \u00fcberraschen und begeistern. Und deren Stimme heute noch genauso unverwechselbar klingt wie vor Jahrzehnten. Und das ist gewaltig. Wie wir geh\u00f6rt haben, hast du dem heiligen Vater, dem Papst im Vatikan, ein Gastgeschenk \u00fcberreichen d\u00fcrfen. Wir haben heute ein Geschenk f\u00fcr Euch mitgebracht, und dazu muss ich sagen: In einer Zeit, in der physische CDs immer seltener werden, hast du wieder etwas geschafft, das nur die Wenigsten erreichen. Dein Album &#8218;Frieden auf Ewigkeit&#8216; hat Gold-Status erreicht, und deshalb ist es mir eine gro\u00dfe Freude und besonders auch eine Ehre, dir heute eine goldene Schaltplatte f\u00fcr dein aktuelles Album &#8218;Frieden auf Ewigkeit&#8220; \u00fcberreichen zu d\u00fcrfen. Und wir haben eine zweite goldene Schallplatte mitgebracht. Denn: So ein Erfolg entsteht nicht nur auf der B\u00fchne, sondern auch hinter den Kulissen. Und Erfolg braucht gro\u00dfartige Menschen, Menschen im Hintergrund, die mit Leidenschaft, mit Weitblick und dem richtigen Sp\u00fcr f\u00fcrs Publikum arbeiten. Und genau eine solche Pers\u00f6nlichkeit steht heute auf der B\u00fchne neben mir.<br \/>\nHelmut Werner. Helmut, wer Dich kennt, der wei\u00df, was Du anf\u00e4ngst, das machst Du mit voller \u00dcberzeugung. Und f\u00fcr Deinen Einsatz, f\u00fcr Deine Arbeit, f\u00fcr Dein Engagement und Deinen Beitrag zu dem Riesenerfolg von dem Album und von der Tournee, m\u00f6chten wir Dir auch eine goldene Schallplatte \u00fcberreichen. Herzliche Gratulation.&#8220;<\/p>\n<p style=\"text-align: justify;\">Helmut Werner kommentierte die \u00dcbergabe herrlich s\u00fcffisant: &#8222;Also, ich muss ganz ehrlich sagen, vielen Dank. Wir haben mit viel gerechnet, aber Gott sei Dank kriegen wir hier ja die Goldene. Ich habe schon gedacht, da kommt nie irgendwas.Der Papst hat jetzt im apostolischen Palast h\u00e4ngen, und bei uns in Kitzb\u00fchl h\u00e4ngt nichts dergleichen. Dass so etwas in der heutigen Zeit m\u00f6glich ist, das k\u00f6nnen wir nat\u00fcrlich auch nur mit unseren Fans, die auch zahlreich angereist und teilweise 930 Kilometer gefahren sind, um heute hier dabei sein zu k\u00f6nnen, teilen. Denn: Ohne Fans w\u00e4ren wir alle nicht hier. Das ist ja ein Publikumspreis, kein Beliebtheits-Preis. Sondern einer, der echt ist \u2013 von Leuten, die das sch\u00e4tzen, f\u00fcr das wir Tag und Tag arbeiten. Vielen Dank.&#8220;<\/p>\n<p style=\"text-align: justify;\">Jetzt war Benedict Bartsch an der Reihe, der einige interessante Fakten \u00fcber die Dokumentation pr\u00e4sentierte: &#8222;100.000 Bilder aus Heinos und Helmut Werners Privatarchiv wurden gesichtet, sortiert und digitalisiert Das ist eine ganze Menge Arbeit. Und Sie werden sehen, es hat sich gelohnt. Au\u00dferdem wurden 54 Stunden Video-Rohmaterial verarbeitet. Man kann sich vorstellen, dass das eine ganze Weile, bis sowas geschnitten ist, n\u00e4mlich 700 Stunden. Und daraus sind nun vier Folgen entstanden, vier 45-min\u00fctige Folgen. Es ist eine wirkliche Hommage an eine lebende Legende.&#8220;<\/p>\n<p style=\"text-align: justify;\">Im Anschluss wurden noch einige Gl\u00fcckw\u00fcnsche per Video-Gru\u00dfbotschaft eingespielt, darunter auch eine von Otto Waalkes: &#8222;Heute Abend geht es um einen K\u00fcnstler, den man schon an der Silberstimme erkennt, bevor man die Sonnenbrille sieht. Seit Jahrzehnten h\u00e4lt Heino verl\u00e4sslich Kurs. Keine\u00a0 modischen Verrenkungen, kein unn\u00f6tiger L\u00e4rm, daf\u00fcr Lieder mit Wiedererkennungswert. Und eine Pr\u00e4senz, die man nicht lange erkl\u00e4ren muss. Die Dokumentation &#8218;HEINO \u2013 Karamba! Karacho! Kult!&#8216; zeigt den Weg eines Mannes, der Trends freundlich vorbeiziehen lie\u00df und \u2013 einfach weitergesungen hat. Seine Refrains kennen oft mehr Menschen, als die eigene Telefonnummer.<br \/>\nDas ist, norddeutsch gesagt, keine gro\u00dfe Aufgeregtheit, sondern solide Kulturbest\u00e4ndigkeit. (Oh, das klingt gut &#8230;) Und wenn heute jemand leise mit summt, das gilt nicht als St\u00f6rung, sondern als Beweisf\u00fchrung. In diesem Sinne: zur\u00fccklehnen, schauen, erinnern \u2013 und einen angenehmen Kinoabend!&#8220;.<\/p>\n<p style=\"text-align: justify;\"><strong>BITTE BEACHTEN SIE:<\/strong> Die erste Folge ist bereits auf RTL+ verf\u00fcgbar. Ab 24.03.2026 stehen auch die Folgen 2 &#8211; 4 zum Abruf bereit.<\/p>\n<p style=\"text-align: justify;\">Im Fernsehen bei VOX laufen die Folgen 1 + 2 sowie 3 + 4 am 31.03.2026 (1 + 2) + 07.04.2026 (3 + 4), jeweils um 20:15 Uhr.<\/p>\n<figure id=\"attachment_256270\" aria-describedby=\"caption-attachment-256270\" style=\"width: 800px\" class=\"wp-caption alignnone\"><img decoding=\"async\" loading=\"lazy\" class=\"size-large wp-image-256270\" src=\"https:\/\/smago.de\/ws2\/wp-content\/uploads\/2026\/02\/CDC51-800x450.jpg\" alt=\"\" width=\"800\" height=\"450\" srcset=\"https:\/\/smago.de\/ws2\/wp-content\/uploads\/2026\/02\/CDC51-800x450.jpg 800w, https:\/\/smago.de\/ws2\/wp-content\/uploads\/2026\/02\/CDC51-522x294.jpg 522w, https:\/\/smago.de\/ws2\/wp-content\/uploads\/2026\/02\/CDC51-267x150.jpg 267w, https:\/\/smago.de\/ws2\/wp-content\/uploads\/2026\/02\/CDC51-768x432.jpg 768w, https:\/\/smago.de\/ws2\/wp-content\/uploads\/2026\/02\/CDC51-1536x864.jpg 1536w, https:\/\/smago.de\/ws2\/wp-content\/uploads\/2026\/02\/CDC51-2048x1152.jpg 2048w, https:\/\/smago.de\/ws2\/wp-content\/uploads\/2026\/02\/CDC51-392x221.jpg 392w, https:\/\/smago.de\/ws2\/wp-content\/uploads\/2026\/02\/CDC51-130x73.jpg 130w, https:\/\/smago.de\/ws2\/wp-content\/uploads\/2026\/02\/CDC51-791x445.jpg 791w, https:\/\/smago.de\/ws2\/wp-content\/uploads\/2026\/02\/CDC51-870x489.jpg 870w, https:\/\/smago.de\/ws2\/wp-content\/uploads\/2026\/02\/CDC51-292x164.jpg 292w, https:\/\/smago.de\/ws2\/wp-content\/uploads\/2026\/02\/CDC51-435x245.jpg 435w, https:\/\/smago.de\/ws2\/wp-content\/uploads\/2026\/02\/CDC51-895x503.jpg 895w\" sizes=\"(max-width: 800px) 100vw, 800px\" \/><figcaption id=\"caption-attachment-256270\" class=\"wp-caption-text\"><em>Heino<\/em><\/p>\n<p><em>Foto-Credit. RTL<\/em><\/p>\n<p><em>Bitte beachten Sie auch <strong><a href=\"http:\/\/www.rtlplus.de\">RTL+<\/a><\/strong>!<\/em><\/figcaption><\/figure>\n","protected":false},"excerpt":{"rendered":"<p>Die gro\u00dfe Sause stieg am Freitag (13.03.2026) im Filmtheater Kitzb\u00fchel!<\/p>\n","protected":false},"author":2,"featured_media":256270,"comment_status":"open","ping_status":"closed","sticky":false,"template":"","format":"standard","meta":{"_FSMCFIC_featured_image_caption":"","_FSMCFIC_featured_image_nocaption":"","_FSMCFIC_featured_image_hide":""},"categories":[39,30],"tags":[565],"acf":[],"_links":{"self":[{"href":"https:\/\/smago.de\/ws2\/wp-json\/wp\/v2\/posts\/257389"}],"collection":[{"href":"https:\/\/smago.de\/ws2\/wp-json\/wp\/v2\/posts"}],"about":[{"href":"https:\/\/smago.de\/ws2\/wp-json\/wp\/v2\/types\/post"}],"author":[{"embeddable":true,"href":"https:\/\/smago.de\/ws2\/wp-json\/wp\/v2\/users\/2"}],"replies":[{"embeddable":true,"href":"https:\/\/smago.de\/ws2\/wp-json\/wp\/v2\/comments?post=257389"}],"version-history":[{"count":6,"href":"https:\/\/smago.de\/ws2\/wp-json\/wp\/v2\/posts\/257389\/revisions"}],"predecessor-version":[{"id":257395,"href":"https:\/\/smago.de\/ws2\/wp-json\/wp\/v2\/posts\/257389\/revisions\/257395"}],"wp:featuredmedia":[{"embeddable":true,"href":"https:\/\/smago.de\/ws2\/wp-json\/wp\/v2\/media\/256270"}],"wp:attachment":[{"href":"https:\/\/smago.de\/ws2\/wp-json\/wp\/v2\/media?parent=257389"}],"wp:term":[{"taxonomy":"category","embeddable":true,"href":"https:\/\/smago.de\/ws2\/wp-json\/wp\/v2\/categories?post=257389"},{"taxonomy":"post_tag","embeddable":true,"href":"https:\/\/smago.de\/ws2\/wp-json\/wp\/v2\/tags?post=257389"}],"curies":[{"name":"wp","href":"https:\/\/api.w.org\/{rel}","templated":true}]}}