{"id":257384,"date":"2026-03-16T00:02:18","date_gmt":"2026-03-15T23:02:18","guid":{"rendered":"https:\/\/smago.de\/ws2\/?p=257384"},"modified":"2026-03-17T12:00:50","modified_gmt":"2026-03-17T11:00:50","slug":"frank-schoebel-smago-bei-der-release-party-seiner-neuen-cd-spiel-des-lebens-im-neu-helgoland-in-berlin","status":"publish","type":"post","link":"https:\/\/smago.de\/ws2\/ost-schlager\/frank-schoebel-smago-bei-der-release-party-seiner-neuen-cd-spiel-des-lebens-im-neu-helgoland-in-berlin\/","title":{"rendered":"FRANK SCH\u00d6BEL <br>smago! bei der &#8222;Release-Party&#8220; seiner neuen CD &#8222;Spiel des Lebens&#8220; im Neu-Helgoland in Berlin!"},"content":{"rendered":"<p style=\"text-align: justify;\">Zwischen den Songs redete er frank und frei, so wie ihm der Schnabel gewachsen ist &#8230;:<br \/>\n<!--more--><\/p>\n<p>&nbsp;<\/p>\n<p>&nbsp;<\/p>\n<p style=\"text-align: justify;\">Ist es WIRKLICH schon 2 \u00bd Jahre her, dass FRANK SCH\u00d6BEL im Neu-Helgoland in Berlin die CD &#8222;Unzerst\u00f6rbar&#8220; vorgestellt hat? Offensichtlich schon.<\/p>\n<p style=\"text-align: justify;\">Am Donnerstagabend (12.03.2026) pr\u00e4sentierte er \u2013 erneut im Neu-Helgoland \u2013 sein NEUES Album &#8222;Spiel des Lebens&#8220;.<\/p>\n<p style=\"text-align: justify;\">Marcus Zander, quasi der Plattenboss von Frank Sch\u00f6bel, stellte sich dem Publikum, das \u00fcber die superILLU Karten f\u00fcr dieses &#8222;ganz exklusive Konzert mit Band&#8220; gewinnen konnte, mit den Worten &#8222;Ich sorge daf\u00fcr, dass das Ding auch auf Scheibe erscheint&#8220; vor. Marcus Zander, der Sohn von Frank Zander, und Frank Sch\u00f6bel arbeiten seit mittlerweile 35 Jahren zusammen. Die Zusammenarbeit begann 1991 mit der Single &#8222;Wir brauchen neue Tr\u00e4ume&#8220;. Marcus Zander hielt denn sogleich auch eine gute Nachricht f\u00fcr die Fans von Frank Sch\u00f6bel bereit: Nachdem das Konzert von Frank Sch\u00f6bel &amp; Band am 01.10.2026 restlos ausverkauft ist, &#8222;gibt es am 30.09.2026 ein Zusatzkonzert&#8220;. &#8222;Frank liebt Geschichten zu den Songs&#8220;, f\u00fchrte er weiter aus. &#8222;Er m\u00f6chte nicht geradlinig sein, er m\u00f6chte auch mal anecken. Und ich finde, das darf er auch machen.&#8220; (Frank Sch\u00f6bel sollte hiervon reichlich Gebrauch machen &#8230;)<\/p>\n<p style=\"text-align: justify;\"><em>&#8222;\u2028Vielen Dank, dass ihr da seid.&#8220;<\/em> \u2013 Mit diesen Worten begr\u00fc\u00dfte Frank Sch\u00f6bel nicht nur seine Fans, sondern auch Ehreng\u00e4ste wie Dagmar Frederic, Uwe Jensen sowie Peter Meyer (Ex-&#8222;Puhdys&#8220;). <em>&#8222;Das ehrt mich wirklich sehr.&#8220; <\/em>Allerdings st\u00f6rte Franky-Boy sich ein wenig an dem Begriff &#8222;Release-Party&#8220;<em>: &#8222;Fr\u00fcher, als wir. noch in Deutschland wohnten, haben wir Titel vorgespielt. Das wollen wir auch heute machen&#8220;,<\/em> f\u00fchrte er aus. (Herr Sch\u00f6bel redet n\u00e4mlich immer frank und frei, so wie ihm der Schnabel gewachsen ist.) Und: Er &#8222;beschwerte&#8220; sich: &#8222;<em>Es ist so viel Text. Ich habe viele Songs auch geschrieben, aber ich habe sie nicht immer im Kopf. Die schreibt man \u2013 und dann is&#8216; gut. Ich habe sie auch gelernt, so gut es ging. Wir alle m\u00fcssen sehen, was kommt. Was kommt, kommt &#8230;&#8220; <\/em>Dem Star-Fotografen Marc Vorwerk machte er \u2013 augenzwinkernd \u2013 die &#8222;Ansage&#8220;: <em>&#8222;Alte Leute immer von oben fotografieren!&#8220;.<\/em><\/p>\n<p style=\"text-align: justify;\">Mit &#8222;Sch\u00f6n, dass es dich gibt&#8220; stellte er dann den ersten Song aus seinem neuen Album &#8222;Spiel des Lebens&#8220; vor. Als zweiter Titel folgte eine Cover-Version: &#8222;Butterfly&#8220;. <em>&#8222;Manche werden fragen: Warum singt der das? Ja, weil ich damals im ersten &#8218;Kessel Buntes&#8216; mit Danyel G\u00e9rard war. Finde ich ein tolles Lied. Immer noch.&#8220;<\/em><\/p>\n<p style=\"text-align: justify;\">Der Song &#8222;Adler fliegen einsam&#8220;\u00a0(<em>&#8222;der ist geradezu auf diese Platte geflogen&#8220;<\/em>) ist bereits 1 \u00bd Jahre alt und war quasi eine Vorab-Single.<\/p>\n<p style=\"text-align: justify;\">Ein Fan hatte Frank Sch\u00f6bel per Email angeschrieben, dass er doch pr\u00e4destiniert sei, den &#8222;Olsenbande&#8220; Titelsong aufzunehmen. <em>&#8222;Wir haben den Verlag in D\u00e4nemark angeschrieben. Die Witwe des Komponisten<\/em> ((Bent Fabricius-Bjerre, 1924 \u2013 2020)) w<em>ollte ganz viel Geld haben&#8220;.<\/em> Zudem d\u00fcrfe er den Song nicht live singen und auch nicht im Fernsehen pr\u00e4sentieren. Und selbst nach Zahlungseingang k\u00f6nne sie nicht garantieren, ob sie die finale Freigabe erteilen w\u00fcrde. Also hat er seinen eigenen Song geschrieben: &#8222;Egon hat &#8217;nen Plan&#8220;.<\/p>\n<p style=\"text-align: justify;\">Im &#8222;Ich m\u00f6cht&#8216; so gern Dave Dudley h\u00f6r&#8217;n&#8220; Stil von Truck Stop pr\u00e4sentierte er den eindeutig zweideutigen Song &#8222;Im Osten geht die Sonne auf&#8220;, dem er mit &#8222;Altwerden ist nichts f\u00fcr&#8217;n Feigling&#8220; gleich einen weiteren folgen lie\u00df. Doch ganz gleich, ob <em>&#8222;d\u00fcnnes Haar&#8220;<\/em> oder &#8222;Haarwuchs aus der Nase&#8220; \u2013 sein musikalischer Rat lautet: &#8222;bleib&#8216; locker und mach dir nicht daraus&#8220;,<\/p>\n<p style=\"text-align: justify;\">Zu seinem n\u00e4chsten Song meinte er freim\u00fctig<em> &#8222;kann man machen, muss man nicht machen&#8220;<\/em>. Die Rede ist von &#8222;In die Sauna musst du geh&#8217;n&#8220;. Dieses Werk k\u00fcndigte er mit folgenden Worten an: &#8222;So \u2013 jetzt gehen wir in die Sauna. Ihr braucht euch nicht ausziehen jetzt deswegen.\u2028Es ist ein Lied, wie soll ich sagen &#8230; aber sowas muss es auch geben. Meine Fu\u00dfballer singen das alle schon &#8230;&#8220;<\/p>\n<p style=\"text-align: justify;\">\u00dcber das St\u00fcck &#8222;Gut gemacht&#8220; (<em>&#8222;ein bisschen wie Nordpol und S\u00fcdpol&#8220;<\/em>) berochtete er: &#8222;Das ist mir zugeflattert, das habe ich nicht geschrieben&#8220;. (Bereits bei seinem letzten Album war ihm ein Song &#8222;zugeflattert&#8220;, der es dann sogar zu einer Single-Auskopplung schaffte \u2013 &#8222;Polaroids im Schnee&#8220;.<\/p>\n<p style=\"text-align: justify;\"><em>&#8222;Jetzt kommt ein Lied ganz anderer Art. Das ist ziemlich hart. Das &#8218;liegt&#8216; eigentlich am Ende der CD. Ich wollte es nicht am Ende singen, weil: Ich wollte euch nicht so entlassen. Es geht um den Krieg.&#8220; <\/em>Nach &#8222;Sehnsucht nach dem Morgen&#8220; gab es Standing Ovations f\u00fcr Frank Sch\u00f6bel (und nat\u00fcrlich auch wie seine Band). <em>\u2028&#8220;Alles gut? Weinst du?&#8220;,<\/em> fragte er einen Fan. <em>&#8222;Ich kann dich nicht angucken. Dann komme ich nicht durch.&#8220;<\/em><\/p>\n<p style=\"text-align: justify;\"><em>&#8222;Jetzt wird es nat\u00fcrlich schwer \u2013 was macht man danach?&#8220;<\/em>\u2028Und so nahm er uns mit <em>&#8222;in den Alltag, in die &#8218;kleinen Kriege'&#8220;: &#8222;Die werden oft mit Handys gef\u00fchrt. Ich habe mir sagen lassen, dass unsere ausl\u00e4ndischen Freunde sehr oft im Bus telefonieren. Und alle sch\u00f6n laut, damit&#8217;s jeder h\u00f6rt. Keiner will&#8217;s wissen &#8230; Ist das nicht furchtbar &#8230;&#8220; \u2013 <\/em>&#8222;Lerne wie in Kind&#8220;.<\/p>\n<p style=\"text-align: justify;\">Der im Kerstin Ott &#8222;Regenbogenfarben&#8220; Stil gehaltene Titel &#8222;Das Leben ist sch\u00f6n&#8220;z\u00e4hlt ohne jede Frage mit zu den kommerziellsten Songs auf Franks aktuellem Album.<\/p>\n<p style=\"text-align: justify;\"><em>&#8222;Wir neigen uns langsam dem Ende zu&#8220;, <\/em>k\u00fcndigte Frank Sch\u00f6bel nun an.\u2028Jetzt stellte er seine aktuelle Radio-Single vor. Er verriet, dass ihm der urspr\u00fcngliche Titel &#8222;Ich hab die Liebe verlernt&#8220; nicht gefallen habe. Deswegen habe er dem Textdichter Alexander Scholz stattdessen &#8222;Dich hat er Himmel geschickt&#8220; vorgeschlagen. <em>&#8222;Die Wessis machen das&#8220;,<\/em> wunderte er sich.<\/p>\n<p style=\"text-align: justify;\">Das letzte St\u00fcck (vor der Zugabe) bezeichnet Frank Sch\u00f6bel als<em> &#8222;mein Lieblingslied&#8220;: &#8222;Bevor es zu sp\u00e4t ist&#8220;. <\/em>Dieser Song hat einen \u00e4u\u00dferst tragischen Hintergrund: <em>&#8222;Mein Vater ist in russischer Gefangenschaft in einem Lager. Und da war eine Frau, die hat ihn singend in den Tod begleitet. Jochen Kowalski, ein Freund von uns, der hat mir erz\u00e4hlt, dass sie sp\u00e4ter eine gro\u00dfe Operns\u00e4ngerin geworden. Sie w\u00fcrde gerne erz\u00e4hlen, wie mein Vater war. Ich habe es vor mir hergeschoben. Ich wollte es h\u00f6ren, aber ich wollte es auch nicht h\u00f6ren. Dann ist sie verstorben. Und so gibt es viele Dinge, die wir noch im Leben erledigen wollen.&#8220; <\/em>Der Titel kommt mit der ungemein starken Textzeile &#8222;Irgendwann ist irgendwann zu sp\u00e4t&#8220; daher.<em>&#8222;Find&#8216; ich selber gut. Passiert auch mal. Manchmal.&#8220;<\/em><\/p>\n<p style=\"text-align: justify;\">Was f\u00fcr Roland Kaiser &#8222;Bis zum n\u00e4chsten Mal&#8220; ist, d\u00fcrfte f\u00fcr Franky-Boy &#8222;Danke f\u00fcr jede Stunde&#8220; sein. (Ein Song aus dem Jahre 2002.)<\/p>\n<p style=\"text-align: justify;\">Im Anschluss gab Frank Sch\u00f6bel noch \u00fcber eine Stunde Autogramme, signierte seine neue CD und stand seinen Fans auch f\u00fcr Selfies (und f\u00fcr kurze Gespr\u00e4che sowieso) zur Verf\u00fcgung.<\/p>\n<p style=\"text-align: justify;\"><em>smago!<\/em> kann im Grunde genommen nur noch einmal wiederholen, was bereits vor 2 \u00bd Jahren an dieser Stelle zu lesen war: <em>&#8222;Es ist eine einzige Schande f\u00fcr den Westen, dass dieser Mann nicht auch in den alten Bundesl\u00e4ndern die gro\u00dfen Arenen f\u00fcllt.&#8220;<\/em><\/p>\n<p style=\"text-align: justify;\">PS: Frank Sch\u00f6bel hat das &#8222;Spiel des Lebens&#8220; durchschaut.<\/p>\n<p>&nbsp;<\/p>\n<p><img decoding=\"async\" loading=\"lazy\" class=\"alignnone size-large wp-image-257152\" src=\"https:\/\/smago.de\/ws2\/wp-content\/uploads\/2026\/03\/InlayCard_Aussen-800x800.jpg\" alt=\"\" width=\"800\" height=\"800\" srcset=\"https:\/\/smago.de\/ws2\/wp-content\/uploads\/2026\/03\/InlayCard_Aussen-800x800.jpg 800w, https:\/\/smago.de\/ws2\/wp-content\/uploads\/2026\/03\/InlayCard_Aussen-522x522.jpg 522w, https:\/\/smago.de\/ws2\/wp-content\/uploads\/2026\/03\/InlayCard_Aussen-150x150.jpg 150w, https:\/\/smago.de\/ws2\/wp-content\/uploads\/2026\/03\/InlayCard_Aussen-768x768.jpg 768w, https:\/\/smago.de\/ws2\/wp-content\/uploads\/2026\/03\/InlayCard_Aussen-1536x1536.jpg 1536w, https:\/\/smago.de\/ws2\/wp-content\/uploads\/2026\/03\/InlayCard_Aussen-2048x2048.jpg 2048w, https:\/\/smago.de\/ws2\/wp-content\/uploads\/2026\/03\/InlayCard_Aussen-272x272.jpg 272w, https:\/\/smago.de\/ws2\/wp-content\/uploads\/2026\/03\/InlayCard_Aussen-600x600.jpg 600w, https:\/\/smago.de\/ws2\/wp-content\/uploads\/2026\/03\/InlayCard_Aussen-130x130.jpg 130w, https:\/\/smago.de\/ws2\/wp-content\/uploads\/2026\/03\/InlayCard_Aussen-445x445.jpg 445w, https:\/\/smago.de\/ws2\/wp-content\/uploads\/2026\/03\/InlayCard_Aussen-190x190.jpg 190w, https:\/\/smago.de\/ws2\/wp-content\/uploads\/2026\/03\/InlayCard_Aussen-290x290.jpg 290w\" sizes=\"(max-width: 800px) 100vw, 800px\" \/><\/p>\n<p>&nbsp;<\/p>\n<p>&nbsp;<\/p>\n<p><img decoding=\"async\" loading=\"lazy\" class=\"alignnone size-large wp-image-257153\" src=\"https:\/\/smago.de\/ws2\/wp-content\/uploads\/2026\/03\/CD-Clear-Tray-800x725.png\" alt=\"\" width=\"800\" height=\"725\" srcset=\"https:\/\/smago.de\/ws2\/wp-content\/uploads\/2026\/03\/CD-Clear-Tray-800x725.png 800w, https:\/\/smago.de\/ws2\/wp-content\/uploads\/2026\/03\/CD-Clear-Tray-522x473.png 522w, https:\/\/smago.de\/ws2\/wp-content\/uploads\/2026\/03\/CD-Clear-Tray-166x150.png 166w, https:\/\/smago.de\/ws2\/wp-content\/uploads\/2026\/03\/CD-Clear-Tray-768x696.png 768w, https:\/\/smago.de\/ws2\/wp-content\/uploads\/2026\/03\/CD-Clear-Tray-300x272.png 300w, https:\/\/smago.de\/ws2\/wp-content\/uploads\/2026\/03\/CD-Clear-Tray-662x600.png 662w, https:\/\/smago.de\/ws2\/wp-content\/uploads\/2026\/03\/CD-Clear-Tray-130x118.png 130w, https:\/\/smago.de\/ws2\/wp-content\/uploads\/2026\/03\/CD-Clear-Tray-491x445.png 491w, https:\/\/smago.de\/ws2\/wp-content\/uploads\/2026\/03\/CD-Clear-Tray-576x522.png 576w, https:\/\/smago.de\/ws2\/wp-content\/uploads\/2026\/03\/CD-Clear-Tray-210x190.png 210w, https:\/\/smago.de\/ws2\/wp-content\/uploads\/2026\/03\/CD-Clear-Tray-320x290.png 320w, https:\/\/smago.de\/ws2\/wp-content\/uploads\/2026\/03\/CD-Clear-Tray.png 1232w\" sizes=\"(max-width: 800px) 100vw, 800px\" \/><\/p>\n","protected":false},"excerpt":{"rendered":"<p>Zwischen den Songs redete er frank und frei, so wie ihm der Schnabel gewachsen ist &#8230;:<\/p>\n","protected":false},"author":2,"featured_media":257151,"comment_status":"open","ping_status":"closed","sticky":false,"template":"","format":"standard","meta":{"_FSMCFIC_featured_image_caption":"","_FSMCFIC_featured_image_nocaption":"","_FSMCFIC_featured_image_hide":""},"categories":[25,39],"tags":[608],"acf":[],"_links":{"self":[{"href":"https:\/\/smago.de\/ws2\/wp-json\/wp\/v2\/posts\/257384"}],"collection":[{"href":"https:\/\/smago.de\/ws2\/wp-json\/wp\/v2\/posts"}],"about":[{"href":"https:\/\/smago.de\/ws2\/wp-json\/wp\/v2\/types\/post"}],"author":[{"embeddable":true,"href":"https:\/\/smago.de\/ws2\/wp-json\/wp\/v2\/users\/2"}],"replies":[{"embeddable":true,"href":"https:\/\/smago.de\/ws2\/wp-json\/wp\/v2\/comments?post=257384"}],"version-history":[{"count":3,"href":"https:\/\/smago.de\/ws2\/wp-json\/wp\/v2\/posts\/257384\/revisions"}],"predecessor-version":[{"id":257440,"href":"https:\/\/smago.de\/ws2\/wp-json\/wp\/v2\/posts\/257384\/revisions\/257440"}],"wp:featuredmedia":[{"embeddable":true,"href":"https:\/\/smago.de\/ws2\/wp-json\/wp\/v2\/media\/257151"}],"wp:attachment":[{"href":"https:\/\/smago.de\/ws2\/wp-json\/wp\/v2\/media?parent=257384"}],"wp:term":[{"taxonomy":"category","embeddable":true,"href":"https:\/\/smago.de\/ws2\/wp-json\/wp\/v2\/categories?post=257384"},{"taxonomy":"post_tag","embeddable":true,"href":"https:\/\/smago.de\/ws2\/wp-json\/wp\/v2\/tags?post=257384"}],"curies":[{"name":"wp","href":"https:\/\/api.w.org\/{rel}","templated":true}]}}