{"id":257363,"date":"2026-03-15T10:16:31","date_gmt":"2026-03-15T09:16:31","guid":{"rendered":"https:\/\/smago.de\/ws2\/?p=257363"},"modified":"2026-03-15T10:16:31","modified_gmt":"2026-03-15T09:16:31","slug":"barbara-schoeneberger-stefan-raab-starker-start-fuer-barbara-schoeneberger-und-stefan-raab","status":"publish","type":"post","link":"https:\/\/smago.de\/ws2\/nonsens\/barbara-schoeneberger-stefan-raab-starker-start-fuer-barbara-schoeneberger-und-stefan-raab\/","title":{"rendered":"BARBARA SCH\u00d6NEBERGER \u2013 STEFAN RAAB <br>Starker Start f\u00fcr Barbara Sch\u00f6neberger und Stefan Raab!"},"content":{"rendered":"<p>Doppelter Primetime-Sieg f\u00fcr &#8222;Wer wei\u00df wie wann was war?&#8220;!<!--more--><\/p>\n<p>&nbsp;<\/p>\n<p>&nbsp;<\/p>\n<p style=\"text-align: justify;\">\nDie erste Ausgabe der neuen Samstagabend-Eventshow &#8222;Wer wei\u00df wie wann was war? \u2013 Die Show der Generationen&#8220; \u00fcberzeugte am gestrigen Samstagabend bei RTL. Die unterhaltsame Quiz-Reise erreichte in der Zielgruppe der 14- bis 59-J\u00e4hrigen einen sehr guten Marktanteil von 14,9 Prozent, sowie sehr starke 17,0 Prozent in der jungen Zielgruppe der 14- bis 49-j\u00e4hrigen Zuschauer. Damit sicherte sich die neue Event-Show den Primetime-Sieg in beiden Zielgruppen. Insgesamt verfolgten im Schnitt 1,81 Millionen Zuschauer die Generationen verbindende Samstagabendshow, gemeinsam moderiert von Deutschlands Entertainment-Gr\u00f6\u00dfen Barbara Sch\u00f6neberger und Stefan Raab.<\/p>\n<p style=\"text-align: justify;\">Die n\u00e4chste Ausgabe von &#8222;Wer wei\u00df wie wann was war?\u00a0\u2013 Die Show der Generationen&#8220;\u00a0zeigt RTL am\u00a0kommenden\u00a0Samstag,\u00a021.\u00a0M\u00e4rz\u00a0um 20:15 Uhr und\u00a0ist\u00a0bereits jetzt\u00a0auf RTL+ zu sehen.<\/p>\n<p><em>Quelle f\u00fcr die TV-Quoten: AGF \/ GfK \/ DAP AGF SCOPE \/ RTL DATA \/<\/em><em>\u00a0<\/em><em>vorl.<\/em><em>\u00a0<\/em><em>gew. \/ Stand:<\/em><em>\u00a0<\/em><em>15.03.2026<\/em><\/p>\n<p>&nbsp;<\/p>\n<p>&nbsp;<\/p>\n<figure id=\"attachment_257364\" aria-describedby=\"caption-attachment-257364\" style=\"width: 800px\" class=\"wp-caption alignnone\"><img decoding=\"async\" loading=\"lazy\" class=\"size-large wp-image-257364\" src=\"https:\/\/smago.de\/ws2\/wp-content\/uploads\/2026\/03\/Bild-15.03.26-um-10.14-800x450.jpg\" alt=\"\" width=\"800\" height=\"450\" srcset=\"https:\/\/smago.de\/ws2\/wp-content\/uploads\/2026\/03\/Bild-15.03.26-um-10.14-800x450.jpg 800w, https:\/\/smago.de\/ws2\/wp-content\/uploads\/2026\/03\/Bild-15.03.26-um-10.14-522x294.jpg 522w, https:\/\/smago.de\/ws2\/wp-content\/uploads\/2026\/03\/Bild-15.03.26-um-10.14-267x150.jpg 267w, https:\/\/smago.de\/ws2\/wp-content\/uploads\/2026\/03\/Bild-15.03.26-um-10.14-768x432.jpg 768w, https:\/\/smago.de\/ws2\/wp-content\/uploads\/2026\/03\/Bild-15.03.26-um-10.14-392x221.jpg 392w, https:\/\/smago.de\/ws2\/wp-content\/uploads\/2026\/03\/Bild-15.03.26-um-10.14-130x73.jpg 130w, https:\/\/smago.de\/ws2\/wp-content\/uploads\/2026\/03\/Bild-15.03.26-um-10.14-791x445.jpg 791w, https:\/\/smago.de\/ws2\/wp-content\/uploads\/2026\/03\/Bild-15.03.26-um-10.14-870x489.jpg 870w, https:\/\/smago.de\/ws2\/wp-content\/uploads\/2026\/03\/Bild-15.03.26-um-10.14-292x164.jpg 292w, https:\/\/smago.de\/ws2\/wp-content\/uploads\/2026\/03\/Bild-15.03.26-um-10.14-435x245.jpg 435w, https:\/\/smago.de\/ws2\/wp-content\/uploads\/2026\/03\/Bild-15.03.26-um-10.14-895x503.jpg 895w, https:\/\/smago.de\/ws2\/wp-content\/uploads\/2026\/03\/Bild-15.03.26-um-10.14.jpg 1150w\" sizes=\"(max-width: 800px) 100vw, 800px\" \/><figcaption id=\"caption-attachment-257364\" class=\"wp-caption-text\"><\/em> <em>Barbara Sch\u00f6neberger und Stefan Raab<\/em><\/p>\n<p><em>Foto-Credit:\u00a0RTL \/ Raab Entertainment \/ Willi Weber<\/em><\/p>\n<p><em>Bitte beachten Sie auch <strong><a href=\"http:\/\/www.rtlplus.de\">RTL+<\/a><\/strong>!<\/em><\/figcaption><\/figure>\n","protected":false},"excerpt":{"rendered":"<p>Doppelter Primetime-Sieg f\u00fcr &#8222;Wer wei\u00df wie wann was war?&#8220;!<\/p>\n","protected":false},"author":2,"featured_media":257364,"comment_status":"open","ping_status":"closed","sticky":false,"template":"","format":"standard","meta":{"_FSMCFIC_featured_image_caption":"","_FSMCFIC_featured_image_nocaption":"","_FSMCFIC_featured_image_hide":""},"categories":[23,29,128],"tags":[236,507],"acf":[],"_links":{"self":[{"href":"https:\/\/smago.de\/ws2\/wp-json\/wp\/v2\/posts\/257363"}],"collection":[{"href":"https:\/\/smago.de\/ws2\/wp-json\/wp\/v2\/posts"}],"about":[{"href":"https:\/\/smago.de\/ws2\/wp-json\/wp\/v2\/types\/post"}],"author":[{"embeddable":true,"href":"https:\/\/smago.de\/ws2\/wp-json\/wp\/v2\/users\/2"}],"replies":[{"embeddable":true,"href":"https:\/\/smago.de\/ws2\/wp-json\/wp\/v2\/comments?post=257363"}],"version-history":[{"count":1,"href":"https:\/\/smago.de\/ws2\/wp-json\/wp\/v2\/posts\/257363\/revisions"}],"predecessor-version":[{"id":257365,"href":"https:\/\/smago.de\/ws2\/wp-json\/wp\/v2\/posts\/257363\/revisions\/257365"}],"wp:featuredmedia":[{"embeddable":true,"href":"https:\/\/smago.de\/ws2\/wp-json\/wp\/v2\/media\/257364"}],"wp:attachment":[{"href":"https:\/\/smago.de\/ws2\/wp-json\/wp\/v2\/media?parent=257363"}],"wp:term":[{"taxonomy":"category","embeddable":true,"href":"https:\/\/smago.de\/ws2\/wp-json\/wp\/v2\/categories?post=257363"},{"taxonomy":"post_tag","embeddable":true,"href":"https:\/\/smago.de\/ws2\/wp-json\/wp\/v2\/tags?post=257363"}],"curies":[{"name":"wp","href":"https:\/\/api.w.org\/{rel}","templated":true}]}}