{"id":257329,"date":"2026-03-16T00:01:25","date_gmt":"2026-03-15T23:01:25","guid":{"rendered":"https:\/\/smago.de\/ws2\/?p=257329"},"modified":"2026-03-16T19:11:10","modified_gmt":"2026-03-16T18:11:10","slug":"marko-abend-mit-seiner-neuen-cd-einzelkaempfer-geht-er-seinen-eigenen-weg-zwischen-pop-und-schlager","status":"publish","type":"post","link":"https:\/\/smago.de\/ws2\/pop-schlager\/marko-abend-mit-seiner-neuen-cd-einzelkaempfer-geht-er-seinen-eigenen-weg-zwischen-pop-und-schlager\/","title":{"rendered":"MARKO ABEND <br>Mit seiner neuen CD \u201eEinzelk\u00e4mpfer\u201c geht er seinen eigenen Weg zwischen Pop und Schlager!"},"content":{"rendered":"<p style=\"font-weight: 400; text-align: justify;\">Die raue Stimme des Nordens liefert in jedem Song pers\u00f6nliche Geschichten!<!--more--><\/p>\n<p>&nbsp;<\/p>\n<p>&nbsp;<\/p>\n<p>&nbsp;<\/p>\n<p style=\"font-weight: 400; text-align: justify;\">Mit \u201eEinzelk\u00e4mpfer\u201c legt MARKO ABEND sein zweites Studioalbum vor \u2013 ein Werk, das den Charakter und die Haltung eines K\u00fcnstlers widerspiegelt, der seinen eigenen Weg konsequent geht. Bereits der Titelsong, der eine Woche vor dem Album ver\u00f6ffentlicht wurde, verdeutlicht das Konzept: Selbstvertrauen, Durchhalteverm\u00f6gen und die F\u00e4higkeit, aus R\u00fcckschl\u00e4gen St\u00e4rke zu gewinnen, stehen im Mittelpunkt.<\/p>\n<p style=\"text-align: justify;\">MARKO ABEND hat sich in den vergangenen Jahren als feste Gr\u00f6\u00dfe im modernen deutschen Pop-Schlager etabliert, seine markante, raue Stimme verleiht den Songs Authentizit\u00e4t und emotionale Tiefe. Das Album verbindet klassische Schlager-Elemente mit modernen Pop-Produktionen und spricht damit gleicherma\u00dfen Fans traditioneller Kl\u00e4nge wie auch ein j\u00fcngeres Publikum an. \u201eEinzelk\u00e4mpfer\u201c ist dabei nicht nur ein Albumtitel, sondern eine Haltung: unabh\u00e4ngig, eigenst\u00e4ndig und kompromisslos in der k\u00fcnstlerischen Vision.<\/p>\n<p style=\"font-weight: 400; text-align: justify;\">Der Titelsong \u201e<strong>Einzelk\u00e4mpfer<\/strong>\u201c er\u00f6ffnet das Album als pers\u00f6nliches Manifest \u00fcber Selbstvertrauen, Widerstandskraft und den Mut, den eigenen Weg zu gehen. Der Song erz\u00e4hlt von Momenten des Zweifels, von Erwartungen von au\u00dfen und von den Narben, die entstehen, wenn man sich gegen den Strom behauptet. Gleichzeitig liegt in diesen Erfahrungen die Quelle der St\u00e4rke: Aus Fehlern wird Wachstum, aus Einsamkeit Entschlossenheit. \u201eEinzelk\u00e4mpfer\u201c beschreibt den inneren Antrieb, trotz Gegenwind weiterzugehen \u2013 getragen von einem Traum, der sich nicht zum Schweigen bringen l\u00e4sst. Und zwischen all der Unabh\u00e4ngigkeit schimmert am Ende auch die Hoffnung durch, dass eines Tages jemand nicht fragt, warum man k\u00e4mpft, sondern einfach Seite an Seite mitgeht.<\/p>\n<p style=\"font-weight: 400; text-align: justify;\">\u201e<strong>Als ob sie Bette Davis w\u00e4r<\/strong>\u201c (feat. DJ Worris) markiert einen weiteren selbstbewussten Schritt in MARKO ABENDs Diskographie: Mit seiner 35. Ver\u00f6ffentlichung in nur dreieinhalb Jahren widmete er sich erneut einem internationalen Klassiker, den er in der deutschen Version als Track 2 seines Albums pr\u00e4sentiert. In der Version von KIM CARNES war der Song 1981 ein Welthit \u2013 urspr\u00fcnglich geschrieben und 1975 ver\u00f6ffentlicht von JACKIE DESHANNON. Bereits UTE BERLING brachte den Song Anfang der 80er ins Deutsche, doch 2025 erh\u00e4lt er bei MARKO ABEND ein neues, zeitgem\u00e4\u00dfes Klangbild. Die raue, markante Stimmfarbe des Originals spiegelt sich in seiner eigenen Interpretation wider, wodurch eine glaubw\u00fcrdige Verbindung zwischen Hommage und k\u00fcnstlerischer Eigenst\u00e4ndigkeit entsteht. Gemeinsam mit DJ WORRIS, der f\u00fcr seinen internationalen Dance-Charterfolg \u201eDooms Night\u201c bekannt ist, transformiert er den Titel in eine schnellere, cluborientierte Produktion, die den ikonischen Wiedererkennungswert bewahrt und zugleich neue Energie freisetzt. Diese Version des Songs steht f\u00fcr MARKOs Anspruch, gro\u00dfe Vorbilder respektvoll weiterzudenken und ihnen im Hier und Jetzt ein frisches Gesicht zu verleihen.<\/p>\n<p style=\"font-weight: 400; text-align: justify;\"><strong>Wohin geht die Reise!?<\/strong>\u00a0stellt eine der zentralen Fragen des Albums: Was passiert, wenn Gef\u00fchle pl\u00f6tzlich da sind, ohne Plan und ohne Sicherheitsnetz? Der tanzbare Song bewegt sich zwischen Hoffnung, Zweifel und der Sehnsucht nach Klarheit. In einer Situation, in der nichts eindeutig scheint, w\u00e4chst der Wunsch nach Ehrlichkeit und Entscheidung \u2013 nicht halb, nicht irgendwann, sondern jetzt. Zwischen N\u00e4he und Unsicherheit wird deutlich, dass echte Gef\u00fchle immer auch Mut verlangen. \u201eWohin geht die Reise!?\u201c beschreibt genau diesen Moment, in dem zwei Menschen entscheiden m\u00fcssen, ob sie den Weg gemeinsam weitergehen oder an der Frage nach der Zukunft scheitern.<\/p>\n<p style=\"font-weight: 400; text-align: justify;\">\u201e<strong>Du willst es<\/strong>\u201c erz\u00e4hlt von einer Liebe, die bereits vieles \u00fcberstanden hat und gerade deshalb so stark geworden ist. H\u00f6hen und Tiefen, Streit und Vers\u00f6hnung geh\u00f6ren dazu \u2013 doch genau darin zeigt sich, wie tief die Verbindung wirklich ist. Der Song beschreibt zwei Menschen, die wissen, dass sie zusammengeh\u00f6ren, weil sie sich trotz aller Herausforderungen immer wieder f\u00fcreinander entscheiden. Zwischen Vertrautheit, Leidenschaft und dem Gef\u00fchl von Zuhause entsteht eine Liebeserkl\u00e4rung an Best\u00e4ndigkeit und gegenseitiges Vertrauen. \u201eDu willst es\u201c steht damit f\u00fcr das klare Bekenntnis zweier Herzen, die nicht mehr zur\u00fcckschauen, sondern gemeinsam in die Zukunft gehen.<\/p>\n<p style=\"font-weight: 400; text-align: justify;\"><strong>\u201eKopfkino\u201c<\/strong>\u00a0taucht tief in einen Moment ein, den fast jeder kennt: eine schlaflose Nacht, in der die Gedanken nicht zur Ruhe kommen. Zwischen Stille, Erinnerungen und endlosen Gedankenschleifen entfaltet der Song eine nachdenkliche Atmosph\u00e4re, die das Gef\u00fchl von innerer Unruhe und n\u00e4chtlicher Einsamkeit einf\u00e4ngt. Als gef\u00fchlvolle Pop-Ballade verl\u00e4sst MARKO ABEND hier bewusst seine Popschlager-Homebase und setzt auf dichte Stimmung, getragen von Gitarren, Piano, Synthesizern und einem eing\u00e4ngigen Refrain. Er zieht die H\u00f6rer mitten hinein in dieses n\u00e4chtliche Gedankenkarussell, in dem Fragen, Zweifel und Gef\u00fchle pl\u00f6tzlich lauter werden als die Stille. \u201eKopfkino\u201c erschien bereits im August 2025 als Vorab-Track von \u201eEinzelk\u00e4mpfer\u201c\u00a0<strong>und<\/strong>\u00a0zeigt eine besonders nachdenkliche und emotionale Seite des Albums.<\/p>\n<p style=\"font-weight: 400; text-align: justify;\"><strong>\u201eF\u00fchr mich in Versuchung\u201c<\/strong>\u00a0zeigt eine leidenschaftliche und intensive Seite des Albums. MARKO ABEND setzte mit diesem Titel bereits als Vorab-Single ein Ausrufezeichen auf dem Weg zum zweiten Album. Der Song verbindet modernen Popschlager mit einer sp\u00fcrbaren emotionalen Spannung: Es geht um Sehnsucht, N\u00e4he und das verf\u00fchrerische Spiel mit Gef\u00fchlen, die st\u00e4rker sind als jede Vernunft. Getragen von einer eing\u00e4ngigen Komposition (tolles Saxofon-Solo inklusive) und seiner charakteristisch rauen, kraftvollen Stimme entfaltet sich eine Atmosph\u00e4re zwischen Leidenschaft und Risiko. \u201eF\u00fchr mich in Versuchung\u201c unterstreicht dabei einmal mehr MARKO ABENDs F\u00e4higkeit, Emotionen authentisch und direkt zu transportieren.<\/p>\n<p style=\"font-weight: 400; text-align: justify;\">Der Song \u201e<strong>Wenn der Wind sich dreht\u201c<\/strong>\u00a0bringt frische Energie und Aufbruchsstimmung in das Album. Mit kraftvollen Beats, treibender E-Gitarre und tanzbaren 128 BPM erz\u00e4hlt der Song davon, dass nach Entt\u00e4uschungen, besonders in der Liebe, immer wieder neue Chancen entstehen k\u00f6nnen. Der Titel vermittelt Mut, weiterzugehen und darauf zu vertrauen, dass sich das Leben pl\u00f6tzlich wenden kann, wenn man es am wenigsten erwartet. Geschrieben von MARKO ABEND h\u00f6chstselbst und produziert von\u00a0TOP SEVEN Musikproduktion, verbindet der Song emotionale Botschaft mit moderner Popschlager-Dynamik.<\/p>\n<p style=\"font-weight: 400; text-align: justify;\"><strong>\u201eTage wie diese\u201c<\/strong>\u00a0ist f\u00fcr MARKO ABEND ein besonderer Meilenstein, denn mit diesem Titel wagte er sich anno 2023 erstmals an das Cover eines deutschsprachigen Klassikers. Bekannt als \u201edie raue Stimme des Nordens\u201c und durch seine Pr\u00e4senz auf der Streaming-Plattform\u00a0Twitch\u00a0gewachsen, interpretierte er den bekannten Hit von\u00a0DIE TOTEN HOSEN eindrucksvoll\u00a0auf seine eigene Weise. Der Song, urspr\u00fcnglich von\u00a0CAMPINO\u00a0und seiner Band gepr\u00e4gt, passt mit seiner Energie und emotionalen Wucht ideal zu MARKO ABENDs markanter Stimme. Produziert von\u00a0TOPSEVEN Musikproduktion\u00a0erhielt der Titel ein modernes Popschlager-Gewand, das ihn auch f\u00fcr die Tanzfl\u00e4chen in Clubs und Discotheken attraktiv gemacht hat.<\/p>\n<p style=\"font-weight: 400; text-align: justify;\">\u201e<strong>Verdammt, Verflucht<\/strong>\u201c zeigt MARKO ABEND von seiner kompromisslos ehrlichen Seite. Mit diesem im Juni 2025 vorab erschienenen Song bricht die \u201eraue Stimme des Nordens\u201c bewusst mit klassischen Schlager-Konventionen und erz\u00e4hlt von einer intensiven On-Off-Beziehung, in der Leidenschaft, Zweifel und Hoffnung st\u00e4ndig miteinander ringen. Zwischen N\u00e4he und Distanz, zwischen endg\u00fcltigem Abschied und der Versuchung eines Neuanfangs beschreibt der Titel eine emotionale Achterbahnfahrt, die viele kennen, aber nur wenige so offen aussprechen. Musikalisch verbindet der Track modernen deutschen Pop mit kraftvollen E-Gitarren und einem treibenden Rhythmus, der sowohl zum Mitsingen als auch zum Nachdenken einl\u00e4dt. Seine besondere Premiere feierte der Song \u00fcbrigens im Rahmen der ber\u00fchmten Kieler Woche \u2013 ein symboltr\u00e4chtiger Moment in MARKO ABENDs Heimatstadt, der den authentischen und mutigen Charakter dieses Titels perfekt unterstreicht.<\/p>\n<p style=\"font-weight: 400; text-align: justify;\"><strong>\u201eWenn Tr\u00e4ume reisen\u201c<\/strong>\u00a0bildet einen nachdenklichen und zugleich hoffnungsvollen Moment auf dem Album. Der Song erz\u00e4hlt von Aufbruch, Freiheit und dem Mut, dem eigenen Weg zu folgen, auch wenn das Ziel noch unklar ist. Bilder von staubigen Stra\u00dfen, weitem Himmel und leisen Erinnerungen zeichnen eine Reise, die weniger ein Ort als vielmehr ein innerer Prozess ist. Dabei wird deutlich, dass Tr\u00e4ume nicht festgehalten werden k\u00f6nnen \u2013 sie dr\u00e4ngen nach vorne, rei\u00dfen Mauern ein und f\u00fchren dorthin, wo neues Leben und neue Hoffnung entstehen. \u201eWenn Tr\u00e4ume reisen\u201c ist damit eine poetische Reflexion \u00fcber Bewegung, Ver\u00e4nderung und die Erkenntnis, dass gerade im Unterwegssein oft die Antworten liegen, nach denen man lange gesucht hat.<\/p>\n<p style=\"font-weight: 400; text-align: justify;\">Der bereits im Herbst 2024 erschienene Song \u201e<strong>Abgebrannt\u201c<\/strong>\u00a0bringt die Energie von Leidenschaft und Konflikt direkt auf die Tanzfl\u00e4che. MARKO ABEND widmet sich erneut dem Thema \u201eOn &amp; Off\u201c-Beziehungen und \u00fcbersetzt das emotionale Feuer in einen mitrei\u00dfenden Dancebeat mit spannenden Breaks. Besonders pers\u00f6nlich wird der Song durch die erstmalige Beteiligung seiner Tochter im Backgroundgesang, was der Produktion zus\u00e4tzliche W\u00e4rme und Tiefe verleiht. Auch \u201eAbgebrannt\u201c ist ein Highlight f\u00fcr Tanzfl\u00e4chen und emotionale Momente zugleich.<\/p>\n<p style=\"font-weight: 400; text-align: justify;\"><strong>\u201eWas w\u00e4re wenn\u201c<\/strong>\u00a0ist eine nachdenkliche, zugleich hoffnungsvolle Ballade \u00fcber zweite Chancen in der Liebe. Der Song l\u00e4dt dazu ein, \u00fcber das Zur\u00fcckdrehen der Zeit und das Wiederentdecken einer Beziehung nachzudenken, die im Alltag zu vertraut oder zu selbstverst\u00e4ndlich geworden ist. MARKO ABEND thematisiert das zarte Gleichgewicht zwischen Erinnerung, Sehnsucht und dem Mut, noch einmal von vorn zu beginnen. Mit emotionalem Gesang und poetischen Bildern vermittelt der Song, dass Liebe immer die M\u00f6glichkeit f\u00fcr einen Neuanfang birgt \u2013 wenn man bereit ist, den Verstand loszulassen und einfach wieder zusammenzufinden.<\/p>\n<p style=\"font-weight: 400; text-align: justify;\">\u201e<strong>Wie kann es anders werden?<\/strong>\u201c ist die deutsche Version des ELVIS-PRESLEY-Klassikers \u201eSuspicious Minds\u201c, die bereits auch von HOWARD CARPENDALE interpretiert wurde. MARKO ABEND verleiht dem zeitlosen Thema von Misstrauen, emotionaler Distanz und dem Kampf um Vertrauen in einer Beziehung seine eigene markante Stimme. Der Text schildert eindringlich, wie Zweifel und Kontrolle die N\u00e4he zerst\u00f6ren k\u00f6nnen, w\u00e4hrend der Wunsch nach Verbundenheit gleichzeitig sp\u00fcrbar bleibt. Mit dieser Version verbindet er nostalgisches Erbe und moderne deutsche Pop-Interpretation, wodurch der Klassiker neue Dringlichkeit und emotionale Intensit\u00e4t erh\u00e4lt.<\/p>\n<p style=\"font-weight: 400; text-align: justify;\"><strong>\u201eIch erinner mich nicht\u201c<\/strong>\u00a0ist eine intensive Reflexion \u00fcber verpasste Chancen und die Einsicht \u00fcber eigenes Fehlverhalten in einer Beziehung. MARKO ABEND thematisiert Selbstkritik, Schuldgef\u00fchle und die schmerzliche Erkenntnis, dass man Liebe oft erst richtig erkennt, wenn sie verloren ist. Der Song erz\u00e4hlt von der Distanz, die durch Ignoranz und Egoismus entsteht, und von der Leere, die bleibt, wenn die vertraute Person pl\u00f6tzlich fehlt. Mit emotionalem Gesang und einem authentischen und ehrlichen Text wird deutlich, wie schwer es ist, Verantwortung f\u00fcr die eigenen Fehler zu tragen \u2013 und wie sehr echte Reue das Herz ber\u00fchren kann.<\/p>\n<p style=\"font-weight: 400; text-align: justify;\"><strong>\u201eZur\u00fcck ins Ruhrgebiet\u201c<\/strong>\u00a0ist eine energiegeladene Hommage an das Lebensgef\u00fchl des Reviers. MARKO ABEND beschreibt die Freude, bekannte Menschen wiederzusehen, die besondere Verbindung zu Freunden und die pulsierende Dynamik der Region \u2013 gerade nachts, wenn das Leben in vollen Z\u00fcgen pulsiert. Mit mitrei\u00dfendem Rhythmus, positiven Bildern und pers\u00f6nlichen Eindr\u00fccken vermittelt der Song eine R\u00fcckkehr zu Vertrautem, zu Herzlichkeit, Humor und der besonderen Lebensart des Ruhrgebiets. Es ist ein Track voller Vorfreude, W\u00e4rme und Begeisterung f\u00fcr Heimat, Freundschaft und die kleinen, gro\u00dfen Momente, die das Revier so einzigartig machen.<\/p>\n<p style=\"font-weight: 400; text-align: justify;\"><strong>\u201eDas Meer ist mein Zuhause\u201c<\/strong>\u00a0klingt wie ein klassischer SANTIANO-Track: ein kraftvolles, maritimes Lied \u00fcber Freiheit, Heimat und das Leben an der K\u00fcste. MARKO ABEND nimmt seine Fans mit auf den alten Kutter, ans raue Meer und in den Hafen voller Geschichten, wo Wind, Salz und M\u00f6wen den Alltag pr\u00e4gen. Zwischen rauen H\u00e4nden, frischem Fisch und dem Wellengang sp\u00fcrt man die Verbindung zur Natur, zur eigenen St\u00e4rke und zum Rhythmus des Lebens. Der Song verbindet Sehnsucht, Abenteuerlust und die Ruhe des Meeres zu einem epischen, erz\u00e4hlerischen maritimen Popschlager, der von Fernweh, Heimatliebe und pers\u00f6nlicher Freiheit gleicherma\u00dfen erz\u00e4hlt.<\/p>\n<p style=\"font-weight: 400; text-align: justify;\"><strong>Der finale Song des Albums, \u201e<\/strong><strong>Horizont\u201c,<\/strong>\u00a0\u00fcberrascht als gef\u00fchlvolle Ballade von MARKO ABEND, die beweist, dass seine markante, raue Stimme auch in ruhigeren, emotionalen Momenten perfekt zur Geltung kommt. Der Song, den MARKO 2024 f\u00fcr den Vorentscheid zum Eurovision Song Contest 2024 eingereicht hatte, entstand in Zusammenarbeit mit\u00a0ANGELIQUE DAMSCHEN, deren glasklare Stimme zusammen mit MARKOs tiefer Bass-Stimme einen G\u00e4nsehautmoment erzeugt. \u201eHorizont\u201c handelt von Verlust, Neuanfang und der Suche nach Authentizit\u00e4t in schwierigen Zeiten \u2013 eine Reise, die Mut verlangt und zeigt, dass jeder seinen eigenen Weg finden muss. Unterst\u00fctzt wird er wie gewohnt von seinem Team bei\u00a0TOP SEVEN Musikproduktion. Mit eindringlichen Lyrics \u00fcber Selbstfindung, Hoffnung und das Aufbrechen aus Schattenpositionen bringt \u201eHorizont\u201c sowohl musikalische Intensit\u00e4t als auch emotionale Tiefe und unterstreicht, dass Balladen ebenso zu MARKO ABENDs Repertoire geh\u00f6ren wie kraftvolle Popschlager.<\/p>\n<p style=\"text-align: justify;\">\u201eEinzelk\u00e4mpfer\u201c zeigt MARKO ABEND auf seinem bisherigen H\u00f6hepunkt: Als Hybrid-K\u00fcnstler, der sowohl kraftvolle Popschlager-Hymnen als auch gef\u00fchlvolle Balladen beherrscht, gelingt ihm eine beeindruckende Balance aus Emotionalit\u00e4t, Energie und modernem Sound. Das Album dokumentiert nicht nur seine k\u00fcnstlerische Entwicklung, sondern auch seinen Erfolg als Musiker, der sich seinen Platz in der deutschen Musiklandschaft eigenst\u00e4ndig erarbeitet hat.<\/p>\n<p style=\"text-align: justify;\">Mit Geschichten \u00fcber Liebe, Sehnsucht, Selbstfindung und Mut entsteht ein facettenreiches Werk, das die H\u00f6rer mitnimmt, ber\u00fchrt und begeistert. \u201eEinzelk\u00e4mpfer\u201c ist damit ein Statement, das MARKOs Haltung, seine Authentizit\u00e4t und seinen pers\u00f6nlichen Weg durch die Musik eindrucksvoll unterstreicht.<\/p>\n<p style=\"text-align: justify;\"><img decoding=\"async\" loading=\"lazy\" class=\"alignnone size-large wp-image-257334\" src=\"https:\/\/smago.de\/ws2\/wp-content\/uploads\/2026\/03\/Inlaycard-2-1-800x632.jpg\" alt=\"\" width=\"800\" height=\"632\" srcset=\"https:\/\/smago.de\/ws2\/wp-content\/uploads\/2026\/03\/Inlaycard-2-1-800x632.jpg 800w, https:\/\/smago.de\/ws2\/wp-content\/uploads\/2026\/03\/Inlaycard-2-1-522x412.jpg 522w, https:\/\/smago.de\/ws2\/wp-content\/uploads\/2026\/03\/Inlaycard-2-1-190x150.jpg 190w, https:\/\/smago.de\/ws2\/wp-content\/uploads\/2026\/03\/Inlaycard-2-1-768x607.jpg 768w, https:\/\/smago.de\/ws2\/wp-content\/uploads\/2026\/03\/Inlaycard-2-1-1536x1214.jpg 1536w, https:\/\/smago.de\/ws2\/wp-content\/uploads\/2026\/03\/Inlaycard-2-1-344x272.jpg 344w, https:\/\/smago.de\/ws2\/wp-content\/uploads\/2026\/03\/Inlaycard-2-1-759x600.jpg 759w, https:\/\/smago.de\/ws2\/wp-content\/uploads\/2026\/03\/Inlaycard-2-1-130x103.jpg 130w, https:\/\/smago.de\/ws2\/wp-content\/uploads\/2026\/03\/Inlaycard-2-1-563x445.jpg 563w, https:\/\/smago.de\/ws2\/wp-content\/uploads\/2026\/03\/Inlaycard-2-1-661x522.jpg 661w, https:\/\/smago.de\/ws2\/wp-content\/uploads\/2026\/03\/Inlaycard-2-1-240x190.jpg 240w, https:\/\/smago.de\/ws2\/wp-content\/uploads\/2026\/03\/Inlaycard-2-1-367x290.jpg 367w, https:\/\/smago.de\/ws2\/wp-content\/uploads\/2026\/03\/Inlaycard-2-1.jpg 1854w\" sizes=\"(max-width: 800px) 100vw, 800px\" \/><\/p>\n<p style=\"text-align: justify;\">\n","protected":false},"excerpt":{"rendered":"<p>Die raue Stimme des Nordens liefert in jedem Song pers\u00f6nliche Geschichten!<\/p>\n","protected":false},"author":2,"featured_media":257330,"comment_status":"open","ping_status":"closed","sticky":false,"template":"","format":"standard","meta":{"_FSMCFIC_featured_image_caption":"","_FSMCFIC_featured_image_nocaption":"","_FSMCFIC_featured_image_hide":""},"categories":[28,39],"tags":[2953],"acf":[],"_links":{"self":[{"href":"https:\/\/smago.de\/ws2\/wp-json\/wp\/v2\/posts\/257329"}],"collection":[{"href":"https:\/\/smago.de\/ws2\/wp-json\/wp\/v2\/posts"}],"about":[{"href":"https:\/\/smago.de\/ws2\/wp-json\/wp\/v2\/types\/post"}],"author":[{"embeddable":true,"href":"https:\/\/smago.de\/ws2\/wp-json\/wp\/v2\/users\/2"}],"replies":[{"embeddable":true,"href":"https:\/\/smago.de\/ws2\/wp-json\/wp\/v2\/comments?post=257329"}],"version-history":[{"count":4,"href":"https:\/\/smago.de\/ws2\/wp-json\/wp\/v2\/posts\/257329\/revisions"}],"predecessor-version":[{"id":257336,"href":"https:\/\/smago.de\/ws2\/wp-json\/wp\/v2\/posts\/257329\/revisions\/257336"}],"wp:featuredmedia":[{"embeddable":true,"href":"https:\/\/smago.de\/ws2\/wp-json\/wp\/v2\/media\/257330"}],"wp:attachment":[{"href":"https:\/\/smago.de\/ws2\/wp-json\/wp\/v2\/media?parent=257329"}],"wp:term":[{"taxonomy":"category","embeddable":true,"href":"https:\/\/smago.de\/ws2\/wp-json\/wp\/v2\/categories?post=257329"},{"taxonomy":"post_tag","embeddable":true,"href":"https:\/\/smago.de\/ws2\/wp-json\/wp\/v2\/tags?post=257329"}],"curies":[{"name":"wp","href":"https:\/\/api.w.org\/{rel}","templated":true}]}}