{"id":257317,"date":"2026-03-14T16:33:28","date_gmt":"2026-03-14T15:33:28","guid":{"rendered":"https:\/\/smago.de\/ws2\/?p=257317"},"modified":"2026-03-14T16:33:55","modified_gmt":"2026-03-14T15:33:55","slug":"lets-dance-tanz-aus-fuer-vanessa-borck","status":"publish","type":"post","link":"https:\/\/smago.de\/ws2\/pop-schlager\/lets-dance-tanz-aus-fuer-vanessa-borck\/","title":{"rendered":"&#8222;LET&#8217;S DANCE&#8220; <br>Tanz-Aus f\u00fcr Vanessa Borck!"},"content":{"rendered":"<p>Jedoch: Glanzvoller Sieg am Freitag!\u00a0 Doppelter Primetime-Sieg bei 14-59 J. &amp; 14-49 J. f\u00fcr &#8222;Let\u2019s Dance&#8220;!<!--more--><\/p>\n<p>&nbsp;<\/p>\n<p>&nbsp;<\/p>\n<p style=\"text-align: justify;\">Dem Motto &#8222;Teenage Dreams&#8220; der Konkurrenz davon getanzt: Durchschnittlich 2,99 Millionen Zuschauer ab 3 Jahre (MA: 16,0 %) sahen am gestrigen Freitag ab 20:15 Uhr die zweite regul\u00e4re Live-Show von &#8222;Let\u2019s Dance&#8220;, moderiert von Daniel Hartwich und Victoria Swarovski.<\/p>\n<p style=\"text-align: justify;\">Mit starken 17,3 Prozent Marktanteil bei den 14- bis 59-J\u00e4hrigen (1,25 Mio.) und 18,9 Prozent (0,68 Mio.) bei den 14- bis 49-J\u00e4hrigen sicherte sich Deutschlands sch\u00f6nste Tanzshow erneut den Primetime-Sieg in beiden Zielgruppen.<\/p>\n<p style=\"text-align: justify;\">Im Anschluss lief auch &#8222;Exclusiv Spezial &#8211; Let\u2019s Dance&#8220; ebenfalls erfolgreich: Frauke Ludowig pr\u00e4sentierte live vom Parkett weitere Einblicke und 1,42 Millionen Zuschauer waren im Schnitt dabei (MA: 17,7 %). Sehr gute 12,4 Prozent der 14- bis 59-J\u00e4hrigen verfolgten die News von der Tanzfl\u00e4che.<\/p>\n<p style=\"text-align: justify;\">Mit einem Tagesmarktanteil von 11,9 Prozent bei den 14- bis 59-J\u00e4hrigen und 12,7 Prozent bei den 14- bis 49-J\u00e4hrigen lag RTL am Freitag vor allen anderen Sendern.<\/p>\n<p style=\"text-align: justify;\">Vanessa Borck und Victoria Sauerwald sind in der gestrigen &#8222;Let\u2019s Dance&#8220; Show als zweites Tanzpaar ausgeschieden. N\u00e4chste Woche Freitag, 20.03., 20:15 Uhr geht es mit der 3. regul\u00e4ren Show weiter.<\/p>\n<p>&nbsp;<\/p>\n<p>&nbsp;<\/p>\n<p style=\"text-align: justify;\"><em><sup>Quelle f\u00fcr die TV-Quoten: AGF \/ GfK \/ DAP AGF SCOPE \/ RTL DATA \/ vorl. gew. \/ Stand: 14.03.2026<\/sup><\/em><\/p>\n<p>&nbsp;<\/p>\n<figure id=\"attachment_257318\" aria-describedby=\"caption-attachment-257318\" style=\"width: 800px\" class=\"wp-caption alignnone\"><img decoding=\"async\" loading=\"lazy\" class=\"size-large wp-image-257318\" src=\"https:\/\/smago.de\/ws2\/wp-content\/uploads\/2026\/03\/Bild-14.03.26-um-16.31-800x450.jpg\" alt=\"\" width=\"800\" height=\"450\" srcset=\"https:\/\/smago.de\/ws2\/wp-content\/uploads\/2026\/03\/Bild-14.03.26-um-16.31-800x450.jpg 800w, https:\/\/smago.de\/ws2\/wp-content\/uploads\/2026\/03\/Bild-14.03.26-um-16.31-522x294.jpg 522w, https:\/\/smago.de\/ws2\/wp-content\/uploads\/2026\/03\/Bild-14.03.26-um-16.31-267x150.jpg 267w, https:\/\/smago.de\/ws2\/wp-content\/uploads\/2026\/03\/Bild-14.03.26-um-16.31-768x432.jpg 768w, https:\/\/smago.de\/ws2\/wp-content\/uploads\/2026\/03\/Bild-14.03.26-um-16.31-392x221.jpg 392w, https:\/\/smago.de\/ws2\/wp-content\/uploads\/2026\/03\/Bild-14.03.26-um-16.31-130x73.jpg 130w, https:\/\/smago.de\/ws2\/wp-content\/uploads\/2026\/03\/Bild-14.03.26-um-16.31-791x445.jpg 791w, https:\/\/smago.de\/ws2\/wp-content\/uploads\/2026\/03\/Bild-14.03.26-um-16.31-870x489.jpg 870w, https:\/\/smago.de\/ws2\/wp-content\/uploads\/2026\/03\/Bild-14.03.26-um-16.31-292x164.jpg 292w, https:\/\/smago.de\/ws2\/wp-content\/uploads\/2026\/03\/Bild-14.03.26-um-16.31-435x245.jpg 435w, https:\/\/smago.de\/ws2\/wp-content\/uploads\/2026\/03\/Bild-14.03.26-um-16.31-895x503.jpg 895w, https:\/\/smago.de\/ws2\/wp-content\/uploads\/2026\/03\/Bild-14.03.26-um-16.31.jpg 1150w\" sizes=\"(max-width: 800px) 100vw, 800px\" \/><figcaption id=\"caption-attachment-257318\" class=\"wp-caption-text\"><em>Anna-Carina Woitschack, Evgeny Vinokurov&lt;<\/em><\/p>\n<p><em>Foto: RTL \/ Stefan Gregorowius<\/em><\/p>\n<p><em>Bitte beachten Sie auch <strong><a href=\"http:\/\/www.rtlplus.de\">RTL+<\/a><\/strong>!<\/em><\/figcaption><\/figure>\n","protected":false},"excerpt":{"rendered":"<p>Jedoch: Glanzvoller Sieg am Freitag!\u00a0 Doppelter Primetime-Sieg bei 14-59 J. &amp; 14-49 J. f\u00fcr &#8222;Let\u2019s Dance&#8220;!<\/p>\n","protected":false},"author":2,"featured_media":257318,"comment_status":"open","ping_status":"closed","sticky":false,"template":"","format":"standard","meta":{"_FSMCFIC_featured_image_caption":"","_FSMCFIC_featured_image_nocaption":"","_FSMCFIC_featured_image_hide":""},"categories":[28,29,128],"tags":[43],"acf":[],"_links":{"self":[{"href":"https:\/\/smago.de\/ws2\/wp-json\/wp\/v2\/posts\/257317"}],"collection":[{"href":"https:\/\/smago.de\/ws2\/wp-json\/wp\/v2\/posts"}],"about":[{"href":"https:\/\/smago.de\/ws2\/wp-json\/wp\/v2\/types\/post"}],"author":[{"embeddable":true,"href":"https:\/\/smago.de\/ws2\/wp-json\/wp\/v2\/users\/2"}],"replies":[{"embeddable":true,"href":"https:\/\/smago.de\/ws2\/wp-json\/wp\/v2\/comments?post=257317"}],"version-history":[{"count":2,"href":"https:\/\/smago.de\/ws2\/wp-json\/wp\/v2\/posts\/257317\/revisions"}],"predecessor-version":[{"id":257320,"href":"https:\/\/smago.de\/ws2\/wp-json\/wp\/v2\/posts\/257317\/revisions\/257320"}],"wp:featuredmedia":[{"embeddable":true,"href":"https:\/\/smago.de\/ws2\/wp-json\/wp\/v2\/media\/257318"}],"wp:attachment":[{"href":"https:\/\/smago.de\/ws2\/wp-json\/wp\/v2\/media?parent=257317"}],"wp:term":[{"taxonomy":"category","embeddable":true,"href":"https:\/\/smago.de\/ws2\/wp-json\/wp\/v2\/categories?post=257317"},{"taxonomy":"post_tag","embeddable":true,"href":"https:\/\/smago.de\/ws2\/wp-json\/wp\/v2\/tags?post=257317"}],"curies":[{"name":"wp","href":"https:\/\/api.w.org\/{rel}","templated":true}]}}