{"id":257310,"date":"2026-03-15T00:00:34","date_gmt":"2026-03-14T23:00:34","guid":{"rendered":"https:\/\/smago.de\/ws2\/?p=257310"},"modified":"2026-03-14T16:01:43","modified_gmt":"2026-03-14T15:01:43","slug":"dieter-hallervorden-ich-habe-grosses-lampenfieber-immer-noch","status":"publish","type":"post","link":"https:\/\/smago.de\/ws2\/nonsens\/dieter-hallervorden-ich-habe-grosses-lampenfieber-immer-noch\/","title":{"rendered":"DIETER HALLERVORDEN <br>&#8222;Ich habe gro\u00dfes Lampenfieber \u2013 immer noch!&#8220;\u00a0"},"content":{"rendered":"<p style=\"text-align: justify;\">In der MDR-Talkshow &#8222;Riverboat&#8220; sagte er &#8230;:<br \/>\n<!--more--><\/p>\n<p style=\"text-align: justify;\">\n<div style=\"text-align: justify;\"><b>Hier ist mein Geld begraben: Meine Theaterliebe und das Schlosspark Theater in Berlin<\/p>\n<p><\/b><\/div>\n<div style=\"text-align: justify;\">Ich bin als Schauspielsch\u00fcler oft am Schlosspark Theater gewesen. Irgendwann sah ich es geschlossen und dachte: Daf\u00fcr sind Theater nun wirklich nicht gemacht. Ich habe mich dann beworben mit zehn anderen Leuten, das Theater wieder zur er\u00f6ffnen, und eigenartiger Weise habe ich den Zuschlag 2009 erhalten und bei Klaus Wowereit den Vertrag unterschrieben. Ich habe dann auch den Zeitplan f\u00fcr den ganzen Umbau und Renovierung mit allen Denkmalschutzauflagen eingehalten und p\u00fcnktlich er\u00f6ffnet. Ich dachte: \u201eNun gut, alleine werde ich es wohl schaffen m\u00fcssen. Und: Hier wird mein Geld nun wohl begraben sein.\u201c Der Architekt sagte, ich w\u00fcrde wohl mit 400.000 Euro rechnen m\u00fcssen, bezahlt habe ich 1,7 Millionen. Alles ist bezahlt. Das zeigt also auch meine gro\u00dfe Theaterliebe.<\/div>\n<div style=\"text-align: justify;\"><\/div>\n<div style=\"text-align: justify;\"><b>Ich habe gro\u00dfes Lampenfieber \u2013 immer noch<\/p>\n<p><\/b><\/div>\n<div style=\"text-align: justify;\"><b>Kim Fisher: Gehst Du eigentlich noch jeden Abend auf die B\u00fchne und dankst Deinen Eltern? Ich habe das mal gelesen und wollte Dich fragen, ob Du das noch tust.\u00a0<\/b><\/div>\n<div style=\"text-align: justify;\">\nIch muss sagen, dass ich ein sehr, sehr r\u00fchrendes Elternpaar hatte und eine sehr, sehr sch\u00f6ne Kindheit. Ich stelle mir dann immer vor, was w\u00fcrden sie sagen, wenn sie unten im Zuschauerraum s\u00e4\u00dfen? Sie haben das leider nicht mehr erleben k\u00f6nnen. Ich habe sehr viel Lampenfieber und bin immer sehr aufgeregt. Der Gedanke, sie s\u00e4\u00dfen dort, beruhigt mich sehr, muss ich sagen. Wenn ich daran denke, sie w\u00fcrden unten sitzen und mir die Daumen dr\u00fccken.<\/div>\n<div style=\"text-align: justify;\">\nMein Vater musste das Bein abgenommen werden, und ich habe nicht einmal erlebt, dass er aufgegeben oder kapituliert hat. Er ist immer wieder aufgestanden. Wenn jemanden trotz dieses Schicksals so eine Willenskraft und ein R\u00fcckgrat hat \u2013 das hat meinen Lebensweg nat\u00fcrlich nachhaltig beeinflu\u00dft. Das hat mich als Kind in Dessau begleitet und meinen Weg wirklich sehr beeindruckt.<\/div>\n<div style=\"text-align: justify;\"><b>\u00a0<\/b><\/div>\n<div style=\"text-align: justify;\"><b>Ich bin der Stasi gerade so von der Schippe gesprungen &#8230;<\/p>\n<p><\/b><\/div>\n<div style=\"text-align: justify;\">Ich habe als \u00dcbersetzer gearbeitet und habe nat\u00fcrlich das Gegenteil von dem gesagt, was mir die Parteileute vorgeschrieben haben. Und das ist meist auch gut gegangen, denn die verstanden fast kein Franz\u00f6sisch. Auf einen gro\u00dfen Symposium auf Usedom habe ich aber etwas \u00fcbersehen und habe von meinem Techniker gesteckt bekommen, dass in den Blumengestecken Mikrofone versteckt waren und die B\u00e4nder gerade ausgewertet werden. Da bin ich Hals \u00fcber Kopf ausgezogen und in den Westen abgehauen. Ich habe dann meiner Wirtin in Ost-Berlin noch meine Miete zukommen lassen, und da berichtete sie mir von zwei Herren, die zwei Stunden nach meinem Auszug da waren und sehr entt\u00e4uscht dar\u00fcber, dass sie mich nicht mehr angetroffen haben. Ich bin also der Stasi quasi von der Schippe gesprungen.<\/div>\n<div style=\"text-align: justify;\"><\/div>\n<div style=\"text-align: justify;\"><b>Ich lebe meine Meinungsfreiheit ganz bewusst ohne R\u00fccksicht auf private oder berufliche <\/b><b>Vor- oder Nachteile<\/p>\n<p><\/b><\/div>\n<div style=\"text-align: justify;\">Ich habe Leitplanken f\u00fcr mein Leben: Gerechtigkeit, Frieden, Verantwortung und das lebe ich aus. Diese ganze Meinungsfreiheit, die nicht mehr gelebt wird, weil viele sich nicht mehr trauen, sich zu Themen zu \u00e4u\u00dfern, die durchbreche ich ganz bewu\u00dft ohne R\u00fccksicht auf private oder beruflich Vor- oder Nachteile. W\u00e4hrend wir hier sitzen und hoffentlich ein dritter Weltkrieg an uns vorbei schrammt, frage ich:<\/div>\n<div style=\"text-align: justify;\">Warum sagt man zu Putin \u201ev\u00f6lkerrechtsniedriger Angriff auf die Ukraine&#8220; und warum sagt man es bei dem Angriff der USA auf den Iran nicht? Erich K\u00e4stner schrieb einmal: Der Frieden ist ein wahres Meisterwerk der Vernunft. Frieden kann f\u00fcr mich auch ein Gefecht sein. Ein Gefecht der Worte, die man aber nur h\u00f6ren kann, wenn die Waffen schweigen. Ich habe den Krieg in Dessau mitbekommen, das Fallen von Bomben, das aus dem Schlaf rei\u00dfen, das Tr\u00fcmmerfeld meiner Heimatstadt Dessau. Ich kann wirklich nur alle warnen, die jetzt werben f\u00fcr die Bundeswehr: Die Freiheit verteidigen, damit es irgendwann Frieden gibt? Kriegst\u00fcchtigkeit herstellen ist eine Schwafelei sondergleichen. Kriegst\u00fcchtigkeit ist f\u00fcr mich das Unwort des Jahrhunderts und eine Unversch\u00e4mtheit. Wir sollten wie Spanien uns widersetzen und Milit\u00e4rbasen schlie\u00dfen. Keine Waren mehr aus Israel annehmen. Wir m\u00fcssen auf dieses Unrecht hinweisen, das dort passiert. Wir m\u00fcssen uns auf die Seite der Pal\u00e4stinenser stellen und uns f\u00fcr eine Zwei-Staaten-L\u00f6sung einsetzen.<\/div>\n<div style=\"text-align: justify;\"><b>\u00a0<\/b><\/div>\n<div style=\"text-align: justify;\"><b>Ich liebe und ich werde geliebt: Das ist das Tollste<\/p>\n<p><\/b><\/div>\n<div style=\"text-align: justify;\">Es ist wichtig, zu wissen, wie man alt wird. Mich w\u00fcrde die Zahl nicht umbringen der Jahre, die ich auf dem Buckel habe. Mich w\u00fcrde ein Ruhestand umbringen. Ich will ackern. Ich will einen Unruhestand haben und habe sehr viel Lebensfreude in mir, auch mit \u00fcber 90 Jahren. Ich habe auch eine emotionale Gesundheit: ich liebe und ich werde geliebt. Das ist das Tollste!<\/div>\n","protected":false},"excerpt":{"rendered":"<p>In der MDR-Talkshow &#8222;Riverboat&#8220; sagte er &#8230;:<\/p>\n","protected":false},"author":2,"featured_media":256405,"comment_status":"open","ping_status":"closed","sticky":false,"template":"","format":"standard","meta":{"_FSMCFIC_featured_image_caption":"","_FSMCFIC_featured_image_nocaption":"","_FSMCFIC_featured_image_hide":""},"categories":[23],"tags":[659],"acf":[],"_links":{"self":[{"href":"https:\/\/smago.de\/ws2\/wp-json\/wp\/v2\/posts\/257310"}],"collection":[{"href":"https:\/\/smago.de\/ws2\/wp-json\/wp\/v2\/posts"}],"about":[{"href":"https:\/\/smago.de\/ws2\/wp-json\/wp\/v2\/types\/post"}],"author":[{"embeddable":true,"href":"https:\/\/smago.de\/ws2\/wp-json\/wp\/v2\/users\/2"}],"replies":[{"embeddable":true,"href":"https:\/\/smago.de\/ws2\/wp-json\/wp\/v2\/comments?post=257310"}],"version-history":[{"count":1,"href":"https:\/\/smago.de\/ws2\/wp-json\/wp\/v2\/posts\/257310\/revisions"}],"predecessor-version":[{"id":257311,"href":"https:\/\/smago.de\/ws2\/wp-json\/wp\/v2\/posts\/257310\/revisions\/257311"}],"wp:featuredmedia":[{"embeddable":true,"href":"https:\/\/smago.de\/ws2\/wp-json\/wp\/v2\/media\/256405"}],"wp:attachment":[{"href":"https:\/\/smago.de\/ws2\/wp-json\/wp\/v2\/media?parent=257310"}],"wp:term":[{"taxonomy":"category","embeddable":true,"href":"https:\/\/smago.de\/ws2\/wp-json\/wp\/v2\/categories?post=257310"},{"taxonomy":"post_tag","embeddable":true,"href":"https:\/\/smago.de\/ws2\/wp-json\/wp\/v2\/tags?post=257310"}],"curies":[{"name":"wp","href":"https:\/\/api.w.org\/{rel}","templated":true}]}}