{"id":257282,"date":"2026-03-13T08:57:57","date_gmt":"2026-03-13T07:57:57","guid":{"rendered":"https:\/\/smago.de\/ws2\/?p=257282"},"modified":"2026-03-13T08:58:09","modified_gmt":"2026-03-13T07:58:09","slug":"chris-norman-christian-geller-ist-stolz-auf-ihr-gemeinsames-werk-lifelines","status":"publish","type":"post","link":"https:\/\/smago.de\/ws2\/uncategorized\/chris-norman-christian-geller-ist-stolz-auf-ihr-gemeinsames-werk-lifelines\/","title":{"rendered":"CHRIS NORMAN <br>Christian Geller ist stolz auf ihr gemeinsames Werk &#8222;Lifelines&#8220;!"},"content":{"rendered":"<p>Auf seiner Facebook-Seite schreibt Geller &#8230;:<br \/>\n<!--more--><\/p>\n<p>&nbsp;<\/p>\n<p>&nbsp;<\/p>\n<p style=\"text-align: justify;\"><em>Happy release day!!! Endlich ist es so weit: mein Album mit Weltstar CHRIS NORMAN wird heute ver\u00f6ffentlicht. <\/em><\/p>\n<p style=\"text-align: justify;\"><em>Tja, was soll ich sagen: ich war gerade 11 Jahre alt, als \u201eMidnight Lady\u201c erschien, meine Eltern tanzten immer zu \u201eStumblin&#8216; In\u201c, und seine Welthits mit Smokie begleiten bis heute fast jede Party. <\/em><\/p>\n<p style=\"text-align: justify;\"><em>F\u00fcr mich bedeutet es unglaublich viel, eine solche Karriere mit meiner Musik gemeinsam mit einem solchen K\u00fcnstler weiterzuerz\u00e4hlen. Alle Video, alle Fotos und die Musikaufnahmen sind in meinem Studio 61 in Kruft entstanden, und Chris ist einer der nettesten K\u00fcnstler, die ich in meinen 30 Jahren Business kennengelernt habe. <\/em><\/p>\n<p style=\"text-align: justify;\"><em>Danke dir, lieber Chris Norman, dass du auf deiner Jahrzehnte andauernden Weltreise Halt in Kruft gemacht hast, um dieses Meisterwerk gemeinsam mit mir herzustellen &#8211; das bedeutet mir wahnsinnig viel! <\/em><\/p>\n<p style=\"text-align: justify;\"><em>Und euch da drau\u00dfen w\u00fcnsche ich eine Menge Spa\u00df mit diesem Album, und ich hoffe, wir sehen uns alle auf der \u201eLifelines\u201c-Tour, um gemeinsam unsere Lebensl\u00e4ufe zu feiern!!! <span class=\"html-span xexx8yu xyri2b x18d9i69 x1c1uobl x1hl2dhg x16tdsg8 x1vvkbs x3nfvp2 x1j61x8r x1fcty0u xdj266r xat24cr xm2jcoa x1mpyi22 xxymvpz xlup9mm x1kky2od\"><img decoding=\"async\" loading=\"lazy\" class=\"xz74otr x15mokao x1ga7v0g x16uus16 xbiv7yw\" src=\"https:\/\/static.xx.fbcdn.net\/images\/emoji.php\/v9\/t1f\/2\/16\/1f64f.png\" alt=\"&#x1f64f;\" width=\"16\" height=\"16\" \/><\/span><span class=\"html-span xexx8yu xyri2b x18d9i69 x1c1uobl x1hl2dhg x16tdsg8 x1vvkbs x3nfvp2 x1j61x8r x1fcty0u xdj266r xat24cr xm2jcoa x1mpyi22 xxymvpz xlup9mm x1kky2od\"><img decoding=\"async\" loading=\"lazy\" class=\"xz74otr x15mokao x1ga7v0g x16uus16 xbiv7yw\" src=\"https:\/\/static.xx.fbcdn.net\/images\/emoji.php\/v9\/ted\/2\/16\/2764.png\" alt=\"&#x2764;&#xfe0f;\" width=\"16\" height=\"16\" \/><\/span><\/em><\/p>\n","protected":false},"excerpt":{"rendered":"<p>Auf seiner Facebook-Seite schreibt Geller &#8230;:<\/p>\n","protected":false},"author":2,"featured_media":257283,"comment_status":"open","ping_status":"closed","sticky":false,"template":"","format":"standard","meta":{"_FSMCFIC_featured_image_caption":"","_FSMCFIC_featured_image_nocaption":"","_FSMCFIC_featured_image_hide":""},"categories":[1],"tags":[1905],"acf":[],"_links":{"self":[{"href":"https:\/\/smago.de\/ws2\/wp-json\/wp\/v2\/posts\/257282"}],"collection":[{"href":"https:\/\/smago.de\/ws2\/wp-json\/wp\/v2\/posts"}],"about":[{"href":"https:\/\/smago.de\/ws2\/wp-json\/wp\/v2\/types\/post"}],"author":[{"embeddable":true,"href":"https:\/\/smago.de\/ws2\/wp-json\/wp\/v2\/users\/2"}],"replies":[{"embeddable":true,"href":"https:\/\/smago.de\/ws2\/wp-json\/wp\/v2\/comments?post=257282"}],"version-history":[{"count":2,"href":"https:\/\/smago.de\/ws2\/wp-json\/wp\/v2\/posts\/257282\/revisions"}],"predecessor-version":[{"id":257285,"href":"https:\/\/smago.de\/ws2\/wp-json\/wp\/v2\/posts\/257282\/revisions\/257285"}],"wp:featuredmedia":[{"embeddable":true,"href":"https:\/\/smago.de\/ws2\/wp-json\/wp\/v2\/media\/257283"}],"wp:attachment":[{"href":"https:\/\/smago.de\/ws2\/wp-json\/wp\/v2\/media?parent=257282"}],"wp:term":[{"taxonomy":"category","embeddable":true,"href":"https:\/\/smago.de\/ws2\/wp-json\/wp\/v2\/categories?post=257282"},{"taxonomy":"post_tag","embeddable":true,"href":"https:\/\/smago.de\/ws2\/wp-json\/wp\/v2\/tags?post=257282"}],"curies":[{"name":"wp","href":"https:\/\/api.w.org\/{rel}","templated":true}]}}