{"id":257260,"date":"2026-03-13T07:01:22","date_gmt":"2026-03-13T06:01:22","guid":{"rendered":"https:\/\/smago.de\/ws2\/?p=257260"},"modified":"2026-03-13T07:01:22","modified_gmt":"2026-03-13T06:01:22","slug":"allessa-allessa-triumphiert-20-000-meilen-bleibt-das-mass-aller-dinge-zum-dritten-mal-in-folge-platz-1","status":"publish","type":"post","link":"https:\/\/smago.de\/ws2\/pop-schlager\/allessa-allessa-triumphiert-20-000-meilen-bleibt-das-mass-aller-dinge-zum-dritten-mal-in-folge-platz-1\/","title":{"rendered":"ALLESSA <br>Allessa triumphiert! \u201e20.000 Meilen\u201c bleibt das Ma\u00df aller Dinge \u2013 zum dritten Mal in Folge Platz 1!"},"content":{"rendered":"<p>Die \u00f6sterreichische Power-Frau f\u00fchrt auch in der 11. Chart-Woche 2026v fdie Airplay Charts \u201eDeutschland Konservativ Pop\u201c souver\u00e4n an \u2013 ein gl\u00e4nzender Erfolg f\u00fcr sie und ihr neues Label LASSO-MUSIC!<br \/>\n<!--more--><\/p>\n<p style=\"text-align: justify;\">\nWas f\u00fcr ein H\u00f6henflug! Der \u00f6sterreichischen S\u00e4ngerin ALLESSA gelingt, wovon viele K\u00fcnstlerinnen tr\u00e4umen: Mit ihrem Hit <span class=\"font-semibold\" data-streamdown=\"strong\">\u201e20.000 Meilen\u201c<\/span> erobert sie nicht nur die Herzen der H\u00f6rer, sondern h\u00e4lt sich nun schon zum <span class=\"font-semibold\" data-streamdown=\"strong\">dritten Mal in Folge auf Platz 1<\/span> der Airplay Charts \u201eDeutschland Konservativ Pop\u201c \u2013 ermittelt von MusicTrace. In der 11. Chart-Woche 2026 vom <span class=\"font-semibold\" data-streamdown=\"strong\">06.03. &#8211; 12.03.<\/span> bleibt sie unangefochten an der Spitze.<\/p>\n<p style=\"text-align: justify;\">Damit festigt Allessa ihre Position als eine der erfolgreichsten Schlagerk\u00fcnstlerinnen im deutschsprachigen Raum. Ihre sympathische Ausstrahlung, die markante Stimme und das Gef\u00fchl f\u00fcr mitrei\u00dfende Melodien machen sie derzeit schlicht unschlagbar.<\/p>\n<p style=\"text-align: justify;\">Doch die Konkurrenz schl\u00e4ft nicht: <span class=\"font-semibold\" data-streamdown=\"strong\">Michelle<\/span> behauptet sich mit ihrem Titel <span class=\"font-semibold\" data-streamdown=\"strong\">\u201eRichtig oder falsch\u201c<\/span> weiterhin tapfer auf Rang zwei. Die Schlager-Ikone konnte zuvor <span class=\"font-semibold\" data-streamdown=\"strong\">f\u00fcnf Wochen lang<\/span> den Spitzenplatz halten \u2013 ein eindrucksvoller Beweis, dass sie nach wie vor zu den ganz Gro\u00dfen geh\u00f6rt. Auf <span class=\"font-semibold\" data-streamdown=\"strong\">Platz drei<\/span> folgt kein Geringerer als <span class=\"font-semibold\" data-streamdown=\"strong\">Roland Kaiser<\/span> mit seinem charmanten Ohrwurm <span class=\"font-semibold\" data-streamdown=\"strong\">\u201eMein Kompliment\u201c<\/span>, der das Ranking w\u00fcrdevoll abrundet.<\/p>\n<p style=\"text-align: justify;\">Besonders <span class=\"font-semibold\" data-streamdown=\"strong\">bemerkenswert<\/span> ist dieser Triumph auch f\u00fcr das frisch gegr\u00fcndete Label <span class=\"font-semibold\" data-streamdown=\"strong\">LASSO-MUSIC<\/span> von <span class=\"font-semibold\" data-streamdown=\"strong\">Frank Haberland<\/span>. Gleich mit ihrem ersten gro\u00dfen Hit an die Spitze der Airplay Charts \u2013 und das drei Wochen in Folge \u2013 ist ein Start, der in der Branche f\u00fcr Aufsehen sorgt.<\/p>\n<p style=\"text-align: justify;\">Allessa zeigt mit \u201e20.000 Meilen\u201c einmal mehr, dass Leidenschaft, Ausstrahlung und Authentizit\u00e4t der wahre Treibstoff f\u00fcr Langstrecken-Erfolge sind \u2013 ganz gleich, wie viele Meilen noch vor ihr liegen.<\/p>\n<p>In den internationalen Airplay Charts rangiert Allessa im \u00dcbrigen auf Platz 87.<\/p>\n<p>&nbsp;<\/p>\n<p>&nbsp;<\/p>\n<p><img decoding=\"async\" loading=\"lazy\" class=\"alignnone size-large wp-image-254364\" src=\"https:\/\/smago.de\/ws2\/wp-content\/uploads\/2026\/01\/allessa_20.000-back-1-800x800.jpg\" alt=\"\" width=\"800\" height=\"800\" srcset=\"https:\/\/smago.de\/ws2\/wp-content\/uploads\/2026\/01\/allessa_20.000-back-1-800x800.jpg 800w, https:\/\/smago.de\/ws2\/wp-content\/uploads\/2026\/01\/allessa_20.000-back-1-522x522.jpg 522w, https:\/\/smago.de\/ws2\/wp-content\/uploads\/2026\/01\/allessa_20.000-back-1-150x150.jpg 150w, https:\/\/smago.de\/ws2\/wp-content\/uploads\/2026\/01\/allessa_20.000-back-1-768x768.jpg 768w, https:\/\/smago.de\/ws2\/wp-content\/uploads\/2026\/01\/allessa_20.000-back-1-272x272.jpg 272w, https:\/\/smago.de\/ws2\/wp-content\/uploads\/2026\/01\/allessa_20.000-back-1-600x600.jpg 600w, https:\/\/smago.de\/ws2\/wp-content\/uploads\/2026\/01\/allessa_20.000-back-1-130x130.jpg 130w, https:\/\/smago.de\/ws2\/wp-content\/uploads\/2026\/01\/allessa_20.000-back-1-445x445.jpg 445w, https:\/\/smago.de\/ws2\/wp-content\/uploads\/2026\/01\/allessa_20.000-back-1-190x190.jpg 190w, https:\/\/smago.de\/ws2\/wp-content\/uploads\/2026\/01\/allessa_20.000-back-1-290x290.jpg 290w, https:\/\/smago.de\/ws2\/wp-content\/uploads\/2026\/01\/allessa_20.000-back-1.jpg 1200w\" sizes=\"(max-width: 800px) 100vw, 800px\" \/><\/p>\n","protected":false},"excerpt":{"rendered":"<p>Die \u00f6sterreichische Power-Frau f\u00fchrt auch in der 11. Chart-Woche 2026v fdie Airplay Charts \u201eDeutschland Konservativ Pop\u201c souver\u00e4n an \u2013 ein<\/p>\n","protected":false},"author":2,"featured_media":256418,"comment_status":"open","ping_status":"closed","sticky":false,"template":"","format":"standard","meta":{"_FSMCFIC_featured_image_caption":"","_FSMCFIC_featured_image_nocaption":"","_FSMCFIC_featured_image_hide":""},"categories":[28,39],"tags":[318],"acf":[],"_links":{"self":[{"href":"https:\/\/smago.de\/ws2\/wp-json\/wp\/v2\/posts\/257260"}],"collection":[{"href":"https:\/\/smago.de\/ws2\/wp-json\/wp\/v2\/posts"}],"about":[{"href":"https:\/\/smago.de\/ws2\/wp-json\/wp\/v2\/types\/post"}],"author":[{"embeddable":true,"href":"https:\/\/smago.de\/ws2\/wp-json\/wp\/v2\/users\/2"}],"replies":[{"embeddable":true,"href":"https:\/\/smago.de\/ws2\/wp-json\/wp\/v2\/comments?post=257260"}],"version-history":[{"count":1,"href":"https:\/\/smago.de\/ws2\/wp-json\/wp\/v2\/posts\/257260\/revisions"}],"predecessor-version":[{"id":257261,"href":"https:\/\/smago.de\/ws2\/wp-json\/wp\/v2\/posts\/257260\/revisions\/257261"}],"wp:featuredmedia":[{"embeddable":true,"href":"https:\/\/smago.de\/ws2\/wp-json\/wp\/v2\/media\/256418"}],"wp:attachment":[{"href":"https:\/\/smago.de\/ws2\/wp-json\/wp\/v2\/media?parent=257260"}],"wp:term":[{"taxonomy":"category","embeddable":true,"href":"https:\/\/smago.de\/ws2\/wp-json\/wp\/v2\/categories?post=257260"},{"taxonomy":"post_tag","embeddable":true,"href":"https:\/\/smago.de\/ws2\/wp-json\/wp\/v2\/tags?post=257260"}],"curies":[{"name":"wp","href":"https:\/\/api.w.org\/{rel}","templated":true}]}}