{"id":257252,"date":"2026-03-13T00:00:34","date_gmt":"2026-03-12T23:00:34","guid":{"rendered":"https:\/\/smago.de\/ws2\/?p=257252"},"modified":"2026-03-12T23:57:30","modified_gmt":"2026-03-12T22:57:30","slug":"heino-ab-heute-13-03-2026-im-streaming-auf-rtl-die-neue-doku-serie-heino-karamba-karacho-kult","status":"publish","type":"post","link":"https:\/\/smago.de\/ws2\/volksmusik\/heino-ab-heute-13-03-2026-im-streaming-auf-rtl-die-neue-doku-serie-heino-karamba-karacho-kult\/","title":{"rendered":"HEINO <br>Ab heute (13.03.2026) im Streaming auf RTL+: Die neue Doku-Serie &#8222;HEINO &#8211; Karamba, Karacho, Kult!&#8220;!"},"content":{"rendered":"<p>Auf VOX im Free-TV l\u00e4uft die Doku-Serie am 31.03. + 07.04.2026, jeweils um 20:15 Uhr!\u00a0Sehen Sie HIER einen Vorschau-Trailer &#8230;:<!--more--><\/p>\n<p>&nbsp;<\/p>\n<p>&nbsp;<\/p>\n<p>&nbsp;<\/p>\n<p style=\"text-align: justify;\">F\u00fcnf Jahre lang begleiteten Kamerateams HEINO rund um den Globus. Von New York \u00fcber Mallorca bis nach Paris, Rom und Dresden &#8211; die aufwendige Produktion sch\u00f6pft aus einem unglaublichen Fundus.<\/p>\n<p style=\"text-align: justify;\">\u00dcber 100.000 exklusive Fotos und Privatvideos aus dem Archiv von Heino wurden gesichtet.<\/p>\n<p style=\"text-align: justify;\">Das Ergebnis sind vier hochwertige Episoden \u00e0 45 Minuten, die ein humorvolles und tiefgr\u00fcndiges Biopic zeichnen.<\/p>\n<p style=\"text-align: justify;\">Die erste Folge steht ab 13. M\u00e4rz zum Abruf auf RTL+ bereit, die restlichen folgen am 24. M\u00e4rz.<\/p>\n<p style=\"text-align: justify;\">Auf VOX im Free-TV l\u00e4uft die Doku-Serie am 31. M\u00e4rz und 07. April (20:15 Uhr).<\/p>\n<p>&nbsp;<\/p>\n<p>&nbsp;<\/p>\n<p><iframe loading=\"lazy\" style=\"border: none; overflow: hidden;\" src=\"https:\/\/www.facebook.com\/plugins\/video.php?height=476&amp;href=https%3A%2F%2Fwww.facebook.com%2Freel%2F931705412646580%2F&amp;show_text=false&amp;width=267&amp;t=0\" width=\"267\" height=\"476\" frameborder=\"0\" scrolling=\"no\" allowfullscreen=\"allowfullscreen\"><\/iframe><\/p>\n","protected":false},"excerpt":{"rendered":"<p>Auf VOX im Free-TV l\u00e4uft die Doku-Serie am 31.03. + 07.04.2026, jeweils um 20:15 Uhr!\u00a0Sehen Sie HIER einen Vorschau-Trailer &#8230;:<\/p>\n","protected":false},"author":2,"featured_media":256270,"comment_status":"open","ping_status":"closed","sticky":false,"template":"","format":"standard","meta":{"_FSMCFIC_featured_image_caption":"","_FSMCFIC_featured_image_nocaption":"","_FSMCFIC_featured_image_hide":""},"categories":[128,30],"tags":[565],"acf":[],"_links":{"self":[{"href":"https:\/\/smago.de\/ws2\/wp-json\/wp\/v2\/posts\/257252"}],"collection":[{"href":"https:\/\/smago.de\/ws2\/wp-json\/wp\/v2\/posts"}],"about":[{"href":"https:\/\/smago.de\/ws2\/wp-json\/wp\/v2\/types\/post"}],"author":[{"embeddable":true,"href":"https:\/\/smago.de\/ws2\/wp-json\/wp\/v2\/users\/2"}],"replies":[{"embeddable":true,"href":"https:\/\/smago.de\/ws2\/wp-json\/wp\/v2\/comments?post=257252"}],"version-history":[{"count":2,"href":"https:\/\/smago.de\/ws2\/wp-json\/wp\/v2\/posts\/257252\/revisions"}],"predecessor-version":[{"id":257254,"href":"https:\/\/smago.de\/ws2\/wp-json\/wp\/v2\/posts\/257252\/revisions\/257254"}],"wp:featuredmedia":[{"embeddable":true,"href":"https:\/\/smago.de\/ws2\/wp-json\/wp\/v2\/media\/256270"}],"wp:attachment":[{"href":"https:\/\/smago.de\/ws2\/wp-json\/wp\/v2\/media?parent=257252"}],"wp:term":[{"taxonomy":"category","embeddable":true,"href":"https:\/\/smago.de\/ws2\/wp-json\/wp\/v2\/categories?post=257252"},{"taxonomy":"post_tag","embeddable":true,"href":"https:\/\/smago.de\/ws2\/wp-json\/wp\/v2\/tags?post=257252"}],"curies":[{"name":"wp","href":"https:\/\/api.w.org\/{rel}","templated":true}]}}