{"id":257245,"date":"2026-03-12T17:36:01","date_gmt":"2026-03-12T16:36:01","guid":{"rendered":"https:\/\/smago.de\/ws2\/?p=257245"},"modified":"2026-03-12T17:36:01","modified_gmt":"2026-03-12T16:36:01","slug":"christian-lais-weil-wir-traeumer-sind-oder-ein-power-song-fuers-herz","status":"publish","type":"post","link":"https:\/\/smago.de\/ws2\/pop-schlager\/christian-lais-weil-wir-traeumer-sind-oder-ein-power-song-fuers-herz\/","title":{"rendered":"CHRISTIAN LAIS <br>&#8222;Weil wir Tr\u00e4umer sind&#8220; ODER Ein Power-Song f\u00fcrs Herz!"},"content":{"rendered":"<p>Christian Lais macht das Tr\u00e4umen unaufhaltsam!<!--more--><\/p>\n<p>&nbsp;<\/p>\n<p>&nbsp;<\/p>\n<p style=\"text-align: justify;\">\n<p style=\"text-align: justify;\">Mit seiner neuen Single \u201eWeil wir Tr\u00e4umer sind\u201c kn\u00fcpft CHRISTIAN LAIS an die emotionalen, authentischen Klangwelten an, f\u00fcr die ihn sein Publikum liebt. Der Ausnahmes\u00e4nger pr\u00e4sentiert einen Titel, der Mut macht, Hoffnung schenkt und das Tr\u00e4umen wieder erlaubt \u2013 gerade in Zeiten, in denen Leichtigkeit und Zuversicht oft zu kurz kommen.<\/p>\n<p style=\"text-align: justify;\">\u201eWir alle brauchen diese kleinen Fluchten, diese Momente, in denen wir an das Gute glauben und dem Herzen folgen\u201c, sagt Christian Lais \u00fcber seinen neuen Song. Genau diese Haltung spiegelt sich in jeder Zeile wider: Ein moderner Popschlager, getragen von seinem unverwechselbar warmen Timbre, starken Melodien und einer Produktion, die gleichzeitig zeitgem\u00e4\u00df und gef\u00fchlvoll klingt.<\/p>\n<p style=\"text-align: justify;\">Textlich ist \u201eWeil wir Tr\u00e4umer sind\u201c eine Einladung, fest an die eigenen W\u00fcnsche zu glauben \u2013 ganz egal, wie laut die Welt da drau\u00dfen wird. Lais erinnert mit eindrucksvoller Ehrlichkeit daran, dass Tr\u00e4ume nicht naiv sind, sondern Kraft geben, Orientierung schenken und uns durch schwierige Phasen tragen k\u00f6nnen.<\/p>\n<p style=\"text-align: justify;\">Musikalisch vereint der Song optimistischen Drive mit einem emotionalen Tiefgang, der typisch f\u00fcr K\u00fcnstler ist, die viel erlebt haben \u2013 und dennoch niemals den Glauben an das Leben verlieren. Christian Lais gelingt hier ein Werk, das sowohl radiotauglich als auch ber\u00fchrend ist: Ein Song f\u00fcr die gro\u00dfen B\u00fchnen, aber auch f\u00fcr jene stillen Momente, in denen man sich selbst wiederfindet.<\/p>\n<p style=\"text-align: justify;\">Mit \u201eWeil wir Tr\u00e4umer sind\u201c setzt Christian Lais seinen Weg konsequent fort und beweist einmal mehr, warum er seit Jahren zu den st\u00e4rksten Stimmen im deutschen Schlager geh\u00f6rt. Ein Titel, der bewegt, motiviert \u2013 und uns daran erinnert, dass Tr\u00e4umer oft diejenigen sind, die am Ende Gro\u00dfes bewegen.<\/p>\n<p>&nbsp;<\/p>\n<p>&nbsp;<\/p>\n<p>&nbsp;<\/p>\n<p style=\"text-align: justify;\"><strong>LINK-TIPPS:<\/p>\n<p><\/strong><\/p>\n<p><strong>Web: <a href=\"https:\/\/g6xhi.r.sp1-brevo.net\/mk\/cl\/f\/sh\/6rqJfgq8dINmNvitHPWhZA5SG6L\/KmHnVzWnQm5X\">https:\/\/www.christianlais.de\/<\/a><\/strong><\/p>\n<p><strong>Instagram: <a href=\"https:\/\/g6xhi.r.sp1-brevo.net\/mk\/cl\/f\/sh\/6rqJfgq8dIPRQO12liwFUlDNtPN\/23jwGgpZ5RGl\">https:\/\/www.instagram.com\/christian_lais_musik<\/a><\/strong><\/p>\n<p><strong>Facebook: <a href=\"https:\/\/g6xhi.r.sp1-brevo.net\/mk\/cl\/f\/sh\/6rqJfgq8dIR6SqJCG2LnQMLJWiP\/DHLt30BFpom2\">https:\/\/www.facebook.com\/christian.lais\/<\/a><\/strong><\/p>\n","protected":false},"excerpt":{"rendered":"<p>Christian Lais macht das Tr\u00e4umen unaufhaltsam!<\/p>\n","protected":false},"author":2,"featured_media":257246,"comment_status":"open","ping_status":"closed","sticky":false,"template":"","format":"standard","meta":{"_FSMCFIC_featured_image_caption":"","_FSMCFIC_featured_image_nocaption":"","_FSMCFIC_featured_image_hide":""},"categories":[28],"tags":[42],"acf":[],"_links":{"self":[{"href":"https:\/\/smago.de\/ws2\/wp-json\/wp\/v2\/posts\/257245"}],"collection":[{"href":"https:\/\/smago.de\/ws2\/wp-json\/wp\/v2\/posts"}],"about":[{"href":"https:\/\/smago.de\/ws2\/wp-json\/wp\/v2\/types\/post"}],"author":[{"embeddable":true,"href":"https:\/\/smago.de\/ws2\/wp-json\/wp\/v2\/users\/2"}],"replies":[{"embeddable":true,"href":"https:\/\/smago.de\/ws2\/wp-json\/wp\/v2\/comments?post=257245"}],"version-history":[{"count":1,"href":"https:\/\/smago.de\/ws2\/wp-json\/wp\/v2\/posts\/257245\/revisions"}],"predecessor-version":[{"id":257247,"href":"https:\/\/smago.de\/ws2\/wp-json\/wp\/v2\/posts\/257245\/revisions\/257247"}],"wp:featuredmedia":[{"embeddable":true,"href":"https:\/\/smago.de\/ws2\/wp-json\/wp\/v2\/media\/257246"}],"wp:attachment":[{"href":"https:\/\/smago.de\/ws2\/wp-json\/wp\/v2\/media?parent=257245"}],"wp:term":[{"taxonomy":"category","embeddable":true,"href":"https:\/\/smago.de\/ws2\/wp-json\/wp\/v2\/categories?post=257245"},{"taxonomy":"post_tag","embeddable":true,"href":"https:\/\/smago.de\/ws2\/wp-json\/wp\/v2\/tags?post=257245"}],"curies":[{"name":"wp","href":"https:\/\/api.w.org\/{rel}","templated":true}]}}