{"id":257225,"date":"2026-03-13T00:00:44","date_gmt":"2026-03-12T23:00:44","guid":{"rendered":"https:\/\/smago.de\/ws2\/?p=257225"},"modified":"2026-03-12T15:53:08","modified_gmt":"2026-03-12T14:53:08","slug":"stefan-zauner-petra-manuela-beim-smago-award-oesterreich-6-0-feiern-wir-das-40-jaehrige-ohne-dich-schlaf-ich-heut-nacht-nicht-ein-hit-jubilaeum-mit-ihnen","status":"publish","type":"post","link":"https:\/\/smago.de\/ws2\/pop-schlager\/stefan-zauner-petra-manuela-beim-smago-award-oesterreich-6-0-feiern-wir-das-40-jaehrige-ohne-dich-schlaf-ich-heut-nacht-nicht-ein-hit-jubilaeum-mit-ihnen\/","title":{"rendered":"STEFAN ZAUNER &#038; PETRA MANUELA <br>Beim smago! Award \u00d6sterreich 6.0 feiern wir das 40-j\u00e4hrige &#8222;Ohne dich (schlaf&#8216; ich heut&#8216; Nacht nicht ein)&#8220; Hit-Jubil\u00e4um mit ihnen!"},"content":{"rendered":"<p style=\"text-align: justify;\">Stefan Zauner, der Originals\u00e4nger der M\u00fcnchener Freiheit, meidet seit \u00fcber einem Jahrzehnt B\u00fchnenauftritte jeglicher Art! F\u00fcr SMAGO macht er eine einmalige Ausnahme &#8230;:<br \/>\n<!--more--><\/p>\n<p>&nbsp;<\/p>\n<p>&nbsp;<\/p>\n<p>&nbsp;<\/p>\n<p style=\"text-align: justify;\">Wenn am<strong> <span class=\"font-semibold\" data-streamdown=\"strong\">8. April 2026<\/span><\/strong> in der legend\u00e4ren <strong><span class=\"font-semibold\" data-streamdown=\"strong\">Hohenhaus Tenne Schladming<\/span><\/strong> der <strong><span class=\"font-semibold\" data-streamdown=\"strong\"><em>smago!<\/em> Award \u00d6sterreich 6.0<\/span> <\/strong>\u00fcber die B\u00fchne geht, d\u00fcrfen sich Musikfans auf ein ganz besonderes Highlight freuen: Das <span class=\"font-semibold\" data-streamdown=\"strong\">40-j\u00e4hrige Hit-Jubil\u00e4um<\/span> des Superhits <em>\u201eOhne dich (schlaf\u2019 ich heut\u2019 Nacht nicht ein)\u201d<\/em> wird geb\u00fchrend gefeiert \u2013 mit einer exklusiven Darbietung von <strong><span class=\"font-semibold\" data-streamdown=\"strong\">STEFAN ZAUNER &amp; PETRA MANUELA<\/span><\/strong>.<\/p>\n<p style=\"text-align: justify;\">Dass Stefan Zauner, der charismatische <span class=\"font-semibold\" data-streamdown=\"strong\">Originals\u00e4nger der M\u00fcnchener Freiheit<\/span> (1980\u20132011) und einer der <span class=\"font-semibold\" data-streamdown=\"strong\">Sch\u00f6pfer <\/span>dieses unverg\u00e4nglichen Deutschpop-Klassikers, f\u00fcr dieses Ereignis die B\u00fchne betritt, ist eine kleine Sensation. Seit Jahren meidet der Musiker \u00f6ffentliche Auftritte konsequent \u2013 eine bewusste Entscheidung aus k\u00fcnstlerischer \u00dcberzeugung. Doch f\u00fcr den<em> smago!<\/em> Award macht er gerne eine <span class=\"font-semibold\" data-streamdown=\"strong\">einmalige Ausnahme<\/span>.<\/p>\n<p style=\"text-align: justify;\">Gemeinsam mit seiner Ehepartnerin <span class=\"font-semibold\" data-streamdown=\"strong\">Petra Manuela<\/span> wird Zauner an diesem Abend ein St\u00fcck deutsche Musikgeschichte lebendig werden lassen. \u201eOhne dich (schlaf&#8216; ich heut&#8216; Nacht nicht ein)\u201d \u2013 jener Song, der Generationen bewegt und l\u00e4ngst zum <span class=\"font-semibold\" data-streamdown=\"strong\">emotionalen Evergreen<\/span> der deutschsprachigen Popmusik geworden ist \u2013 erstrahlt erneut in gro\u00dfem Glanz. Ein Moment, den man sich als Musikliebhaber nicht entgehen lassen sollte.<\/p>\n","protected":false},"excerpt":{"rendered":"<p>Stefan Zauner, der Originals\u00e4nger der M\u00fcnchener Freiheit, meidet seit \u00fcber einem Jahrzehnt B\u00fchnenauftritte jeglicher Art! F\u00fcr SMAGO macht er eine<\/p>\n","protected":false},"author":2,"featured_media":257230,"comment_status":"open","ping_status":"closed","sticky":false,"template":"","format":"standard","meta":{"_FSMCFIC_featured_image_caption":"","_FSMCFIC_featured_image_nocaption":"","_FSMCFIC_featured_image_hide":""},"categories":[28,39],"tags":[309,2900],"acf":[],"_links":{"self":[{"href":"https:\/\/smago.de\/ws2\/wp-json\/wp\/v2\/posts\/257225"}],"collection":[{"href":"https:\/\/smago.de\/ws2\/wp-json\/wp\/v2\/posts"}],"about":[{"href":"https:\/\/smago.de\/ws2\/wp-json\/wp\/v2\/types\/post"}],"author":[{"embeddable":true,"href":"https:\/\/smago.de\/ws2\/wp-json\/wp\/v2\/users\/2"}],"replies":[{"embeddable":true,"href":"https:\/\/smago.de\/ws2\/wp-json\/wp\/v2\/comments?post=257225"}],"version-history":[{"count":2,"href":"https:\/\/smago.de\/ws2\/wp-json\/wp\/v2\/posts\/257225\/revisions"}],"predecessor-version":[{"id":257231,"href":"https:\/\/smago.de\/ws2\/wp-json\/wp\/v2\/posts\/257225\/revisions\/257231"}],"wp:featuredmedia":[{"embeddable":true,"href":"https:\/\/smago.de\/ws2\/wp-json\/wp\/v2\/media\/257230"}],"wp:attachment":[{"href":"https:\/\/smago.de\/ws2\/wp-json\/wp\/v2\/media?parent=257225"}],"wp:term":[{"taxonomy":"category","embeddable":true,"href":"https:\/\/smago.de\/ws2\/wp-json\/wp\/v2\/categories?post=257225"},{"taxonomy":"post_tag","embeddable":true,"href":"https:\/\/smago.de\/ws2\/wp-json\/wp\/v2\/tags?post=257225"}],"curies":[{"name":"wp","href":"https:\/\/api.w.org\/{rel}","templated":true}]}}