{"id":257216,"date":"2026-03-12T23:59:51","date_gmt":"2026-03-12T22:59:51","guid":{"rendered":"https:\/\/smago.de\/ws2\/?p=257216"},"modified":"2026-03-12T15:17:06","modified_gmt":"2026-03-12T14:17:06","slug":"ernst-holzmann-der-seemann-der-berge-empfiehlt-nimm-deinen-mut-und-steh-auf","status":"publish","type":"post","link":"https:\/\/smago.de\/ws2\/schlager\/ernst-holzmann-der-seemann-der-berge-empfiehlt-nimm-deinen-mut-und-steh-auf\/","title":{"rendered":"ERNST HOLZMANN <br>Der &#8222;Seemann der Berge&#8220; empfiehlt: &#8222;Nimm deinen Mut und steh auf&#8220;!"},"content":{"rendered":"<p style=\"text-align: justify;\">Mit diesem Song beschreibt er seinen Lebensweg, der nicht immer leicht war!<!--more--><\/p>\n<p style=\"text-align: justify;\">\n<p style=\"text-align: justify;\">\n<p style=\"text-align: justify;\">\n<p style=\"text-align: justify;\">ERNST HOLZMANN, auch bekannt unter dem Namen &#8222;Seemann der Berge&#8220;, verbindet maritime Sehnsuchtslieder mit seinen Tiroler Heimatliedern. So entstehen wunderbare Melodien, die zum Tr\u00e4umen einladen.<\/p>\n<p style=\"text-align: justify;\">Mit seiner Single &#8222;Nimm deinen Mut und steh auf&#8220; beschreibt er seinen Lebensweg, der nicht immer leicht war und gibt anderen Menschen die Kraft aufzustehen und ihren Weg zu gehen.<\/p>\n<p style=\"text-align: justify;\">\n<p style=\"text-align: justify;\">\n<p style=\"text-align: justify;\">\n<p style=\"text-align: justify;\"><strong>Fr\u00fches Leben und Werdegang<\/strong><\/p>\n<p style=\"text-align: justify;\">\n<p style=\"text-align: justify;\">Ernst Holzmann wurde in Tirol (\u00d6sterreich) geboren und entwickelte schon in jungen Jahren eine gro\u00dfe Leidenschaft f\u00fcr Musik, besonders f\u00fcr die Lieder von Freddy Quinn. Aus diesem Grund reiste er als junger Mann mehrfach in die Hansest\u00e4dte Hamburg und Bremerhaven, wo er versuchte, auf einem Schiff anzuheuern \u2013 ganz im Stil seines musikalischen Vorbilds.<\/p>\n<p style=\"text-align: justify;\">Nach seiner R\u00fcckkehr nach Tirol gr\u00fcndete Holzmann 1975 sein eigenes Unternehmen im Bereich der Holzschl\u00e4gerarbeit. Er arbeitete viele Jahre als selbstst\u00e4ndiger Holzf\u00e4ller und f\u00fchrte das Unternehmen mit eigener Leitung.<\/p>\n<p style=\"text-align: justify;\">1986 heiratete er seine Frau Renate, mit der er zwei Kinder hat. Nach \u00fcber 30 Jahren Selbstst\u00e4ndigkeit \u00fcbergab er 2003 seine Firma an seinen Sohn Peter, um sich mehr seiner eigentlichen Leidenschaft \u2013 der Musik \u2013 widmen zu k\u00f6nnen.<\/p>\n<p style=\"text-align: justify;\">\n<p style=\"text-align: justify;\">\n<p style=\"text-align: justify;\">\n<p style=\"text-align: justify;\"><strong>Musikalische Karriere<\/strong><\/p>\n<p style=\"text-align: justify;\">\n<p style=\"text-align: justify;\">Ernst Holzmanns musikalischer Werdegang begann informell \u2013 er sang bereits in seiner Jugend bei Zusammenk\u00fcnften mit Freunden am Lagerfeuer oder bei geselligen Runden. Nach der \u00dcbergabe seines Unternehmens nahm er Gesangsunterricht bei einem privaten Lehrer und entwickelte seinen Stil weiter. Durch Zufall lernte er auch Texter und Komponisten kennen, die seine pers\u00f6nliche Einstellung zu Heimat, Leben und Erlebnissen in Musik und Text umsetzten.<\/p>\n<p style=\"text-align: justify;\">Sein musikalischer Durchbruch kam im Jahr 2007 mit seiner ersten Maxi-CD \u201eMeine Heimat\u201c. 2008 folgte das Album \u201eMomente meines Lebens\u201c, dessen einzelne Titel in verschiedenen Hitparaden hohe Platzierungen erreichten \u2013 insbesondere in \u00d6sterreich und den Niederlanden. 2009 ver\u00f6ffentlichte er das Album \u201eHier bin ich daheim\u201c, 2010 die Maxi-CD \u201eFreunde f\u00fcrs Leben\u201c und 2012 das Album \u201eFrei und geborgen\u201c.<\/p>\n<p style=\"text-align: justify;\">Ein besonderes Highlight seiner Karriere war mehrfach die Teilnahme am &#8222;Alpen Grand Prix&#8220; in Meran, wo er sich im Spitzenfeld behaupten konnte. Weitere musikalische Aktivit\u00e4ten umfassten unter anderem eine Single zum \u201eInternationalen Jahr des Waldes 2011\u201c (\u201eDer Holzf\u00e4ller Discomix\u201c), die zusammen mit seiner Frau Renate entstand.<\/p>\n<p style=\"text-align: justify;\">\n<p style=\"text-align: justify;\">\n<p style=\"text-align: justify;\">\n<p style=\"text-align: justify;\"><strong>Musikstil und Wirkung<\/strong><\/p>\n<p style=\"text-align: justify;\">\n<p style=\"text-align: justify;\">Holzmanns Musik ist dem volkst\u00fcmlichen Schlager und Liedgut zuzurechnen. Seine Lieder zeichnen sich durch starke Heimatverbundenheit, tief empfundene Lebensweisheiten und pers\u00f6nliche Geschichten aus, die sowohl in \u00d6sterreich als auch im benachbarten Ausland Zuh\u00f6rer finden.<\/p>\n<p style=\"text-align: justify;\">Er interpretiert traditionelle und neue Lieder mit seiner markanten, tiefen Stimme und legt gro\u00dfen Wert auf authentische Texte sowie eine emotionale Verbindung zum Publikum. Seine Texte stammen teils von bekannten Musikschaffenden wie Michael Egerer oder Heiner Graf, Thomas Ortner, teilweise auch aus eigener Feder zusammen mit seiner Frau.<\/p>\n<p style=\"text-align: justify;\">\n<p style=\"text-align: justify;\">\n<p style=\"text-align: justify;\">\n<p style=\"text-align: justify;\"><strong>Privatleben<\/strong><\/p>\n<p style=\"text-align: justify;\">\n<p style=\"text-align: justify;\">Holzmann lebt mit seiner Ehefrau Renate in Tirol. Er ist nicht nur Musiker, sondern auch Familienmensch und Unternehmer geblieben, der es geschafft hat, sich einen Lebenstraum zu erf\u00fcllen: sp\u00e4t im Leben seiner Leidenschaft nachzugehen und dabei ein breites Publikum zu erreichen.<\/p>\n<p style=\"text-align: justify;\">\n<p style=\"text-align: justify;\">\n<p style=\"text-align: justify;\">\n<p><strong>Zusammenfassung<\/strong><\/p>\n<p>&nbsp;<\/p>\n<p>\u2022 Geboren: in Tirol, \u00d6sterreich<br \/>\n\u2022 Familienstand: verheiratet mit Renate, zwei Kinder<br \/>\n\u2022 Beruf: ehem. selbstst\u00e4ndiger Holzf\u00e4ller, sp\u00e4ter S\u00e4nger<br \/>\n\u2022 Musikstil: volkst\u00fcmlicher Schlager \/ Liedgut<\/p>\n<p>&nbsp;<\/p>\n<p>&nbsp;<\/p>\n<p><strong>\u2022 Wichtige Ver\u00f6ffentlichungen:<\/strong><\/p>\n<p>&nbsp;<\/p>\n<p>o &#8222;Bergwelt mein Seelenheil&#8220;<br \/>\no &#8222;Nimm dienen Mut und steh auf&#8220;<br \/>\no&#8220;Goodbye My Love Good Bye&#8220;<br \/>\no &#8222;Frei sein&#8220;<\/p>\n","protected":false},"excerpt":{"rendered":"<p>Mit diesem Song beschreibt er seinen Lebensweg, der nicht immer leicht war!<\/p>\n","protected":false},"author":2,"featured_media":257218,"comment_status":"open","ping_status":"closed","sticky":false,"template":"","format":"standard","meta":{"_FSMCFIC_featured_image_caption":"","_FSMCFIC_featured_image_nocaption":"","_FSMCFIC_featured_image_hide":""},"categories":[29],"tags":[5031],"acf":[],"_links":{"self":[{"href":"https:\/\/smago.de\/ws2\/wp-json\/wp\/v2\/posts\/257216"}],"collection":[{"href":"https:\/\/smago.de\/ws2\/wp-json\/wp\/v2\/posts"}],"about":[{"href":"https:\/\/smago.de\/ws2\/wp-json\/wp\/v2\/types\/post"}],"author":[{"embeddable":true,"href":"https:\/\/smago.de\/ws2\/wp-json\/wp\/v2\/users\/2"}],"replies":[{"embeddable":true,"href":"https:\/\/smago.de\/ws2\/wp-json\/wp\/v2\/comments?post=257216"}],"version-history":[{"count":3,"href":"https:\/\/smago.de\/ws2\/wp-json\/wp\/v2\/posts\/257216\/revisions"}],"predecessor-version":[{"id":257221,"href":"https:\/\/smago.de\/ws2\/wp-json\/wp\/v2\/posts\/257216\/revisions\/257221"}],"wp:featuredmedia":[{"embeddable":true,"href":"https:\/\/smago.de\/ws2\/wp-json\/wp\/v2\/media\/257218"}],"wp:attachment":[{"href":"https:\/\/smago.de\/ws2\/wp-json\/wp\/v2\/media?parent=257216"}],"wp:term":[{"taxonomy":"category","embeddable":true,"href":"https:\/\/smago.de\/ws2\/wp-json\/wp\/v2\/categories?post=257216"},{"taxonomy":"post_tag","embeddable":true,"href":"https:\/\/smago.de\/ws2\/wp-json\/wp\/v2\/tags?post=257216"}],"curies":[{"name":"wp","href":"https:\/\/api.w.org\/{rel}","templated":true}]}}