{"id":257211,"date":"2026-03-12T23:59:48","date_gmt":"2026-03-12T22:59:48","guid":{"rendered":"https:\/\/smago.de\/ws2\/?p=257211"},"modified":"2026-03-12T15:07:30","modified_gmt":"2026-03-12T14:07:30","slug":"der-graf-unheilig-uwe-ochsenknecht-u-a-fr-13-03-2026-in-der-ndr-talk-show-zu-gast","status":"publish","type":"post","link":"https:\/\/smago.de\/ws2\/deutsch-rock\/der-graf-unheilig-uwe-ochsenknecht-u-a-fr-13-03-2026-in-der-ndr-talk-show-zu-gast\/","title":{"rendered":"DER GRAF ((&#8222;UNHEILIG&#8220;)), UWE OCHSENKNECHT u.a. <br>Fr. (13.03.2026) in der &#8222;NDR Talk Show&#8220; zu Gast!"},"content":{"rendered":"<p style=\"text-align: justify;\">\u00a0MDR Fernsehen + HR Fernsehen, 22:00 Uhr &#8211; 00:00 Uhr! Moderation: Bettina Tietjen und Hubertus Meyer-Burckhardt!<br \/>\n<!--more--><\/p>\n<p>&nbsp;<\/p>\n<p>&nbsp;<\/p>\n<p>&nbsp;<\/p>\n<p>&nbsp;<\/p>\n<p class=\"\" style=\"text-align: justify;\">Bettina Tietjen und Hubertus Meyer-Burckhardt begr\u00fc\u00dfen in der NDR Talk Show aus Hamburg folgende G\u00e4ste &#8230;:<\/p>\n<p>&nbsp;<\/p>\n<p>&nbsp;<\/p>\n<p>&nbsp;<\/p>\n<h2 id=\"Franziska-van-Almsick-ehemalige-Profischwimmerin\" style=\"text-align: justify;\">Franziska van Almsick, ehemalige Profischwimmerin<\/h2>\n<div style=\"text-align: justify;\">\n<div class=\"contentimage s-100 m-50\">\n<div class=\"image-container\"><\/div>\n<\/div>\n<\/div>\n<p class=\"\" style=\"text-align: justify;\">Diese Frau ist eine Legende des deutschen Schwimmsports: Franziska van Almsick holt im Alter von 14 Jahren bei den Olympischen Spielen 1992 Silber \u00fcber 200 Meter Freistil &#8211; insgesamt wird sie in ihrer beeindruckenden Karriere zehn Olympiamedaillen gewinnen sowie mehrfach Weltmeisterin werden und Weltrekorde aufstellen. Neben den gro\u00dfen Triumphen muss &#8222;Franzi&#8220; auch mit Misserfolgen und Scheitern umgehen, wird auf Schritt und Tritt vom Presserummel verfolgt. &#8222;Ich habe gedacht, man liebt mich nur, wenn ich erfolgreich bin&#8220;, sagt die 47-J\u00e4hrige r\u00fcckblickend. Heute setzt sie sich unerm\u00fcdlich daf\u00fcr ein, dass Kinder am Ende ihres Grundschulalters schwimmen k\u00f6nnen, und hat daf\u00fcr die Franziska-van-Almsick-Stiftung gegr\u00fcndet. 2024 wird sie daf\u00fcr mit dem Bundesverdienstkreuz geehrt. In der &#8222;NDR Talk Show&#8220; erz\u00e4hlt die Mutter von zwei S\u00f6hnen, warum ihr dieses Engagement immer wichtiger wird, wie sie nach 30 Jahren an die Olympischen Spiele 1996 zur\u00fcckdenkt, und mit welchen weiteren Projekten sie an den Start geht.<\/p>\n<h2><\/h2>\n<h2><\/h2>\n<h2><\/h2>\n<h2 id=\"Uwe-Ochsenknecht-Schauspieler\" style=\"text-align: justify;\">Uwe Ochsenknecht, Schauspieler<\/h2>\n<div style=\"text-align: justify;\">\n<div class=\"contentimage s-100 m-50\"><\/div>\n<\/div>\n<p class=\"\" style=\"text-align: justify;\">Vor kurzem feiert er einen runden Geburtstag in seiner Wahlheimat Mallorca: Uwe Ochsenknecht. Er ist einer der bekanntesten Schauspieler des Landes und hat schon als Kind eine Verbindung zur B\u00fchne: Er singt als Zehnj\u00e4hriger im Kinderchor. Mit 15 Jahren verl\u00e4sst er die Schule, holt jedoch sp\u00e4ter seinen Hauptschulabschluss an einer Abendschule nach. Sein Ziel: Er will Schauspieler werden an der Westf\u00e4lischen Schauspielschule Bochum. Der gro\u00dfe Durchbruch kommt 1981 mit der Rolle in Wolfgang Petersens U-Boot-Drama &#8222;Das Boot&#8220;. Sp\u00e4testens nachdem er in Leoparden-Unterhose in Doris D\u00f6rries Kultkom\u00f6die &#8222;M\u00e4nner&#8220; Mitte der 1980er-Jahre Paternoster f\u00e4hrt, kennen ihn alle. Seit 15 Jahren ist Uwe Ochsenknecht als M\u00fcllmann unterwegs und spielt Werner Tr\u00e4sch, der mit seiner eingeschworenen &#8222;M\u00fclltitalent&#8220;-Besatzung bei der Berliner M\u00fcllabfuhr unterwegs ist. &#8222;M\u00fcllm\u00e4nner werden so oft angemeckert. Das ist auch ein Grund, warum ich diese Reihe angenommen habe: damit mal ein Scheinwerferlicht auf dieser Berufsgruppe liegt. Es ist f\u00fcr alle immer so selbstverst\u00e4ndlich, dass jemand ihren Dreck wegr\u00e4umt.&#8220; Wie es bei den &#8222;Drei von der M\u00fcllabfuhr&#8220; weitergeht, das erz\u00e4hlt Uwe Ochsenknecht in der &#8222;NDR Talk Show&#8220;.<\/p>\n<h2><\/h2>\n<h2><\/h2>\n<h2><\/h2>\n<h2 id=\"Der-GrafUnheilig-Musiker\" style=\"text-align: justify;\">&#8222;Der Graf&#8220;\/Unheilig, Musiker<\/h2>\n<p>&nbsp;<\/p>\n<p class=\"\" style=\"text-align: justify;\">Er ist einer der erfolgreichsten deutschsprachigen Musiker der letzten Jahrzehnte: &#8222;Der Graf&#8220;, Frontmann und Songschreiber von Unheilig. Nachdem er sich 2016 von B\u00fchne und \u00d6ffentlichkeit verabschiedet hat, k\u00fcndigt er im vergangenen Jahr sein Comeback an. Der Verdacht auf einen Herzinfarkt und ein Aufenthalt in der Notaufnahme l\u00e4sst bei ihm den Wunsch entstehen, ins Rampenlicht zur\u00fcckzukehren. Mit dem neuen Album &#8222;Liebe Glaube Monster&#8220; kn\u00fcpft &#8222;Der Graf&#8220; mit Unheilig dort an, wo er vor zehn Jahren aufgeh\u00f6rt hat. Die neuen Songs drehen sich um Liebe, Freundschaft, Hoffnung und Zuversicht &#8211; aber eben auch um die Monster, denen sich alle im Leben stellen m\u00fcssen. In der &#8222;NDR Talk Show&#8220; stellt Unheilig einen Titel aus dem Album in einer akustischen Version vor.<\/p>\n<h2><\/h2>\n<h2><\/h2>\n<h2><\/h2>\n<h2 id=\"Catrin-Marnitz-Psychologin\" style=\"text-align: justify;\">Catrin Marnitz, Psychologin<\/h2>\n<div style=\"text-align: justify;\">\n<div class=\"contentimage s-100 m-50\"><\/div>\n<\/div>\n<p>&nbsp;<\/p>\n<p class=\"\" style=\"text-align: justify;\">R\u00fcckenschmerzen kennt fast jeder. Was viele aber nicht wissen: H\u00e4ufig liegt dem Schmerz nicht nur Verschlei\u00df, eine falsche Haltung oder ein Bandscheibenvorfall zugrunde. Auch die Psyche spielt eine wesentliche Rolle als Ursache und damit bei der Heilung. Die Hamburger Psychologin Catrin Marnitz erlebt jeden Tag, was die Forschung l\u00e4ngst bewiesen hat: K\u00f6rperliche und seelische Faktoren wirken immer im Zusammenspiel. In deutlich mehr als 50 Prozent aller F\u00e4lle sorgen psychische Belastungen wie Stress, Trauer oder Einsamkeit f\u00fcr die k\u00f6rperlichen Schmerzen. In der &#8222;NDR Talk Show&#8220; erkl\u00e4rt Catrin Marnitz anl\u00e4sslich des Tages der R\u00fcckengesundheit, warum Schmerz chronisch werden kann, wie wir resilienter werden und lernen k\u00f6nnen, mit Schmerz besser umzugehen &#8211; damit man ihn nach M\u00f6glichkeit ganz los wird.<\/p>\n<h2><\/h2>\n<h2><\/h2>\n<h2><\/h2>\n<h2 id=\"Andrea-LArronge-Schauspielerin\" style=\"text-align: justify;\">Andrea L&#8217;Arronge, Schauspielerin<\/h2>\n<div class=\"contentimage s-100 m-50\"><\/div>\n<p class=\"\" style=\"text-align: justify;\">Bereits im Alter von acht Jahren steht Andrea L&#8217;Arronge zum ersten Mal vor der Kamera und \u00fcbernimmt 1969 die Rolle der Artistentochter Biggy in der Kultserie &#8222;Salto Mortale&#8220;. Es folgen Auftritte in Krimiserien wie &#8222;Der Kommissar&#8220;, &#8222;Tatort&#8220; und &#8222;Derrick&#8220; sowie in den Familienserien &#8222;Die Schwarzwaldklinik&#8220;, &#8222;Diese Drombuschs&#8220; und &#8222;Das Traumschiff&#8220;. Von 2001 bis 2021 spielt die heute 68-J\u00e4hrige die Gr\u00e4fin Sch\u00f6nberg in der TV-Serie &#8222;SOKO Kitzb\u00fchel&#8220;. Doch das Schauspiel allein ist ihr nicht genug. 2004 macht die M\u00fcnchnerin eine Ausbildung zur Ayurveda-Spezialistin und wird drei Jahre sp\u00e4ter Eigent\u00fcmerin einer Naturkosmetikmarke. Mit 59 Jahren beschlie\u00dft sie dann, ihrem Leben noch einmal eine v\u00f6llig neue Richtung zu geben. Sie trennt sich von ihrem Mann und f\u00e4ngt in Italien ein neues Leben an. In ihrem Buch &#8222;Der Zitronenbaum in meinem Garten&#8220; und in der &#8222;NDR Talk Show&#8220; erz\u00e4hlt sie die Geschichte \u00fcber eine intensive Reise zu sich selbst.<\/p>\n<div class=\"\" style=\"text-align: justify;\">\n<div class=\"contentbox list\">\n<div class=\"teaser\">\n<div class=\"teaserimage\"><\/div>\n<div class=\"teaserpadding\">\n<div class=\"teasertext\">\n<p>&nbsp;<\/p>\n<\/div>\n<\/div>\n<\/div>\n<\/div>\n<\/div>\n<h2><\/h2>\n<h2><\/h2>\n<h2 id=\"Sophie-Passmann-Moderatorin-und-Autorin\" style=\"text-align: justify;\">Sophie Passmann, Moderatorin und Autorin<\/h2>\n<div style=\"text-align: justify;\">\n<div class=\"contentimage s-100 m-50\"><\/div>\n<\/div>\n<p class=\"\" style=\"text-align: justify;\">Sophie Passmann ist Teil der widerspr\u00fcchlichen Welt weiblicher Selbstdarstellung in den sozialen Medien. Mit 4,1 Millionen Likes auf TikTok und \u00fcber 400.000 Follower*innen auf Instagram geh\u00f6rt sie zu einer Maschinerie, die sie immer wieder klug und selbstkritisch seziert und reflektiert. Sie kommt aus dem badischen Ort Ettenheim, tritt mit 15 als Poetry Slammerin auf und studiert in Freiburg Politik und Philosophie, bevor sie sich in den Medienzirkus st\u00fcrzt. Zuletzt moderiert sie mit ihrem Kollegen Tommi Schmitt die Talk Show &#8222;Neo Ragazzi&#8220; bei ZDF Neo und betreibt seit M\u00e4rz den &#8222;Sophie Passmann Podcast&#8220;. Mehrere Bestseller hat sie auch schon geschrieben, darunter &#8222;Alte wei\u00dfe M\u00e4nner&#8220;. Jetzt kommt wieder ein frisches Buch von ihr auf den Markt: In &#8222;Wie kann sie nur?&#8220; schreibt sie \u00fcber den allt\u00e4glichen Wahnsinn, eine Frau im Internet zu sein, und fragt sich, warum alle so fasziniert sind von Frauen, die uns etwas vormachen &#8211; und wir sie gleichzeitig genau daf\u00fcr verurteilen.<\/p>\n<h2><\/h2>\n<h2><\/h2>\n<h2><\/h2>\n<h2 id=\"Andr-Dietz-Schauspieler\" style=\"text-align: justify;\">Andr\u00e9 Dietz, Schauspieler<\/h2>\n<div style=\"text-align: justify;\">\n<div class=\"contentimage s-100 m-50\"><\/div>\n<\/div>\n<p class=\"\" style=\"text-align: justify;\">Seit mehr als 20 Jahren \u00fcberzeugt Andr\u00e9 Dietz als Schauspieler, macht au\u00dferdem Musik und schreibt gemeinsam mit seiner Frau Shari B\u00fccher \u00fcber ihre Tochter Mari, die das Angelman-Syndrom hat. Wie wichtig es ist, Inklusion zu st\u00e4rken und Hemmungen abzubauen, wei\u00df der geb\u00fcrtige Koblenzer daher aus pers\u00f6nlicher Erfahrung. Auch in der \u00d6ffentlichkeit macht sich der 50-J\u00e4hrige f\u00fcr das Thema stark: 2022 gemeinsam mit Star-Koch Tim M\u00e4lzer in der mehrfach pr\u00e4mierten Dokureihe &#8222;Zum Schwarzw\u00e4lder Hirsch&#8220;, in der Menschen mit Down-Syndrom zu einer K\u00fcchencrew ausgebildet werden. Vergangenes Jahr dann mit dem Generationenprojekt &#8222;Herbstresidenz&#8220;: In der u.a. mit dem Deutschen Fernsehpreis ausgezeichneten Doku begleiten Dietz und M\u00e4lzer junge Azubis mit Behinderung, die sich um Seniorinnen und Senioren in einem Pflegeheim k\u00fcmmern und dabei ganz besondere Erfahrungen machen. Jetzt, ein Jahr sp\u00e4ter, wird Bilanz gezogen: Was hat das Projekt tats\u00e4chlich bewirkt? Konnte das Leben im Pflegeheim nachhaltig ver\u00e4ndert werden? Und was wurde aus den Azubis? \u00dcber die R\u00fcckkehr in die &#8222;Herbstresidenz&#8220; spricht Andr\u00e9 Dietz in der &#8222;NDR Talk Show&#8220;.<\/p>\n<div class=\"contentbox w100 broadcastdetails\">\n<div class=\"theta\" style=\"text-align: justify;\"><\/div>\n<\/div>\n","protected":false},"excerpt":{"rendered":"<p>\u00a0MDR Fernsehen + HR Fernsehen, 22:00 Uhr &#8211; 00:00 Uhr! Moderation: Bettina Tietjen und Hubertus Meyer-Burckhardt!<\/p>\n","protected":false},"author":2,"featured_media":257212,"comment_status":"open","ping_status":"closed","sticky":false,"template":"","format":"standard","meta":{"_FSMCFIC_featured_image_caption":"","_FSMCFIC_featured_image_nocaption":"","_FSMCFIC_featured_image_hide":""},"categories":[5,128],"tags":[254],"acf":[],"_links":{"self":[{"href":"https:\/\/smago.de\/ws2\/wp-json\/wp\/v2\/posts\/257211"}],"collection":[{"href":"https:\/\/smago.de\/ws2\/wp-json\/wp\/v2\/posts"}],"about":[{"href":"https:\/\/smago.de\/ws2\/wp-json\/wp\/v2\/types\/post"}],"author":[{"embeddable":true,"href":"https:\/\/smago.de\/ws2\/wp-json\/wp\/v2\/users\/2"}],"replies":[{"embeddable":true,"href":"https:\/\/smago.de\/ws2\/wp-json\/wp\/v2\/comments?post=257211"}],"version-history":[{"count":2,"href":"https:\/\/smago.de\/ws2\/wp-json\/wp\/v2\/posts\/257211\/revisions"}],"predecessor-version":[{"id":257214,"href":"https:\/\/smago.de\/ws2\/wp-json\/wp\/v2\/posts\/257211\/revisions\/257214"}],"wp:featuredmedia":[{"embeddable":true,"href":"https:\/\/smago.de\/ws2\/wp-json\/wp\/v2\/media\/257212"}],"wp:attachment":[{"href":"https:\/\/smago.de\/ws2\/wp-json\/wp\/v2\/media?parent=257211"}],"wp:term":[{"taxonomy":"category","embeddable":true,"href":"https:\/\/smago.de\/ws2\/wp-json\/wp\/v2\/categories?post=257211"},{"taxonomy":"post_tag","embeddable":true,"href":"https:\/\/smago.de\/ws2\/wp-json\/wp\/v2\/tags?post=257211"}],"curies":[{"name":"wp","href":"https:\/\/api.w.org\/{rel}","templated":true}]}}