{"id":257209,"date":"2026-03-13T00:00:52","date_gmt":"2026-03-12T23:00:52","guid":{"rendered":"https:\/\/smago.de\/ws2\/?p=257209"},"modified":"2026-03-12T15:02:08","modified_gmt":"2026-03-12T14:02:08","slug":"olaf-berger-dieter-hallervorden-u-a-heute-13-03-2026-in-der-mdr-talkshow-riverboat-zu-gast","status":"publish","type":"post","link":"https:\/\/smago.de\/ws2\/nonsens\/olaf-berger-dieter-hallervorden-u-a-heute-13-03-2026-in-der-mdr-talkshow-riverboat-zu-gast\/","title":{"rendered":"OLAF BERGER, DIETER HALLERVORDEN u.a. <br>Heute (13.03.2026) in der MDR-Talkshow &#8222;Riverboat&#8220; zu Gast!"},"content":{"rendered":"<p style=\"text-align: justify;\">MDR Fernsehen, 22:00 Uhr &#8211; 00:00 Uhr (Wh.: 14.\/15.03., 01:20 Uhr &#8211; 03:20 Uhr)! Moderation: Kim Fisher und Wolfgang Lippert!<br \/>\n<!--more--><\/p>\n<p>Zu Gast sind diesmal &#8230;:<\/p>\n<p style=\"text-align: justify;\">\n<div class=\"con conBroadcastPreText\" style=\"text-align: justify;\">\n<div class=\"modCon\">\n<div class=\"mod modA\">\n<div class=\"boxCon\">\n<div class=\"box\">\n<p class=\"einleitung \">* Dieter Hallervorden, Schauspiel- und Theaterlegende<br \/>\n* Eva Mattes, Schauspielerin<br \/>\n* Michael Schulte, S\u00e4nger<br \/>\n* Judith Rakers, TV-Moderatorin<br \/>\n* Olaf Berger, Schlagers\u00e4nger<br \/>\n* Andrea Kathrin Loewig, Schauspielerin<br \/>\n* Thomas Langkopf, Stra\u00dfenbahn-Weltmeister<\/p>\n<\/div>\n<\/div>\n<\/div>\n<\/div>\n<\/div>\n<p style=\"text-align: justify;\">\n<p style=\"text-align: justify;\">\n<p style=\"text-align: justify;\">\n<p style=\"text-align: justify;\">\n<div class=\"con\">\n<div class=\"modCon\">\n<div class=\"mod modA\">\n<div class=\"boxCon\">\n<div class=\"box cssBroadcastContentInfos\" style=\"text-align: justify;\"><strong>* Dieter Hallervorden, Schauspiel- und Theaterlegende<\/strong><\/div>\n<div style=\"text-align: justify;\"><\/div>\n<div style=\"text-align: justify;\"><\/div>\n<div class=\"box cssBroadcastContentInfos\" style=\"text-align: justify;\">Er hat Generationen zum Lachen gebracht &#8211; aber Dieter Hallervorden ist mehr als Klamauk. Er ist Theatermacher, Charakterdarsteller und Kabarettist. In seiner Heimatstadt Dessau hat er sich mit dem Mitteldeutschen Theater einen Herzenswunsch erf\u00fcllt. Und zum 90.? Da nimmt uns der Komiker durch sein Leben mit seinen erstaunlichen und teils absurden Alltagsabenteuern.<\/p>\n<\/div>\n<div style=\"text-align: justify;\"><\/div>\n<div style=\"text-align: justify;\"><\/div>\n<div style=\"text-align: justify;\"><\/div>\n<div style=\"text-align: justify;\"><\/div>\n<div class=\"box cssBroadcastContentInfos\" style=\"text-align: justify;\"><strong>* Eva Mattes, Schauspielerin<\/strong><\/div>\n<div style=\"text-align: justify;\"><\/div>\n<div style=\"text-align: justify;\"><\/div>\n<div class=\"box cssBroadcastContentInfos\" style=\"text-align: justify;\">\u201e2 x 3 macht 4 widdewiddewitt und drei macht neune!!\u201c. Wer jetzt mitsingt, hat ihre Stimme im Kopf. Als 14-J\u00e4hrige synchronisiert Eva Mattes Pippi Langstrumpf. Da steht sie schon zwei Jahre auf der B\u00fchne und vor der Kamera. Ihr Talent wurde ihr wohl in die Wiege gelegt. Ihre Mutter, Margit Symo, eine deutsch-ungarische T\u00e4nzerin und Schauspielerin, war in den 30er- und 40er-Jahren ein Star. Einem breiten Publikum wurde Eva Mattes 2002 als Tatort-Kommissarin Eva Blum bekannt. Bis heute spielt sie in der ZDF-Erfolgsserie \u201eLena Lorenz\u201c und ist mit eigenen B\u00fchnenprogrammen auf Tour.<\/p>\n<\/div>\n<div style=\"text-align: justify;\"><\/div>\n<div style=\"text-align: justify;\"><\/div>\n<div style=\"text-align: justify;\"><\/div>\n<div class=\"box cssBroadcastContentInfos\" style=\"text-align: justify;\"><strong>* Michael Schulte, S\u00e4nger<\/strong><\/div>\n<div style=\"text-align: justify;\"><\/div>\n<div style=\"text-align: justify;\"><\/div>\n<div class=\"box cssBroadcastContentInfos\" style=\"text-align: justify;\">Er verwirklichte seinen Kindheitstraum und schaffte als ESC-Star f\u00fcr sich und f\u00fcr Deutschland den Durchbruch: Michael Schulte lebt zwischen Nightliner-Tour, Fu\u00dfballspielen im Garten und Familienalltag und hat genau deshalb seiner Familie sein neues Album \u201eBeautiful Reasons\u201c gewidmet. Seine Karriere begann nicht ohne Stolpersteine und fast h\u00e4tte der 35-J\u00e4hrige aufgegeben. Dabei war er einer der ersten deutschen Musiker auf YouTube und sammelte schon vor 20 Jahren Millionen Klicks mit seinen Videos ein.<\/p>\n<\/div>\n<div style=\"text-align: justify;\"><\/div>\n<div style=\"text-align: justify;\"><\/div>\n<div style=\"text-align: justify;\"><\/div>\n<div style=\"text-align: justify;\"><\/div>\n<div class=\"box cssBroadcastContentInfos\" style=\"text-align: justify;\"><strong>* Judith Rakers, TV-Moderatorin<\/strong><\/div>\n<div style=\"text-align: justify;\"><\/div>\n<div style=\"text-align: justify;\"><\/div>\n<div class=\"box cssBroadcastContentInfos\" style=\"text-align: justify;\">Judith Rakers hat ihr Herz an R\u00fcgen verloren und dort ein neues Leben begonnen. Zwischen Ostsee, Rapsfeldern und Stall verwirklicht die fr\u00fchere Tagesschau-Sprecherin ihren Traum vom Landleben. Sie rettet seltene Gem\u00fcsesorten, setzt sich f\u00fcr nachhaltiges G\u00e4rtnern ein und k\u00fcmmert sich um Pferde, H\u00fchner und Katzen. Nach 19 Jahren im Nachrichtenstudio ist sie heute Unternehmerin, Podcasterin und Selbstversorgerin \u2013 und zeigt: Mut zur Ver\u00e4nderung lohnt sich. Mit ihrem dritten Kinderbuch aus der Reihe \u201eJudiths kleine Farm\u201c will die 50-J\u00e4hrige auch die J\u00fcngsten f\u00fcr Natur und das G\u00e4rtnern begeistern.<\/p>\n<\/div>\n<div style=\"text-align: justify;\"><\/div>\n<div style=\"text-align: justify;\"><\/div>\n<div style=\"text-align: justify;\"><\/div>\n<div style=\"text-align: justify;\"><\/div>\n<div class=\"box cssBroadcastContentInfos\" style=\"text-align: justify;\"><strong>* Olaf Berger, Schlagers\u00e4nger<\/strong><\/div>\n<div style=\"text-align: justify;\"><\/div>\n<div style=\"text-align: justify;\"><\/div>\n<div class=\"box cssBroadcastContentInfos\" style=\"text-align: justify;\">Seine Karriere begann mit einer Sekret\u00e4rin und wei\u00dfen Damenstiefeln in Gr\u00f6\u00dfe 42. Inzwischen ist er vierzig Jahre auf der B\u00fchne \u2013 und immer noch ohne Skandal. Olaf Berger feiert das Jubil\u00e4um seines Hits \u201eEs brennt wie Feuer\u201c \u2013 und beweist, dass Best\u00e4ndigkeit manchmal aufregender ist als jedes Drama. Vom DDR-Showstar zur gesamtdeutschen B\u00fchne \u2013 mit der \u201eGoldenen Stimmgabel\u201c bei Dieter Thomas Heck. Heute brennt das Feuer immer noch \u2013 nur moderner.<\/p>\n<\/div>\n<div style=\"text-align: justify;\"><\/div>\n<div style=\"text-align: justify;\"><\/div>\n<div style=\"text-align: justify;\"><\/div>\n<div class=\"box cssBroadcastContentInfos\" style=\"text-align: justify;\"><strong>* Andrea Kathrin Loewig, Schauspielerin<\/strong><\/div>\n<div style=\"text-align: justify;\"><\/div>\n<div style=\"text-align: justify;\"><\/div>\n<div class=\"box cssBroadcastContentInfos\" style=\"text-align: justify;\">Wer, wenn nicht sie: Seit einem Jahr ist die beliebte Schauspielerin Andrea Kathrin Loewig Botschafterin der Merseburger Zauberspr\u00fcche. Ein magisches Amt f\u00fcr den Star der Erfolgsserie \u201eIn aller Freundschaft\u201c. In ihrer Serien-Patchwork-Familie geht es aktuell hoch her. Mit Serien-Ehemann Dr. Heilmann, den Kindern und der Enkelin unter einem Dach ist das Thema \u201eMehrgenerationenhaus\u201c wieder in der Sachsenklinik angekommen. Auch privat kann sich die 59-J\u00e4hrige ein solches Lebenskonzept vorstellen. In ihrem Berliner Haus wohnt sie mit ihrem Mann, dem Architekten Andreas Thiele und Tochter Josephine. Wenn es so weit ist, nimmt sie auch ihre Mutter gerne auf. Doch noch ist die 83-J\u00e4hrige topfit und h\u00e4lt im Zweifel ihrer viel besch\u00e4ftigten Tochter den R\u00fccken frei.<\/p>\n<\/div>\n<div style=\"text-align: justify;\"><\/div>\n<div style=\"text-align: justify;\"><\/div>\n<div style=\"text-align: justify;\"><\/div>\n<div style=\"text-align: justify;\"><\/div>\n<div class=\"box cssBroadcastContentInfos\" style=\"text-align: justify;\"><strong>* Thomas Langkopf, Stra\u00dfenbahn-Weltmeister <\/strong><\/div>\n<div style=\"text-align: justify;\"><\/div>\n<div style=\"text-align: justify;\"><\/div>\n<div class=\"box cssBroadcastContentInfos\" style=\"text-align: justify;\">Er ist der Weltmeister der Stra\u00dfenbahnfahrer \u2013 heute ist es genau sechs Monate her, dass er den Titel holte! In acht verschiedenen Disziplinen, zum Beispiel Stra\u00dfenbahn-Bowling, Curling oder pr\u00e4zisem Stopp-and-Go-Fahren bewies er Talent, handwerkliches K\u00f6nnen und Nervenst\u00e4rke. Der inzwischen regional prominente leidenschaftliche Kombifahrer tr\u00e4umte schon als Kind von einem Job bei den Leipziger Verkehrsbetrieben und konnte seinen Traum vor zehn Jahren verwirklichen. Der Weltmeistertitel setzt seiner Karriere nun ein Kr\u00f6nchen auf.<\/div>\n<\/div>\n<\/div>\n<\/div>\n<\/div>\n","protected":false},"excerpt":{"rendered":"<p>MDR Fernsehen, 22:00 Uhr &#8211; 00:00 Uhr (Wh.: 14.\/15.03., 01:20 Uhr &#8211; 03:20 Uhr)! Moderation: Kim Fisher und Wolfgang Lippert!<\/p>\n","protected":false},"author":2,"featured_media":238636,"comment_status":"open","ping_status":"closed","sticky":false,"template":"","format":"standard","meta":{"_FSMCFIC_featured_image_caption":"","_FSMCFIC_featured_image_nocaption":"","_FSMCFIC_featured_image_hide":""},"categories":[23,25,128],"tags":[131],"acf":[],"_links":{"self":[{"href":"https:\/\/smago.de\/ws2\/wp-json\/wp\/v2\/posts\/257209"}],"collection":[{"href":"https:\/\/smago.de\/ws2\/wp-json\/wp\/v2\/posts"}],"about":[{"href":"https:\/\/smago.de\/ws2\/wp-json\/wp\/v2\/types\/post"}],"author":[{"embeddable":true,"href":"https:\/\/smago.de\/ws2\/wp-json\/wp\/v2\/users\/2"}],"replies":[{"embeddable":true,"href":"https:\/\/smago.de\/ws2\/wp-json\/wp\/v2\/comments?post=257209"}],"version-history":[{"count":1,"href":"https:\/\/smago.de\/ws2\/wp-json\/wp\/v2\/posts\/257209\/revisions"}],"predecessor-version":[{"id":257210,"href":"https:\/\/smago.de\/ws2\/wp-json\/wp\/v2\/posts\/257209\/revisions\/257210"}],"wp:featuredmedia":[{"embeddable":true,"href":"https:\/\/smago.de\/ws2\/wp-json\/wp\/v2\/media\/238636"}],"wp:attachment":[{"href":"https:\/\/smago.de\/ws2\/wp-json\/wp\/v2\/media?parent=257209"}],"wp:term":[{"taxonomy":"category","embeddable":true,"href":"https:\/\/smago.de\/ws2\/wp-json\/wp\/v2\/categories?post=257209"},{"taxonomy":"post_tag","embeddable":true,"href":"https:\/\/smago.de\/ws2\/wp-json\/wp\/v2\/tags?post=257209"}],"curies":[{"name":"wp","href":"https:\/\/api.w.org\/{rel}","templated":true}]}}