{"id":257201,"date":"2026-03-12T23:59:46","date_gmt":"2026-03-12T22:59:46","guid":{"rendered":"https:\/\/smago.de\/ws2\/?p=257201"},"modified":"2026-03-12T14:57:37","modified_gmt":"2026-03-12T13:57:37","slug":"olaf-berger-victoria-herrmann-michael-holm-petra-kusch-lueck-andreas-lebbing-wind-patrick-lindner-fr-13-03-2026-mdr-fernsehen-wiedersehen-macht-freude","status":"publish","type":"post","link":"https:\/\/smago.de\/ws2\/pop-schlager\/olaf-berger-victoria-herrmann-michael-holm-petra-kusch-lueck-andreas-lebbing-wind-patrick-lindner-fr-13-03-2026-mdr-fernsehen-wiedersehen-macht-freude\/","title":{"rendered":"OLAF BERGER, VICTORIA HERRMANN, MICHAEL HOLM, PETRA-KUSCH L\u00dcCK, ANDREAS LEBBING (&#8222;WIND&#8220;), PATRICK LINDNER <br>Fr., 13.03.2026, MDR Fernsehen: &#8222;Wiedersehen macht Freude&#8220; (Wh.!)!"},"content":{"rendered":"<p>20:15 Uhr &#8211; 21:45 Uhr (Wh.: So.\/Mo., 15.03.\/16.03., 01:05 Uhr &#8211; 02:35 Uhr)! Moderation: Axel Bulthaupt!<!--more--><\/p>\n<p>&nbsp;<\/p>\n<p>&nbsp;<\/p>\n<p>&nbsp;<\/p>\n<div class=\"con conBroadcastPreText\" style=\"text-align: justify;\">\n<div class=\"modCon\">\n<div class=\"mod modA\">\n<div class=\"boxCon\">\n<div class=\"box\">\n<p class=\"einleitung \">Axel Bulthaupt l\u00e4dt zu einem exklusiven Streifzug durch nun schon \u00fcber 30 Jahre MDR-Fernsehunterhaltung ein. Er hat wieder die Schatztruhen des MDR-Archivs ge\u00f6ffnet und viele musikalische Juwelen gefunden. Eine musikalische Zeitreise durch drei Jahrzehnte. Gespr\u00e4chsg\u00e4ste sind diesmal Michael Holm, Petra Kusch-L\u00fcck und andere.<\/p>\n<\/div>\n<\/div>\n<\/div>\n<\/div>\n<\/div>\n<div class=\"con\">\n<div class=\"modCon\">\n<div class=\"mod modA\">\n<div class=\"boxCon\">\n<div class=\"box cssBroadcastContentInfos\" style=\"text-align: justify;\">\n<p>Axel Bulthaupt l\u00e4dt zu einem exklusiven Streifzug durch nun schon \u00fcber 30 Jahre MDR-Fernsehunterhaltung ein. Er hat wieder die Schatztruhen des MDR-Archivs ge\u00f6ffnet und viele musikalische Juwelen gefunden.<\/p>\n<p>Unter anderem mit: Nana Mouskouri, Tony Cristie, Severine, Siw Malmkvist, Chris Roberts, Mary Roos, Rex Gildo, Boney M., Christian Anders, Olaf Berger, Vicky Leandros, Hansi Hinterseer, Yvonne Catterfeld, Smokie, Claudia Jung, Sarah Brightman, Bonnie Tyler, Ina-Maria Federowski, Regina Thoss, Henry Valentino, Hanne Haller, Wencke Myhre, Engelbert und Andrea Berg.<\/p>\n<p>Mit dabei sind interessante G\u00e4ste mit spannenden Geschichten und auch so manche, fast vergessene Archiv-Perle.<\/p>\n<\/div>\n<\/div>\n<\/div>\n<\/div>\n<div style=\"text-align: justify;\">\n<\/div>\n<div class=\"modCon\">\n<div class=\"mod modA\">\n<div class=\"boxCon\">\n<div style=\"text-align: justify;\"><\/div>\n<div class=\"box cssBroadcastContentInfos\" style=\"text-align: justify;\">\n<p><strong>Die Gespr\u00e4chsg\u00e4ste sind diesmal &#8230;:<\/strong><\/p>\n<\/div>\n<div style=\"text-align: justify;\"><\/div>\n<div style=\"text-align: justify;\"><\/div>\n<div class=\"box cssBroadcastContentInfos\" style=\"text-align: justify;\">&#8211; Michael Holm<br \/>\n&#8211; Petra Kusch-L\u00fcck<br \/>\n&#8211; Patrick Lindner<br \/>\n&#8211; Olaf Berger<br \/>\n&#8211; Victoria Herrmann<br \/>\n&#8211; Andreas Lebbing (Gruppe Wind)<\/div>\n<\/div>\n<\/div>\n<\/div>\n<\/div>\n","protected":false},"excerpt":{"rendered":"<p>20:15 Uhr &#8211; 21:45 Uhr (Wh.: So.\/Mo., 15.03.\/16.03., 01:05 Uhr &#8211; 02:35 Uhr)! Moderation: Axel Bulthaupt!<\/p>\n","protected":false},"author":2,"featured_media":257206,"comment_status":"open","ping_status":"closed","sticky":false,"template":"","format":"standard","meta":{"_FSMCFIC_featured_image_caption":"","_FSMCFIC_featured_image_nocaption":"","_FSMCFIC_featured_image_hide":""},"categories":[28,29,128],"tags":[381],"acf":[],"_links":{"self":[{"href":"https:\/\/smago.de\/ws2\/wp-json\/wp\/v2\/posts\/257201"}],"collection":[{"href":"https:\/\/smago.de\/ws2\/wp-json\/wp\/v2\/posts"}],"about":[{"href":"https:\/\/smago.de\/ws2\/wp-json\/wp\/v2\/types\/post"}],"author":[{"embeddable":true,"href":"https:\/\/smago.de\/ws2\/wp-json\/wp\/v2\/users\/2"}],"replies":[{"embeddable":true,"href":"https:\/\/smago.de\/ws2\/wp-json\/wp\/v2\/comments?post=257201"}],"version-history":[{"count":3,"href":"https:\/\/smago.de\/ws2\/wp-json\/wp\/v2\/posts\/257201\/revisions"}],"predecessor-version":[{"id":257208,"href":"https:\/\/smago.de\/ws2\/wp-json\/wp\/v2\/posts\/257201\/revisions\/257208"}],"wp:featuredmedia":[{"embeddable":true,"href":"https:\/\/smago.de\/ws2\/wp-json\/wp\/v2\/media\/257206"}],"wp:attachment":[{"href":"https:\/\/smago.de\/ws2\/wp-json\/wp\/v2\/media?parent=257201"}],"wp:term":[{"taxonomy":"category","embeddable":true,"href":"https:\/\/smago.de\/ws2\/wp-json\/wp\/v2\/categories?post=257201"},{"taxonomy":"post_tag","embeddable":true,"href":"https:\/\/smago.de\/ws2\/wp-json\/wp\/v2\/tags?post=257201"}],"curies":[{"name":"wp","href":"https:\/\/api.w.org\/{rel}","templated":true}]}}