{"id":257192,"date":"2026-03-12T23:59:48","date_gmt":"2026-03-12T22:59:48","guid":{"rendered":"https:\/\/smago.de\/ws2\/?p=257192"},"modified":"2026-03-12T14:41:32","modified_gmt":"2026-03-12T13:41:32","slug":"guido-cantz-u-a-fr-13-03-2026-in-der-talk-show-koelner-treff-zu-gast","status":"publish","type":"post","link":"https:\/\/smago.de\/ws2\/nonsens\/guido-cantz-u-a-fr-13-03-2026-in-der-talk-show-koelner-treff-zu-gast\/","title":{"rendered":"GUIDO CANTZ u.a. <br>Fr. (13.03.2026) in der Talk-Show &#8222;K\u00f6lner Treff&#8220; zu Gast!"},"content":{"rendered":"<p style=\"text-align: justify;\">WDR Fernsehen, 22:00 Uhr \u2013 00:00Uhr (1. Wh. in der Nacht auf 14.03., 01:30 Uhr \u2013 03:30 Uhr; 2. Wh.: 15.03., 09:15 Uhr \u2013 11:15 Uhr)! Moderation: Susan Link und Micky Beisenherz!<!--more--><\/p>\n<p style=\"text-align: justify;\">\n<p style=\"text-align: justify;\">\n<p style=\"text-align: justify;\">\n<p style=\"text-align: justify;\">Susan Link und Micky Beisenherz begr\u00fc\u00dfen folgende G\u00e4ste &#8230;:<\/p>\n<p style=\"text-align: justify;\">\n<p style=\"text-align: justify;\">\n<p style=\"text-align: justify;\">\n<p style=\"text-align: justify;\"><strong>Rebecca Mir<\/strong><\/p>\n<p style=\"text-align: justify;\">\n<p style=\"text-align: justify;\">Sie ist Model, TV-Moderatorin und Social-Media-Profi. Bekannt wurde sie als &#8222;Germany&#8217;s Next Topmodel&#8220;-Finalistin, heute f\u00fchrt sie souver\u00e4n durch gro\u00dfe TV-Formate und Events. Zwischen rotem Teppich, Studioalltag und Familienleben springt die in Aachen geborene Moderatorin scheinbar m\u00fchelos hin und her. Mit Humor, Bodenhaftung und einer Millionen-Community im R\u00fccken zeigt Rebecca Mir dabei, dass Glamour Haltung nicht ausschlie\u00dft.<\/p>\n<p style=\"text-align: justify;\">\n<p style=\"text-align: justify;\">\n<p style=\"text-align: justify;\">\n<p style=\"text-align: justify;\"><strong>Guido Cantz<\/strong><\/p>\n<p style=\"text-align: justify;\">\n<p style=\"text-align: justify;\">Er ist eine feste Gr\u00f6\u00dfe im K\u00f6lner Karneval, hat gerade erst wieder erfolgreich 180 Auftritte in der Session absolviert. Entertainer Guido Cantz liebt diese f\u00fcnfte Jahreszeit, wenngleich sie dieses Jahr durch die Sorge um seinen Vater \u00fcberschattet war. Ab M\u00e4rz steht er nun wieder mit seinem Programm &#8222;Komische Zeiten&#8220; auf der B\u00fchne und nimmt seine Fans mit in das heimische Nest, in dem Midlife-Crisis, Wechseljahre und Pubert\u00e4t f\u00fcr viel Gespr\u00e4ch-, aber auch Z\u00fcndstoff sorgen. Aber auch da hilft oft nur Humor!<\/p>\n<p style=\"text-align: justify;\">\n<p style=\"text-align: justify;\">\n<p style=\"text-align: justify;\">\n<p style=\"text-align: justify;\"><strong>Collien Fernandes<\/strong><\/p>\n<p style=\"text-align: justify;\">\n<p style=\"text-align: justify;\">Ihre Karriere startete sie als Moderatorin beim Musiksender VIVA. Als Schauspielerin kennt man sie vor allem als Schiffs\u00e4rztin Jessica Delgado in der ZDF-Kultreihe &#8222;Das Traumschiff&#8220;. Vorausgesetzt, das Multitalent schreibt nicht gerade erneut an einem Kinderbuch oder ist f\u00fcr eine Reportage oder Dokumentation auf journalistischen Wegen unterwegs. An Ostersonntag nun ist eine neue Traumschiff-Folge zu sehen &#8211; dann geht es mit der gesamten Crew und jeder Menge illustren Passagieren nach Island.<\/p>\n<p style=\"text-align: justify;\">\n<p style=\"text-align: justify;\">\n<p style=\"text-align: justify;\">\n<p style=\"text-align: justify;\"><strong>Angelina Kirsch<\/strong><\/p>\n<p style=\"text-align: justify;\">\n<p style=\"text-align: justify;\">Sie z\u00e4hlt zu den erfolgreichsten Curvy Models Deutschlands &#8211; bekannt f\u00fcr ihre nat\u00fcrliche Ausstrahlung, ihre klare Haltung und daf\u00fcr, wie greifbar sie Themen wie Selbstakzeptanz und Familienzusammenhalt macht. Im Dezember 2025 heiratete Angelina Kirsch &#8211; mit der Winterhochzeit auf Sylt erf\u00fcllte sie sich einen lang gehegten Traum. Nach dem Verlust ihres Vaters 2024 war es ihre Mutter, die sie zum Altar begleitete &#8211; ein Moment, der das ohnehin enge Band zwischen beiden noch sichtbarer machte.<\/p>\n<p style=\"text-align: justify;\">\n<p style=\"text-align: justify;\">\n<p style=\"text-align: justify;\">\n<p style=\"text-align: justify;\"><strong>Frank Goosen<\/strong><\/p>\n<p style=\"text-align: justify;\">\n<p style=\"text-align: justify;\">Das Ruhrgebiet ist zweifelsohne sein Revier &#8211; hier sch\u00f6pft der geb\u00fcrtige Bochumer Kabarettist und Autor Themen aus dem wirklichen Leben, die er dann in B\u00fcchern und Programmen verarbeitet. In den letzten 25 Jahren hat er sich damit eine treue Leser -und Zuh\u00f6rerschaft geschaffen, die seine Betrachtungen zum Ruhrgebiet, den Befindlichkeiten seiner Generation und zum Fu\u00dfball lieben. Jetzt befasst er sich mit einem der zentralen sozialen Orte des Reviers &#8211; der traditionellen Eckkneipe: ein aussterbendes M\u00e4nnerdomizil, in dem allerdings eher die Frauen das Sagen haben!<\/p>\n<p style=\"text-align: justify;\">\n<p style=\"text-align: justify;\">\n<p style=\"text-align: justify;\">\n<p style=\"text-align: justify;\"><strong>Dagmar Rosenfeld &amp; Robin Alexander<\/strong><\/p>\n<p style=\"text-align: justify;\">\n<p style=\"text-align: justify;\">Zwei der profiliertesten Politikjournalisten des Landes &#8211; und beide echte NRW-Gew\u00e4chse. Er ist Schalke-Fan aus Wanne-Eickel, verschlang als Jugendlicher beim Gro\u00dfvater Churchill-Biografien. Sie stammt aus dem Rheinland und hat ein Faible f\u00fcr Schlager. Jahrelang haben Robin Alexander und Dagmar Rosenfeld aus Chefredaktionen heraus die Berliner Politik beobachtet und eingeordnet. Jetzt der gro\u00dfe Schritt: Mit ihrem Podcast &#8222;Machtwechsel&#8220; machen sie sich selbstst\u00e4ndig &#8211; und gehen damit ins Risiko. Zwei unterschiedliche Temperamente &#8211; Ruhrpott trifft Rheinland -, zwei bemerkenswerte Werdeg\u00e4nge, sieben Kinder zu Hause und jede Menge Geschichten von Reisen ins Wei\u00dfe Haus bis in die Hinterzimmer der Macht.<\/p>\n","protected":false},"excerpt":{"rendered":"<p>WDR Fernsehen, 22:00 Uhr \u2013 00:00Uhr (1. Wh. in der Nacht auf 14.03., 01:30 Uhr \u2013 03:30 Uhr; 2. Wh.:<\/p>\n","protected":false},"author":2,"featured_media":257193,"comment_status":"open","ping_status":"closed","sticky":false,"template":"","format":"standard","meta":{"_FSMCFIC_featured_image_caption":"","_FSMCFIC_featured_image_nocaption":"","_FSMCFIC_featured_image_hide":""},"categories":[23,128],"tags":[],"acf":[],"_links":{"self":[{"href":"https:\/\/smago.de\/ws2\/wp-json\/wp\/v2\/posts\/257192"}],"collection":[{"href":"https:\/\/smago.de\/ws2\/wp-json\/wp\/v2\/posts"}],"about":[{"href":"https:\/\/smago.de\/ws2\/wp-json\/wp\/v2\/types\/post"}],"author":[{"embeddable":true,"href":"https:\/\/smago.de\/ws2\/wp-json\/wp\/v2\/users\/2"}],"replies":[{"embeddable":true,"href":"https:\/\/smago.de\/ws2\/wp-json\/wp\/v2\/comments?post=257192"}],"version-history":[{"count":3,"href":"https:\/\/smago.de\/ws2\/wp-json\/wp\/v2\/posts\/257192\/revisions"}],"predecessor-version":[{"id":257196,"href":"https:\/\/smago.de\/ws2\/wp-json\/wp\/v2\/posts\/257192\/revisions\/257196"}],"wp:featuredmedia":[{"embeddable":true,"href":"https:\/\/smago.de\/ws2\/wp-json\/wp\/v2\/media\/257193"}],"wp:attachment":[{"href":"https:\/\/smago.de\/ws2\/wp-json\/wp\/v2\/media?parent=257192"}],"wp:term":[{"taxonomy":"category","embeddable":true,"href":"https:\/\/smago.de\/ws2\/wp-json\/wp\/v2\/categories?post=257192"},{"taxonomy":"post_tag","embeddable":true,"href":"https:\/\/smago.de\/ws2\/wp-json\/wp\/v2\/tags?post=257192"}],"curies":[{"name":"wp","href":"https:\/\/api.w.org\/{rel}","templated":true}]}}