{"id":257188,"date":"2026-03-12T14:29:54","date_gmt":"2026-03-12T13:29:54","guid":{"rendered":"https:\/\/smago.de\/ws2\/?p=257188"},"modified":"2026-03-12T14:31:10","modified_gmt":"2026-03-12T13:31:10","slug":"ross-antony-anna-carina-woitschack-u-a-teenage-dreams-bei-lets-dance-am-freitag-13-03-2026","status":"publish","type":"post","link":"https:\/\/smago.de\/ws2\/pop-schlager\/ross-antony-anna-carina-woitschack-u-a-teenage-dreams-bei-lets-dance-am-freitag-13-03-2026\/","title":{"rendered":"ROSS ANTONY, ANNA-CARINA WOITSCHACK u.a. <br>&#8222;Teenage Dreams&#8220; bei &#8222;Let\u2019s Dance&#8220; am Freitag (13.03.2026)!"},"content":{"rendered":"<p style=\"text-align: justify;\">Premiere f\u00fcr den Contemporary: Das sind die T\u00e4nze in Show 2 &#8230;:<br \/>\n<!--more--><\/p>\n<p>&nbsp;<\/p>\n<p>&nbsp;<\/p>\n<p>&nbsp;<\/p>\n<p style=\"text-align: justify;\">Wenn am Freitag das &#8222;Let\u2019s Dance&#8220;-Parkett f\u00fcr die zweite regul\u00e4re Live-Show der 19. Staffel freigegeben wird, dreht sich alles um gro\u00dfe Gef\u00fchle, erste Schw\u00e4rmereien und echte Ohrw\u00fcrmer: Unter dem Motto &#8222;Teenage Dreams&#8220; begeben sich die Tanzpaare auf eine musikalische Reise zur\u00fcck in ihre Jugend. Von zeitlosen Balladen bis hin zu ikonischen Pop-Hymnen \u2013 die Prominenten bringen ihre ganz pers\u00f6nlichen Teenager-Momente aufs Parkett.<\/p>\n<p style=\"text-align: justify;\">Wer kann mit Technik, Emotion und Performance \u00fcberzeugen? Und wer tanzt sich direkt in die Herzen der Zuschauer?<\/p>\n<p>&nbsp;<\/p>\n<p>&nbsp;<\/p>\n<p>&nbsp;<\/p>\n<p style=\"text-align: justify;\"><strong>Das sind die T\u00e4nze der &#8222;Let&#8217;s Dance&#8220;-Show am Freitag:<\/strong><\/p>\n<p>&nbsp;<\/p>\n<p>&nbsp;<\/p>\n<p style=\"text-align: justify;\">Joel Mattli mit Malika Dzumaev:<br \/>\nLangsamer Walzer zu &#8222;Georgia On My Mind&#8220; von Ray Charles<\/p>\n<p>&nbsp;<\/p>\n<p style=\"text-align: justify;\">Betty Taube mit Alexandru Ionel:<br \/>\nSlowfox zu &#8222;Die sch\u00f6nste Zeit&#8220; von Bosse<\/p>\n<p>&nbsp;<\/p>\n<p style=\"text-align: justify;\">Nadja Benaissa mit Vadim Garbuzov:<br \/>\nLangsamer Walzer zu &#8222;Hero&#8220; von Mariah Carey<\/p>\n<p>&nbsp;<\/p>\n<p style=\"text-align: justify;\">Vanessa Borck mit Victoria Sauerwald:<br \/>\nTango zu &#8222;I Kissed a Girl&#8220; von Katy Perry<\/p>\n<p>&nbsp;<\/p>\n<p style=\"text-align: justify;\">Simon Gosejohann mit Ekaterina Leonova:<br \/>\nLangsamer Walzer zu &#8222;Creep&#8220; von Radiohead<\/p>\n<p>&nbsp;<\/p>\n<p style=\"text-align: justify;\">Gustav Sch\u00e4fer mit Anastasia Maruster:<br \/>\nQuickstep zu &#8222;Rock Me Amadeus&#8220; von Falco<\/p>\n<p>&nbsp;<\/p>\n<p style=\"text-align: justify;\">Esther Schweins mit Massimo Sinat\u00f3:<br \/>\nRumba zu &#8222;Kayleigh&#8220; von Marillion<\/p>\n<p>&nbsp;<\/p>\n<p style=\"text-align: justify;\">Bianca Heinicke mit Zsolt S\u00e1ndor Cseke:<br \/>\nCha Cha Cha zu &#8222;We&#8217;re All in This Together&#8220; aus &#8222;High School Musical&#8220;<\/p>\n<p>&nbsp;<\/p>\n<p style=\"text-align: justify;\">Ross Antony mit Mariia Maksina:<br \/>\nCha Cha Cha zu &#8222;Hand on Your Heart&#8220; von Kylie Minogue<\/p>\n<p>&nbsp;<\/p>\n<p style=\"text-align: justify;\">Willi Banner mit Patricija Ionel:<br \/>\nContemporary zu &#8222;U Got It Bad&#8220; von Usher<\/p>\n<p>&nbsp;<\/p>\n<p style=\"text-align: justify;\">Milano mit Marta Arndt:<br \/>\nWiener Walzer zu &#8222;Stuck With You&#8220; von Justin Bieber ft. Ariana Grande<\/p>\n<p>&nbsp;<\/p>\n<p style=\"text-align: justify;\">Anna-Carina Woitschack mit Evgeny Vinokurov:<br \/>\nQuickstep zu &#8222;Wannabe&#8220; von den Spice Girls<\/p>\n<p>&nbsp;<\/p>\n<p style=\"text-align: justify;\">Jan Kittmann mit Kathrin Menzinger:<br \/>\nSlowfox zu &#8222;Smells Like Teen Spirit&#8220; von Paul Anka<\/p>\n<p>&nbsp;<\/p>\n<p>&nbsp;<\/p>\n<p>&nbsp;<\/p>\n<p style=\"text-align: justify;\">Wer kann die Jury mit Joachim Llambi, Motsi Mabuse und Jorge Gonz\u00e1lez \u00fcberzeugen? Wer sammelt wichtige Punkte auf dem Weg in die n\u00e4chste Runde? Und f\u00fcr wen platzt der &#8222;Teenage Dream&#8220;?<\/p>\n<p style=\"text-align: justify;\">Victoria Swarovski und Daniel Hartwich f\u00fchren durch die insgesamt 13 Liveshows.<\/p>\n<p>&nbsp;<\/p>\n<p style=\"text-align: justify;\"><em>&#8222;Let\u2019s Dance&#8220; wird von Seapoint in Zusammenarbeit mit BBC Studios im Auftrag von RTL produziert. Auch die 19. Staffel sowie die nachfolgenden Ausgaben von &#8222;Exclusiv Spezial \u2013 Let&#8217;s Dance&#8220; werden in UHD produziert und auf RTL UHD ausgestrahlt.<\/em><\/p>\n<p>&nbsp;<\/p>\n<figure id=\"attachment_257189\" aria-describedby=\"caption-attachment-257189\" style=\"width: 800px\" class=\"wp-caption alignnone\"><img decoding=\"async\" loading=\"lazy\" class=\"size-large wp-image-257189\" src=\"https:\/\/smago.de\/ws2\/wp-content\/uploads\/2026\/03\/EF1DE-800x450.jpg\" alt=\"\" width=\"800\" height=\"450\" srcset=\"https:\/\/smago.de\/ws2\/wp-content\/uploads\/2026\/03\/EF1DE-800x450.jpg 800w, https:\/\/smago.de\/ws2\/wp-content\/uploads\/2026\/03\/EF1DE-522x294.jpg 522w, https:\/\/smago.de\/ws2\/wp-content\/uploads\/2026\/03\/EF1DE-267x150.jpg 267w, https:\/\/smago.de\/ws2\/wp-content\/uploads\/2026\/03\/EF1DE-768x432.jpg 768w, https:\/\/smago.de\/ws2\/wp-content\/uploads\/2026\/03\/EF1DE-1536x864.jpg 1536w, https:\/\/smago.de\/ws2\/wp-content\/uploads\/2026\/03\/EF1DE-2048x1152.jpg 2048w, https:\/\/smago.de\/ws2\/wp-content\/uploads\/2026\/03\/EF1DE-392x221.jpg 392w, https:\/\/smago.de\/ws2\/wp-content\/uploads\/2026\/03\/EF1DE-130x73.jpg 130w, https:\/\/smago.de\/ws2\/wp-content\/uploads\/2026\/03\/EF1DE-791x445.jpg 791w, https:\/\/smago.de\/ws2\/wp-content\/uploads\/2026\/03\/EF1DE-870x489.jpg 870w, https:\/\/smago.de\/ws2\/wp-content\/uploads\/2026\/03\/EF1DE-292x164.jpg 292w, https:\/\/smago.de\/ws2\/wp-content\/uploads\/2026\/03\/EF1DE-435x245.jpg 435w, https:\/\/smago.de\/ws2\/wp-content\/uploads\/2026\/03\/EF1DE-895x503.jpg 895w\" sizes=\"(max-width: 800px) 100vw, 800px\" \/><figcaption id=\"caption-attachment-257189\" class=\"wp-caption-text\"><em>Die Tanzpaare von &#8222;Let&#8217;s Dance&#8220; 2026<\/em><\/p>\n<p><em>Foto-Credit: RTL \/ Stefan Gregorowius<\/em><\/p>\n<p><em>Bitte beachten Sie auch <strong><a href=\"http:\/\/www.rtlplus.de\">RTL+<\/a><\/strong>!<\/em><\/figcaption><\/figure>\n","protected":false},"excerpt":{"rendered":"<p>Premiere f\u00fcr den Contemporary: Das sind die T\u00e4nze in Show 2 &#8230;:<\/p>\n","protected":false},"author":2,"featured_media":257189,"comment_status":"open","ping_status":"closed","sticky":false,"template":"","format":"standard","meta":{"_FSMCFIC_featured_image_caption":"","_FSMCFIC_featured_image_nocaption":"","_FSMCFIC_featured_image_hide":""},"categories":[28,29,39,128],"tags":[43],"acf":[],"_links":{"self":[{"href":"https:\/\/smago.de\/ws2\/wp-json\/wp\/v2\/posts\/257188"}],"collection":[{"href":"https:\/\/smago.de\/ws2\/wp-json\/wp\/v2\/posts"}],"about":[{"href":"https:\/\/smago.de\/ws2\/wp-json\/wp\/v2\/types\/post"}],"author":[{"embeddable":true,"href":"https:\/\/smago.de\/ws2\/wp-json\/wp\/v2\/users\/2"}],"replies":[{"embeddable":true,"href":"https:\/\/smago.de\/ws2\/wp-json\/wp\/v2\/comments?post=257188"}],"version-history":[{"count":2,"href":"https:\/\/smago.de\/ws2\/wp-json\/wp\/v2\/posts\/257188\/revisions"}],"predecessor-version":[{"id":257191,"href":"https:\/\/smago.de\/ws2\/wp-json\/wp\/v2\/posts\/257188\/revisions\/257191"}],"wp:featuredmedia":[{"embeddable":true,"href":"https:\/\/smago.de\/ws2\/wp-json\/wp\/v2\/media\/257189"}],"wp:attachment":[{"href":"https:\/\/smago.de\/ws2\/wp-json\/wp\/v2\/media?parent=257188"}],"wp:term":[{"taxonomy":"category","embeddable":true,"href":"https:\/\/smago.de\/ws2\/wp-json\/wp\/v2\/categories?post=257188"},{"taxonomy":"post_tag","embeddable":true,"href":"https:\/\/smago.de\/ws2\/wp-json\/wp\/v2\/tags?post=257188"}],"curies":[{"name":"wp","href":"https:\/\/api.w.org\/{rel}","templated":true}]}}