{"id":257184,"date":"2026-03-13T00:00:12","date_gmt":"2026-03-12T23:00:12","guid":{"rendered":"https:\/\/smago.de\/ws2\/?p=257184"},"modified":"2026-03-12T13:04:33","modified_gmt":"2026-03-12T12:04:33","slug":"barbara-schoeneberger-stefan-raab-das-grosse-interview-zu-ihrer-neuen-rtl-show-wer-weiss-wie-wann-was-war-die-show-der-generationen","status":"publish","type":"post","link":"https:\/\/smago.de\/ws2\/nonsens\/barbara-schoeneberger-stefan-raab-das-grosse-interview-zu-ihrer-neuen-rtl-show-wer-weiss-wie-wann-was-war-die-show-der-generationen\/","title":{"rendered":"BARBARA SCH\u00d6NEBERGER \u2013 STEFAN RAAB <br>Das gro\u00dfe Interview zu ihrer neuen RTL-Show &#8222;Wer wei\u00df wie wann was war? \u2013 Die Show der Generationen&#8220;!"},"content":{"rendered":"<p>Hier erl\u00e4utern beide das Sendungskonzept&#8230;:<!--more--><\/p>\n<p>&nbsp;<\/p>\n<p>&nbsp;<\/p>\n<p><strong>Wie ist das Konzept der Show? K\u00f6nnt ihr uns das bitte noch mal kurz in euren eigenen Worten erl\u00e4utern?<\/strong><\/p>\n<p><strong>Stefan:<\/strong> \u201cDas ist die erste Show im deutschen Fernsehen, deren Inhalt f\u00fcr die L\u00e4nge der Sendung ausreicht. Sie hat alles, was man braucht, um den Samstagabend fr\u00f6hlich und im Familienkreis vorm Fernseher zu verbringen.\u201c<\/p>\n<p><strong>Barbara:<\/strong> \u201cIch glaube, wir schlie\u00dfen keine Altersgruppe aus, jeder kann mitraten und in Erinnerungen schwelgen und das war uns wichtig.\u201c<\/p>\n<p><strong>Barbara:<\/strong> \u201cMusik wird eine gro\u00dfe Rolle spielen. Ich w\u00fcrde tats\u00e4chlich gerne noch mehr mit Dir singen!\u201c<\/p>\n<p><strong>Stefan:<\/strong> \u201cIch nicht! Barbara singt sehr ambitioniert und mit viel Spa\u00df! Und sie war gegen ihre Natur bereit, die Songs auch zu proben. Leider ist Talent immer sehr ungerecht verteilt.\u201c<\/p>\n<p><strong>Barbara:<\/strong> \u201cIch wei\u00df, Stefan, ich wei\u00df!\u201c<\/p>\n<p><strong>Wie war denn die Zusammenarbeit bei eurer ersten gemeinsamen Moderation?<\/strong><\/p>\n<p><strong>Stefan:<\/strong> \u201cIch habe fr\u00fcher ja \u00f6fter mal Scherze \u00fcber Barbara gemacht und war eigentlich sicher, dass sie mich absolut nicht mag.\u201c<\/p>\n<p><strong>Barbara:<\/strong> \u201cDas stimmte auch, man hatte bei Dir jetzt grunds\u00e4tzlich nicht das Gef\u00fchl, dass Du vor Empathie \u00fcberl\u00e4ufst. Das hat sich \u00fcber die letzten Jahre aber total ge\u00e4ndert. Ich habe mich emotional an Dich rangerobbt, so dass ich mir inzwischen ein berufliches Leben ohne Dich quasi nicht mehr vorstellen kann.\u201c<\/p>\n<p><strong>Neben dem Quiz-Teil in der Show seid ihr in verschiedenen lustigen Einspielern zu sehen. Was k\u00f6nnen wir da erwarten?<\/strong><\/p>\n<p><strong>Barbara:<\/strong> \u201cWas mir vorher nicht klar war, ist, dass Stefan auch mit Verkleidung wirklich gut aussieht und funktioniert. Du hast ein echtes Per\u00fcckengesicht!\u201c<\/p>\n<p><strong>Stefan:<\/strong> \u201cDas ist f\u00fcr mich das schlimmste, die jucken und kratzen!\u201c<\/p>\n<p><strong>Barbara:<\/strong> \u201cAber um das deutsche Publikum zu begeistern, warst Du bereit, \u00fcber Deine Grenzen hinauszugehen.\u201c<\/p>\n<p>&nbsp;<\/p>\n<p>&nbsp;<\/p>\n<figure id=\"attachment_257186\" aria-describedby=\"caption-attachment-257186\" style=\"width: 800px\" class=\"wp-caption alignnone\"><img decoding=\"async\" loading=\"lazy\" class=\"size-large wp-image-257186\" src=\"https:\/\/smago.de\/ws2\/wp-content\/uploads\/2026\/03\/schoeneberger_raab-1-800x450.jpeg\" alt=\"\" width=\"800\" height=\"450\" srcset=\"https:\/\/smago.de\/ws2\/wp-content\/uploads\/2026\/03\/schoeneberger_raab-1-800x450.jpeg 800w, https:\/\/smago.de\/ws2\/wp-content\/uploads\/2026\/03\/schoeneberger_raab-1-522x294.jpeg 522w, https:\/\/smago.de\/ws2\/wp-content\/uploads\/2026\/03\/schoeneberger_raab-1-267x150.jpeg 267w, https:\/\/smago.de\/ws2\/wp-content\/uploads\/2026\/03\/schoeneberger_raab-1-768x432.jpeg 768w, https:\/\/smago.de\/ws2\/wp-content\/uploads\/2026\/03\/schoeneberger_raab-1-392x221.jpeg 392w, https:\/\/smago.de\/ws2\/wp-content\/uploads\/2026\/03\/schoeneberger_raab-1-130x73.jpeg 130w, https:\/\/smago.de\/ws2\/wp-content\/uploads\/2026\/03\/schoeneberger_raab-1-791x445.jpeg 791w, https:\/\/smago.de\/ws2\/wp-content\/uploads\/2026\/03\/schoeneberger_raab-1-870x489.jpeg 870w, https:\/\/smago.de\/ws2\/wp-content\/uploads\/2026\/03\/schoeneberger_raab-1-292x164.jpeg 292w, https:\/\/smago.de\/ws2\/wp-content\/uploads\/2026\/03\/schoeneberger_raab-1-435x245.jpeg 435w, https:\/\/smago.de\/ws2\/wp-content\/uploads\/2026\/03\/schoeneberger_raab-1-895x503.jpeg 895w, https:\/\/smago.de\/ws2\/wp-content\/uploads\/2026\/03\/schoeneberger_raab-1.jpeg 1150w\" sizes=\"(max-width: 800px) 100vw, 800px\" \/><figcaption id=\"caption-attachment-257186\" class=\"wp-caption-text\"><em>Barbara Sch\u00f6neberger und Stefan Raab<\/em><\/p>\n<p><em>Foto-Credit: RTL \/ Raab Entertainment \/ Willi Weber<\/em><\/p>\n<p><em>Bitte beachten Sie auch <strong><a href=\"http:\/\/www.rtlplus.de\">RTL+<\/a><\/strong>!<\/em><\/figcaption><\/figure>\n","protected":false},"excerpt":{"rendered":"<p>Hier erl\u00e4utern beide das Sendungskonzept&#8230;:<\/p>\n","protected":false},"author":2,"featured_media":257186,"comment_status":"open","ping_status":"closed","sticky":false,"template":"","format":"standard","meta":{"_FSMCFIC_featured_image_caption":"","_FSMCFIC_featured_image_nocaption":"","_FSMCFIC_featured_image_hide":""},"categories":[23,29,128],"tags":[],"acf":[],"_links":{"self":[{"href":"https:\/\/smago.de\/ws2\/wp-json\/wp\/v2\/posts\/257184"}],"collection":[{"href":"https:\/\/smago.de\/ws2\/wp-json\/wp\/v2\/posts"}],"about":[{"href":"https:\/\/smago.de\/ws2\/wp-json\/wp\/v2\/types\/post"}],"author":[{"embeddable":true,"href":"https:\/\/smago.de\/ws2\/wp-json\/wp\/v2\/users\/2"}],"replies":[{"embeddable":true,"href":"https:\/\/smago.de\/ws2\/wp-json\/wp\/v2\/comments?post=257184"}],"version-history":[{"count":1,"href":"https:\/\/smago.de\/ws2\/wp-json\/wp\/v2\/posts\/257184\/revisions"}],"predecessor-version":[{"id":257187,"href":"https:\/\/smago.de\/ws2\/wp-json\/wp\/v2\/posts\/257184\/revisions\/257187"}],"wp:featuredmedia":[{"embeddable":true,"href":"https:\/\/smago.de\/ws2\/wp-json\/wp\/v2\/media\/257186"}],"wp:attachment":[{"href":"https:\/\/smago.de\/ws2\/wp-json\/wp\/v2\/media?parent=257184"}],"wp:term":[{"taxonomy":"category","embeddable":true,"href":"https:\/\/smago.de\/ws2\/wp-json\/wp\/v2\/categories?post=257184"},{"taxonomy":"post_tag","embeddable":true,"href":"https:\/\/smago.de\/ws2\/wp-json\/wp\/v2\/tags?post=257184"}],"curies":[{"name":"wp","href":"https:\/\/api.w.org\/{rel}","templated":true}]}}