{"id":257177,"date":"2026-03-12T12:55:46","date_gmt":"2026-03-12T11:55:46","guid":{"rendered":"https:\/\/smago.de\/ws2\/?p=257177"},"modified":"2026-03-12T15:24:29","modified_gmt":"2026-03-12T14:24:29","slug":"barbara-schoeneberger-stefan-raab-du-hast-ein-echtes-perueckengesicht","status":"publish","type":"post","link":"https:\/\/smago.de\/ws2\/nonsens\/barbara-schoeneberger-stefan-raab-du-hast-ein-echtes-perueckengesicht\/","title":{"rendered":"BARBARA SCH\u00d6NEBERGER \u2013 STEFAN RAAB <br>&#8222;Du hast ein echtes Per\u00fcckengesicht!&#8220;"},"content":{"rendered":"<p>&#8222;Wer wei\u00df wie wann was war? \u2013 Die Show der Generationen&#8220; am 14.03. + 21.03.2026, 20:15 Uhr bei RTL und die zweite Folge vorab auf RTL+!<!--more--><\/p>\n<p>&nbsp;<\/p>\n<p>&nbsp;<\/p>\n<p style=\"text-align: justify;\">Ein Satz, der viel \u00fcber die neue RTL-Show verr\u00e4t. Denn wenn Barbara Sch\u00f6neberger und Stefan Raab erstmals gemeinsam eine Samstagabendshow moderieren, ist klar: Hier wird Entertainment auf h\u00f6chstem Niveau geboten. F\u00fcr aufwendig produzierte Einspieler schl\u00fcpfen die beiden TV-Gr\u00f6\u00dfen in unterschiedliche Rollen \u2013 inklusive Per\u00fccke. Barbara Sch\u00f6neberger kommentiert das mit sichtlichem Vergn\u00fcgen: &#8222;Was mir vorher nicht klar war, ist, dass Stefan auch mit Verkleidung wirklich gut aussieht und funktioniert. Du hast ein echtes Per\u00fcckengesicht!&#8220; Raab nimmt es sportlich: \u201cDas ist f\u00fcr mich das Schlimmste \u2013 die jucken und kratzen!\u201c<\/p>\n<p style=\"text-align: justify;\">Das Publikum darf sich auf einen gro\u00dfen Showabend voller musikalischer Momente, \u00fcberraschender Erinnerungen und pointierter Schlagabtausche freuen. Denn neben allem Quiz-Wettstreit lebt der Abend vor allem vom Zusammenspiel zweier Entertainer, die voll in ihrem Element sind.<\/p>\n<p style=\"text-align: justify;\">Inhaltlich bringt &#8222;Wer wei\u00df wie wann was war?&#8220; drei Generationen ins Studio: Prominente Paten im Alter von 20\u201339, 40\u201359 und \u00dc60 treten gemeinsam mit dem Publikum an und testen ihr Wissen zu Fernsehen, Musik und gesellschaftlich pr\u00e4genden Ereignissen. Auch die Zuschauerinnen und Zuschauer zu Hause sind eingeladen, mitzuraten. Am Ende winkt dem cleversten Zuschauerblock eine fette Gewinnsumme von bis zu 100.000 Euro.<\/p>\n<p>&nbsp;<\/p>\n<p>&nbsp;<\/p>\n<p>&nbsp;<\/p>\n<p style=\"text-align: justify;\"><strong>Prominente Generationen-Teams<\/strong><\/p>\n<p>&nbsp;<\/p>\n<p style=\"text-align: justify;\">In Folge 1 am 14. M\u00e4rz sind dabei: Ingolf L\u00fcck, Christine Neubauer, \u00d6zcan Cosar, Frank Rosin, Max Giesinger und Ricarda Lang.<\/p>\n<p style=\"text-align: justify;\">In Folge 2 am 21. M\u00e4rz treten an: Hella von Sinnen, Hugo Egon Balder, Jan Ullrich, Hans Sigl, Edin Hasanovi\u0107 und Sophia Thomalla.<\/p>\n<p>&nbsp;<\/p>\n<p>&nbsp;<\/p>\n<p>&nbsp;<\/p>\n<p style=\"text-align: justify;\">Beide Folgen stehen direkt im Anschluss an die TV-Ausstrahlung der ersten Ausgabe auf RTL+ zur Verf\u00fcgung.<\/p>\n<p style=\"text-align: justify;\">&#8222;Wer wei\u00df wie wann was war? \u2013 Die Show der Generationen&#8220; bringt Vergangenheit und Gegenwart auf eine B\u00fchne \u2013 moderiert von zwei Pers\u00f6nlichkeiten, die das deutsche Fernsehen gepr\u00e4gt haben. Ob Pippi Langstrumpf, \u201cDirty Dancing\u201c oder das WM-Sommerm\u00e4rchen 2006 \u2013 Momente, die Erinnerungen wecken. In dieser Show werden sie neu erz\u00e4hlt und \u00fcberraschend inszeniert.<\/p>\n<p>&nbsp;<\/p>\n<p style=\"text-align: justify;\"><em>Produziert wird die Show von Raab Entertainment im Auftrag von RTL.<\/em><\/p>\n<p>&nbsp;<\/p>\n<p>&nbsp;<\/p>\n<figure id=\"attachment_257178\" aria-describedby=\"caption-attachment-257178\" style=\"width: 1150px\" class=\"wp-caption alignnone\"><img decoding=\"async\" loading=\"lazy\" class=\"size-full wp-image-257178\" src=\"https:\/\/smago.de\/ws2\/wp-content\/uploads\/2026\/03\/Bild-12.03.26-um-12.53-1.jpg\" alt=\"\" width=\"1150\" height=\"647\" \/><figcaption id=\"caption-attachment-257178\" class=\"wp-caption-text\"><em>Stefan Raab und Barbara Sch\u00f6neberger<\/em><\/p>\n<p><em>Foto-Credit: RTL<\/em><\/p>\n<p><em>Bitte beachten Sie auch <strong><a href=\"http:\/\/www.rtlplus.de\">RTL+<\/a><\/strong>!<\/em><\/figcaption><\/figure>\n","protected":false},"excerpt":{"rendered":"<p>&#8222;Wer wei\u00df wie wann was war? \u2013 Die Show der Generationen&#8220; am 14.03. + 21.03.2026, 20:15 Uhr bei RTL und<\/p>\n","protected":false},"author":2,"featured_media":257178,"comment_status":"open","ping_status":"closed","sticky":false,"template":"","format":"standard","meta":{"_FSMCFIC_featured_image_caption":"","_FSMCFIC_featured_image_nocaption":"","_FSMCFIC_featured_image_hide":""},"categories":[23,29,128],"tags":[5030,236,507],"acf":[],"_links":{"self":[{"href":"https:\/\/smago.de\/ws2\/wp-json\/wp\/v2\/posts\/257177"}],"collection":[{"href":"https:\/\/smago.de\/ws2\/wp-json\/wp\/v2\/posts"}],"about":[{"href":"https:\/\/smago.de\/ws2\/wp-json\/wp\/v2\/types\/post"}],"author":[{"embeddable":true,"href":"https:\/\/smago.de\/ws2\/wp-json\/wp\/v2\/users\/2"}],"replies":[{"embeddable":true,"href":"https:\/\/smago.de\/ws2\/wp-json\/wp\/v2\/comments?post=257177"}],"version-history":[{"count":3,"href":"https:\/\/smago.de\/ws2\/wp-json\/wp\/v2\/posts\/257177\/revisions"}],"predecessor-version":[{"id":257183,"href":"https:\/\/smago.de\/ws2\/wp-json\/wp\/v2\/posts\/257177\/revisions\/257183"}],"wp:featuredmedia":[{"embeddable":true,"href":"https:\/\/smago.de\/ws2\/wp-json\/wp\/v2\/media\/257178"}],"wp:attachment":[{"href":"https:\/\/smago.de\/ws2\/wp-json\/wp\/v2\/media?parent=257177"}],"wp:term":[{"taxonomy":"category","embeddable":true,"href":"https:\/\/smago.de\/ws2\/wp-json\/wp\/v2\/categories?post=257177"},{"taxonomy":"post_tag","embeddable":true,"href":"https:\/\/smago.de\/ws2\/wp-json\/wp\/v2\/tags?post=257177"}],"curies":[{"name":"wp","href":"https:\/\/api.w.org\/{rel}","templated":true}]}}