{"id":257170,"date":"2026-03-13T00:00:11","date_gmt":"2026-03-12T23:00:11","guid":{"rendered":"https:\/\/smago.de\/ws2\/?p=257170"},"modified":"2026-03-12T12:33:48","modified_gmt":"2026-03-12T11:33:48","slug":"mario-steffen-sansibar-im-februar-ist-ein-moderater-partyschlager-voller-fernweh","status":"publish","type":"post","link":"https:\/\/smago.de\/ws2\/schlager\/mario-steffen-sansibar-im-februar-ist-ein-moderater-partyschlager-voller-fernweh\/","title":{"rendered":"MARIO STEFFEN <br>\u201eSansibar im Februar\u201c ist ein moderater Partyschlager voller Fernweh!"},"content":{"rendered":"<p style=\"text-align: justify;\">Vom Regen an den Strand: Wenn der Winter grau ist, beginnt die Reise nach Sansibar \u2013 zumindest im Traum!<!--more--><\/p>\n<p>&nbsp;<\/p>\n<p>&nbsp;<\/p>\n<p>&nbsp;<\/p>\n<p style=\"text-align: justify;\">Mit seiner neuen Single \u201eSansibar im Februar\u201c entf\u00fchrt MARIO STEFFEN seine Fans musikalisch an einen Ort, an dem Winter keine Rolle spielt. Der tanzbare Partyschlager im Samba-Rhythmus erz\u00e4hlt von grauen Tagen, dunklen Wolken und einer Stimmung, die eher nach Regen als nach Sonnenschein klingt. Doch mitten in dieser tristen Atmosph\u00e4re sorgt ein simples Plakat mit Strandbildern f\u00fcr einen gedanklichen Tapetenwechsel \u2013 und pl\u00f6tzlich wird aus einem grauen Tag eine Reise in die Tropen.<\/p>\n<p style=\"text-align: justify;\">Der Text beschreibt, wie MARIO sich zun\u00e4chst in einer tr\u00fcben und kalten Umgebung befindet. Die Stimmung wirkt grau und schwer: dunkle Wolken, kalter Wind und bleiche Gesichter vermitteln das Gef\u00fchl eines langen Winters. W\u00e4hrend MARIO durch den Regen geht, scheint alles etwas trostlos und eint\u00f6nig zu sein. In diesem Moment entdeckt er jedoch das eingangs erw\u00e4hnte Plakat, das Bilder von einem sonnigen Strand zeigt \u2013 und genau dieses Bild l\u00f6st eine gedankliche Reise aus.<\/p>\n<p style=\"text-align: justify;\">Durch diese Vorstellung beginnt MARIO, sich an einen ganz anderen Ort zu tr\u00e4umen: nach Sansibar im Februar. Dort stellt er sich warme Luft, das Meer, Sand unter den F\u00fc\u00dfen und Palmen im Wind vor. Die Bilder sind voller Leichtigkeit und Freiheit. In der Fantasie l\u00e4uft man barfu\u00df am Strand entlang, sp\u00fcrt den Tropenwind in den Haaren und genie\u00dft das klare Wasser und die salzige Luft. Der Ort steht dabei symbolisch f\u00fcr einen Gegenpol zum grauen Alltag.<\/p>\n<p style=\"text-align: justify;\">Mit dieser Tagtr\u00e4umerei verschwindet die reale Umgebung immer mehr aus dem Bewusstsein. MARIO vergisst f\u00fcr einen Moment, wo er eigentlich ist und taucht gedanklich vollst\u00e4ndig in diese warme, ruhige Welt ein. Der Strand wirkt dabei fast menschenleer und friedlich, sodass man sich dort frei und unbeschwert f\u00fchlen kann.<\/p>\n<p style=\"text-align: justify;\">Am Ende wird deutlich, dass Gl\u00fcck f\u00fcr MARIO STEFFEN gar nicht kompliziert sein muss. Es braucht nur einfache Dinge: Sonne im Gesicht, warme Luft, das Meer \u2013 und einen geliebten Menschen an der Seite. Diese Vorstellung von Gemeinsamkeit und W\u00e4rme macht den eigentlichen Kern des Textes aus.<\/p>\n<p style=\"text-align: justify;\">Musikalisch verbindet \u201eSansibar im Februar\u201c sommerliche Rhythmen mit klassischem Schlagergef\u00fchl. Die eing\u00e4ngige Melodie und der beschwingte Samba-Beat machen den Titel zu einem Song, der sofort Fernweh weckt und Lust auf Tanzfl\u00e4chen, Strandpartys und warme N\u00e4chte macht. Geschrieben wurde der Titel von ILONA BORAUD und PETER MATZ (Text) sowie UWE HASELSTEINER (Musik), die damit einen Schlager geschaffen haben, der sofort Bilder im Kopf entstehen l\u00e4sst.<\/p>\n<p style=\"text-align: justify;\">Hinter dem Song steht mit MARIO STEFFEN ein K\u00fcnstler, der seit \u00fcber zwei Jahrzehnten fest in der Schlagerszene verankert ist. Der S\u00e4nger aus Erlenbach am Main begann seine Karriere einst bei einem Karaoke-Wettbewerb in Frankfurt und entwickelte sich schnell zu einem gefragten Live-Act. Mit seiner klaren, kraftvollen Stimme und seiner Leidenschaft f\u00fcr die B\u00fchne begeistert er sein Publikum bei Konzerten, Festivals und Schlagerreisen. Singles wie \u201eEinsam in der Samstagnacht\u201c oder \u201eIch setz den Joker drauf\u201c hielten sich lange in den Airplay-Charts und machten ihn zu einem festen Namen im Genre.<\/p>\n<p style=\"text-align: justify;\">Mit \u201eSansibar im Februar\u201c zeigt MARIO erneut sein Gesp\u00fcr f\u00fcr eing\u00e4ngige Schlager und positive Emotionen. Der Song ist eine musikalische Einladung, dem grauen Alltag f\u00fcr ein paar Minuten zu entfliehen \u2013 und sich dorthin zu tr\u00e4umen, wo Sonne, Meer und gute<\/p>\n","protected":false},"excerpt":{"rendered":"<p>Vom Regen an den Strand: Wenn der Winter grau ist, beginnt die Reise nach Sansibar \u2013 zumindest im Traum!<\/p>\n","protected":false},"author":2,"featured_media":257174,"comment_status":"open","ping_status":"closed","sticky":false,"template":"","format":"standard","meta":{"_FSMCFIC_featured_image_caption":"","_FSMCFIC_featured_image_nocaption":"","_FSMCFIC_featured_image_hide":""},"categories":[29],"tags":[512],"acf":[],"_links":{"self":[{"href":"https:\/\/smago.de\/ws2\/wp-json\/wp\/v2\/posts\/257170"}],"collection":[{"href":"https:\/\/smago.de\/ws2\/wp-json\/wp\/v2\/posts"}],"about":[{"href":"https:\/\/smago.de\/ws2\/wp-json\/wp\/v2\/types\/post"}],"author":[{"embeddable":true,"href":"https:\/\/smago.de\/ws2\/wp-json\/wp\/v2\/users\/2"}],"replies":[{"embeddable":true,"href":"https:\/\/smago.de\/ws2\/wp-json\/wp\/v2\/comments?post=257170"}],"version-history":[{"count":2,"href":"https:\/\/smago.de\/ws2\/wp-json\/wp\/v2\/posts\/257170\/revisions"}],"predecessor-version":[{"id":257175,"href":"https:\/\/smago.de\/ws2\/wp-json\/wp\/v2\/posts\/257170\/revisions\/257175"}],"wp:featuredmedia":[{"embeddable":true,"href":"https:\/\/smago.de\/ws2\/wp-json\/wp\/v2\/media\/257174"}],"wp:attachment":[{"href":"https:\/\/smago.de\/ws2\/wp-json\/wp\/v2\/media?parent=257170"}],"wp:term":[{"taxonomy":"category","embeddable":true,"href":"https:\/\/smago.de\/ws2\/wp-json\/wp\/v2\/categories?post=257170"},{"taxonomy":"post_tag","embeddable":true,"href":"https:\/\/smago.de\/ws2\/wp-json\/wp\/v2\/tags?post=257170"}],"curies":[{"name":"wp","href":"https:\/\/api.w.org\/{rel}","templated":true}]}}