{"id":257165,"date":"2026-03-12T12:17:42","date_gmt":"2026-03-12T11:17:42","guid":{"rendered":"https:\/\/smago.de\/ws2\/?p=257165"},"modified":"2026-03-12T12:17:42","modified_gmt":"2026-03-12T11:17:42","slug":"isa-jansen-der-titel-gib-mir-einen-grund-kuendigt-das-album-ich-will-die-welt-an","status":"publish","type":"post","link":"https:\/\/smago.de\/ws2\/pop\/isa-jansen-der-titel-gib-mir-einen-grund-kuendigt-das-album-ich-will-die-welt-an\/","title":{"rendered":"ISA JANSEN <br>Der Titel &#8222;Gib mir einen Grund&#8220; k\u00fcndigt das Album &#8222;Ich will die Welt&#8220; an!"},"content":{"rendered":"<p>Video-Premiere heute (12.03.2026) um 18:00 Uhr \u2013 HIER &#8230;:<!--more--><\/p>\n<p style=\"text-align: justify;\">\n<p style=\"font-weight: 400; text-align: justify;\">&#8222;Gib mir einen guten Grund\u201c &#8211; Mit diesem Titel k\u00fcndigt ISA JANSEN ihr kommendes neues Album \u201eIch will die Welt\u201c an.<\/p>\n<p style=\"font-weight: 400; text-align: justify;\">Dabei ist ihr gleich mit diesem ersten Vorboten ein St\u00fcck Musik gelungen, das mitrei\u00dft und ber\u00fchrt. Voller Gef\u00fchl und doch klar in der Message sagt sie <em>\u201egib mir einen guten Grund, um noch bei dir zu sein\u201c<\/em>.<\/p>\n<p style=\"font-weight: 400; text-align: justify;\">Mit ihrem unverwechselbaren Gesang zeichnet sie Bilder aus den guten Tagen einer Liebe und fordert auf bewegende Art positive Impulse ein, um das Miteinander zu bewahren.<\/p>\n<p style=\"font-weight: 400; text-align: justify;\">Das Musikvideo zur Single unterstreicht diese Stimmung perfekt. Isa Jansens Songs handeln vom Loslassen, Vermissen, Tr\u00e4umen und Zweifeln.<\/p>\n<p style=\"font-weight: 400; text-align: justify;\">Mit ihrem neuen Longplayer, dem nunmehr dritten, geht die in Berlin lebende, von der Ostsee stammende K\u00fcnstlerin den n\u00e4chsten Schritt. Die Musik macht einerseits dort weiter, wo man Jansen nach ihren Alben \u201eBitter &amp; s\u00fc\u00df\u201c und \u201eDu fliegst\u201c stilistisch verortet. Neue musikalische Einfl\u00fcsse und Entwicklungen sind anderseits un\u00fcberh\u00f6rbar.<\/p>\n<p style=\"font-weight: 400; text-align: justify;\">Schon bei \u201eGib mir einen guten Grund\u201c wird deutlich, wieviel Raum ihre Stimme bekommt. Und das ist gut so, denn diese Frau hat viel zu sagen: Sie will die Welt!<\/p>\n<p style=\"font-weight: 400;\">\n<p>&nbsp;<\/p>\n<p>&nbsp;<\/p>\n<p><strong><a href=\"https:\/\/save-it.cc\/lasso-music\/gib-mir-einen-guten-grund\">&#8222;Save-It&#8220; &#8230;:<\/a><\/strong><\/p>\n<p><iframe loading=\"lazy\" src=\"\/\/www.youtube.com\/embed\/2VNtoaujCrk\" width=\"800\" height=\"449\" allowfullscreen=\"allowfullscreen\"><\/iframe><\/p>\n<p class=\"p1\">\n<p>&nbsp;<\/p>\n<p>&nbsp;<\/p>\n<p><img decoding=\"async\" loading=\"lazy\" class=\"alignnone size-large wp-image-257167\" src=\"https:\/\/smago.de\/ws2\/wp-content\/uploads\/2026\/03\/Single_Isa-Jansen_Gib-mir-einen-guten-Grund_DE1RX2600010_RS-800x800.jpg\" alt=\"\" width=\"800\" height=\"800\" srcset=\"https:\/\/smago.de\/ws2\/wp-content\/uploads\/2026\/03\/Single_Isa-Jansen_Gib-mir-einen-guten-Grund_DE1RX2600010_RS-800x800.jpg 800w, https:\/\/smago.de\/ws2\/wp-content\/uploads\/2026\/03\/Single_Isa-Jansen_Gib-mir-einen-guten-Grund_DE1RX2600010_RS-522x522.jpg 522w, https:\/\/smago.de\/ws2\/wp-content\/uploads\/2026\/03\/Single_Isa-Jansen_Gib-mir-einen-guten-Grund_DE1RX2600010_RS-150x150.jpg 150w, https:\/\/smago.de\/ws2\/wp-content\/uploads\/2026\/03\/Single_Isa-Jansen_Gib-mir-einen-guten-Grund_DE1RX2600010_RS-768x768.jpg 768w, https:\/\/smago.de\/ws2\/wp-content\/uploads\/2026\/03\/Single_Isa-Jansen_Gib-mir-einen-guten-Grund_DE1RX2600010_RS-272x272.jpg 272w, https:\/\/smago.de\/ws2\/wp-content\/uploads\/2026\/03\/Single_Isa-Jansen_Gib-mir-einen-guten-Grund_DE1RX2600010_RS-600x600.jpg 600w, https:\/\/smago.de\/ws2\/wp-content\/uploads\/2026\/03\/Single_Isa-Jansen_Gib-mir-einen-guten-Grund_DE1RX2600010_RS-130x130.jpg 130w, https:\/\/smago.de\/ws2\/wp-content\/uploads\/2026\/03\/Single_Isa-Jansen_Gib-mir-einen-guten-Grund_DE1RX2600010_RS-445x445.jpg 445w, https:\/\/smago.de\/ws2\/wp-content\/uploads\/2026\/03\/Single_Isa-Jansen_Gib-mir-einen-guten-Grund_DE1RX2600010_RS-190x190.jpg 190w, https:\/\/smago.de\/ws2\/wp-content\/uploads\/2026\/03\/Single_Isa-Jansen_Gib-mir-einen-guten-Grund_DE1RX2600010_RS-290x290.jpg 290w, https:\/\/smago.de\/ws2\/wp-content\/uploads\/2026\/03\/Single_Isa-Jansen_Gib-mir-einen-guten-Grund_DE1RX2600010_RS.jpg 1200w\" sizes=\"(max-width: 800px) 100vw, 800px\" \/><\/p>\n","protected":false},"excerpt":{"rendered":"<p>Video-Premiere heute (12.03.2026) um 18:00 Uhr \u2013 HIER &#8230;:<\/p>\n","protected":false},"author":2,"featured_media":257166,"comment_status":"open","ping_status":"closed","sticky":false,"template":"","format":"standard","meta":{"_FSMCFIC_featured_image_caption":"","_FSMCFIC_featured_image_nocaption":"","_FSMCFIC_featured_image_hide":""},"categories":[27],"tags":[4844],"acf":[],"_links":{"self":[{"href":"https:\/\/smago.de\/ws2\/wp-json\/wp\/v2\/posts\/257165"}],"collection":[{"href":"https:\/\/smago.de\/ws2\/wp-json\/wp\/v2\/posts"}],"about":[{"href":"https:\/\/smago.de\/ws2\/wp-json\/wp\/v2\/types\/post"}],"author":[{"embeddable":true,"href":"https:\/\/smago.de\/ws2\/wp-json\/wp\/v2\/users\/2"}],"replies":[{"embeddable":true,"href":"https:\/\/smago.de\/ws2\/wp-json\/wp\/v2\/comments?post=257165"}],"version-history":[{"count":1,"href":"https:\/\/smago.de\/ws2\/wp-json\/wp\/v2\/posts\/257165\/revisions"}],"predecessor-version":[{"id":257168,"href":"https:\/\/smago.de\/ws2\/wp-json\/wp\/v2\/posts\/257165\/revisions\/257168"}],"wp:featuredmedia":[{"embeddable":true,"href":"https:\/\/smago.de\/ws2\/wp-json\/wp\/v2\/media\/257166"}],"wp:attachment":[{"href":"https:\/\/smago.de\/ws2\/wp-json\/wp\/v2\/media?parent=257165"}],"wp:term":[{"taxonomy":"category","embeddable":true,"href":"https:\/\/smago.de\/ws2\/wp-json\/wp\/v2\/categories?post=257165"},{"taxonomy":"post_tag","embeddable":true,"href":"https:\/\/smago.de\/ws2\/wp-json\/wp\/v2\/tags?post=257165"}],"curies":[{"name":"wp","href":"https:\/\/api.w.org\/{rel}","templated":true}]}}