{"id":257147,"date":"2026-03-12T00:04:41","date_gmt":"2026-03-11T23:04:41","guid":{"rendered":"https:\/\/smago.de\/ws2\/?p=257147"},"modified":"2026-03-12T00:04:41","modified_gmt":"2026-03-11T23:04:41","slug":"wolfgang-petry-jubilaeumstour-wahnsinn-die-show-wird-2027-fortgesetzt","status":"publish","type":"post","link":"https:\/\/smago.de\/ws2\/schlager\/wolfgang-petry-jubilaeumstour-wahnsinn-die-show-wird-2027-fortgesetzt\/","title":{"rendered":"&#8222;WOLFGANG PETRY&#8220; <br>Jubil\u00e4umstour &#8222;Wahnsinn &#8211; Die Show&#8220; wird 2027 fortgesetzt!"},"content":{"rendered":"<p>Die Jubil\u00e4umstour \u2013 50 Jahre! Mit allen Hits von Wolfgang Petry! <!--more--><\/p>\n<p>&nbsp;<\/p>\n<p>&nbsp;<\/p>\n<p style=\"text-align: justify;\">\n<div class=\"text\">\n<p style=\"text-align: justify;\" data-asw-org-font-size=\"19\">Der WAHNSINN geht auch 2027 weiter! <a href=\"https:\/\/www.wahnsinn-show.de\/\" data-asw-org-font-size=\"19\">\u201eWahnsinn \u2013 Die Show\u201c<\/a>, die gro\u00dfe Wolfgang Petry Geburtstagsparty geht in die Verl\u00e4ngerung. 2026 ist das Jahr, in dem &#8222;Wolle &#8222;seinen 75. Geburtstag feiert sowie sein 50. B\u00fchnenjubil\u00e4um h\u00e4tte! Wenngleich er nicht mehr selbst auf der B\u00fchne steht, so haben seine Fans den gr\u00f6\u00dften Spa\u00df, all seine Songs und Ohrw\u00fcrmer zu feiern. <a href=\"https:\/\/medienplattform.semmel.de\/de\/download\/?vid_id=a133710cb2bedc27da8daaadb931553b\" data-asw-org-font-size=\"19\">\u201eWahnsinn \u2013 Die Show\u201c<\/a> \u2013 bietet nicht nur jede Menge Wolfgang Petry-Hits, sondern ist gleichzeitig eine atemberaubende Zeitreise, die bewegende Momente, unterhaltsame Geschichten und pers\u00f6nliche Anekdoten aus Wolfgang Petrys Karriere noch einmal aufleben l\u00e4sst. Aufgrund der \u00fcberw\u00e4ltigenden Nachfrage wird die Tournee \u201eWahnsinn \u2013 Die Show\u201c in ihrer Jubil\u00e4umsedition im Fr\u00fchjahr 2027 fortgesetzt: 15 neue St\u00e4dte in Deutschland und \u00d6sterreich stehen auf dem erweiterten Tour-Plan.<\/p>\n<p style=\"text-align: justify;\" data-asw-org-font-size=\"19\">Was Fans an dieser Show lieben: Den Stil eines echten Konzerterlebnisses. Zeitlich kn\u00fcpft die Produktion an das legend\u00e4re Abschlusskonzert von <strong>Wolfgang Petrys <\/strong>umjubelter \u201eEinfach Geil\u201c-Tournee aus dem Jahr 1999 an und katapultiert den Zuschauer durch Videomaterial aus dieser Zeit mit Lichtgeschwindigkeit in sein Lebensgef\u00fchl von vor 20 Jahren zur\u00fcck: Noch einmal diese Energie sp\u00fcren, noch einmal all die Hits feiern, als g\u00e4be es kein Morgen. Da die Musiklegende selbst schon lange nicht mehr live auftritt, soll den Fans damit dennoch die M\u00f6glichkeit gegeben werden, seine Hits in dieser Show nochmal mitsingen zu k\u00f6nnen.<\/p>\n<p style=\"text-align: justify;\" data-asw-org-font-size=\"19\">Das Publikum darf sich auf eine komplett neue B\u00fchnenshow freuen, die eigens f\u00fcr diese Jubil\u00e4umstour ganz neue Ma\u00dfst\u00e4be setzen wird. Eine herausragende Band und gro\u00dfartige Solisten bringen das Petry-Feeling authentisch auf die B\u00fchne und werden voller Leidenschaft gemeinsam mit den Fans <strong>Wolfgang Petry\u2019s<\/strong> Musik feiern.\u2013 mit all seinen Hits wie V<em>erlieben, verloren, vergessen, verzeihen<\/em>, <em>Der Himmel brennt <\/em>und nat\u00fcrlich auch <em>Wahnsinn<\/em>.<\/p>\n<p style=\"text-align: justify;\" data-asw-org-font-size=\"19\">Tickets f\u00fcr die Jubil\u00e4umstour im Herbst 2026 und Fr\u00fchjahr 2027 gibt es an allen bekannten Vorverkaufsstellen, sowie im Internet unter www.eventim.de und in \u00d6sterreich unter www.oeticket.com sowie unter www.semmel.de.<\/p>\n<\/div>\n<div class=\"eventData\">21.02.2027\u00a0\u00a0 \u00a0Berlin<br \/>\n23.02.2027\u00a0\u00a0 \u00a0Cottbus<br \/>\n24.02.2027\u00a0\u00a0 \u00a0Suhl<br \/>\n26.02.2027\u00a0\u00a0 \u00a0W\u00fcrzburg<br \/>\n27.02.2027\u00a0\u00a0 \u00a0D\u00fcren<br \/>\n28.02.2027\u00a0\u00a0 \u00a0Aurich<br \/>\n13.03.2027\u00a0\u00a0 \u00a0Magdeburg<br \/>\n14.03.2027\u00a0\u00a0 \u00a0Zwickau<br \/>\n16.03.2027\u00a0\u00a0 \u00a0M\u00fcnster<br \/>\n17.03.2027\u00a0\u00a0 \u00a0D\u00fcsseldorf<br \/>\n19.03.2027\u00a0\u00a0 \u00a0Wolfsburg<br \/>\n20.03.2027\u00a0\u00a0 \u00a0Mannheim<br \/>\n21.03.2027\u00a0 \u00a0 Saarbr\u00fccken<br \/>\n23.03.2027\u00a0\u00a0 \u00a0AT-Wien\u00a0\u00a0 \u00a0Wiener<br \/>\n24.03.2027\u00a0\u00a0 \u00a0AT-Salzburg<\/div>\n<div><\/div>\n<div><\/div>\n<div><\/div>\n<div>\n<figure id=\"attachment_257148\" aria-describedby=\"caption-attachment-257148\" style=\"width: 800px\" class=\"wp-caption alignnone\"><img decoding=\"async\" loading=\"lazy\" class=\"size-large wp-image-257148\" src=\"https:\/\/smago.de\/ws2\/wp-content\/uploads\/2026\/03\/WahnsinnTour2027-sc_bill_art_landscape_3600x1120px-800x249.webp\" alt=\"\" width=\"800\" height=\"249\" srcset=\"https:\/\/smago.de\/ws2\/wp-content\/uploads\/2026\/03\/WahnsinnTour2027-sc_bill_art_landscape_3600x1120px-800x249.webp 800w, https:\/\/smago.de\/ws2\/wp-content\/uploads\/2026\/03\/WahnsinnTour2027-sc_bill_art_landscape_3600x1120px-522x162.webp 522w, https:\/\/smago.de\/ws2\/wp-content\/uploads\/2026\/03\/WahnsinnTour2027-sc_bill_art_landscape_3600x1120px-292x91.webp 292w, https:\/\/smago.de\/ws2\/wp-content\/uploads\/2026\/03\/WahnsinnTour2027-sc_bill_art_landscape_3600x1120px-768x239.webp 768w, https:\/\/smago.de\/ws2\/wp-content\/uploads\/2026\/03\/WahnsinnTour2027-sc_bill_art_landscape_3600x1120px-1536x478.webp 1536w, https:\/\/smago.de\/ws2\/wp-content\/uploads\/2026\/03\/WahnsinnTour2027-sc_bill_art_landscape_3600x1120px-2048x637.webp 2048w, https:\/\/smago.de\/ws2\/wp-content\/uploads\/2026\/03\/WahnsinnTour2027-sc_bill_art_landscape_3600x1120px-392x122.webp 392w, https:\/\/smago.de\/ws2\/wp-content\/uploads\/2026\/03\/WahnsinnTour2027-sc_bill_art_landscape_3600x1120px-130x40.webp 130w, https:\/\/smago.de\/ws2\/wp-content\/uploads\/2026\/03\/WahnsinnTour2027-sc_bill_art_landscape_3600x1120px-870x271.webp 870w, https:\/\/smago.de\/ws2\/wp-content\/uploads\/2026\/03\/WahnsinnTour2027-sc_bill_art_landscape_3600x1120px-435x135.webp 435w\" sizes=\"(max-width: 800px) 100vw, 800px\" \/><figcaption id=\"caption-attachment-257148\" class=\"wp-caption-text\"><em>Foto-Credit: Semmel Concerts<\/em><\/figcaption><\/figure>\n<\/div>\n","protected":false},"excerpt":{"rendered":"<p>Die Jubil\u00e4umstour \u2013 50 Jahre! Mit allen Hits von Wolfgang Petry!<\/p>\n","protected":false},"author":2,"featured_media":257148,"comment_status":"open","ping_status":"closed","sticky":false,"template":"","format":"standard","meta":{"_FSMCFIC_featured_image_caption":"","_FSMCFIC_featured_image_nocaption":"","_FSMCFIC_featured_image_hide":""},"categories":[29],"tags":[55],"acf":[],"_links":{"self":[{"href":"https:\/\/smago.de\/ws2\/wp-json\/wp\/v2\/posts\/257147"}],"collection":[{"href":"https:\/\/smago.de\/ws2\/wp-json\/wp\/v2\/posts"}],"about":[{"href":"https:\/\/smago.de\/ws2\/wp-json\/wp\/v2\/types\/post"}],"author":[{"embeddable":true,"href":"https:\/\/smago.de\/ws2\/wp-json\/wp\/v2\/users\/2"}],"replies":[{"embeddable":true,"href":"https:\/\/smago.de\/ws2\/wp-json\/wp\/v2\/comments?post=257147"}],"version-history":[{"count":1,"href":"https:\/\/smago.de\/ws2\/wp-json\/wp\/v2\/posts\/257147\/revisions"}],"predecessor-version":[{"id":257149,"href":"https:\/\/smago.de\/ws2\/wp-json\/wp\/v2\/posts\/257147\/revisions\/257149"}],"wp:featuredmedia":[{"embeddable":true,"href":"https:\/\/smago.de\/ws2\/wp-json\/wp\/v2\/media\/257148"}],"wp:attachment":[{"href":"https:\/\/smago.de\/ws2\/wp-json\/wp\/v2\/media?parent=257147"}],"wp:term":[{"taxonomy":"category","embeddable":true,"href":"https:\/\/smago.de\/ws2\/wp-json\/wp\/v2\/categories?post=257147"},{"taxonomy":"post_tag","embeddable":true,"href":"https:\/\/smago.de\/ws2\/wp-json\/wp\/v2\/tags?post=257147"}],"curies":[{"name":"wp","href":"https:\/\/api.w.org\/{rel}","templated":true}]}}