{"id":257101,"date":"2026-03-10T19:03:44","date_gmt":"2026-03-10T18:03:44","guid":{"rendered":"https:\/\/smago.de\/ws2\/?p=257101"},"modified":"2026-03-10T19:03:44","modified_gmt":"2026-03-10T18:03:44","slug":"andreas-gabalier-zum-unplugged-jubilaeum-im-herbst-2026-auf-tour","status":"publish","type":"post","link":"https:\/\/smago.de\/ws2\/party-schlager\/andreas-gabalier-zum-unplugged-jubilaeum-im-herbst-2026-auf-tour\/","title":{"rendered":"ANDREAS GABALIER <br>Zum &#8222;Unplugged&#8220; Jubil\u00e4um im Herbst 2026 auf Tour!"},"content":{"rendered":"<p>Zum Greifen nah in den sch\u00f6nsten Konzerts\u00e4len Intimes Akustik Live-Setting mit Band und Streichern!<!--more--><\/p>\n<p>&nbsp;<\/p>\n<h3 style=\"text-align: justify;\"><\/h3>\n<p style=\"text-align: justify;\">Das 10-j\u00e4hrige Jubil\u00e4um seines legend\u00e4ren &#8222;MTV Unplugged&#8220;-Kapitels feiert ANDREAS GABALIER mit sehr pers\u00f6nlichen, publikumsnahen Konzerten in den sch\u00f6nsten Konzerts\u00e4len Deutschlands, \u00d6sterreichs und der Schweiz. Der einzigartige Volks-Rock\u2019n\u2019Roller, der sonst Abertausende von Fans in den gro\u00dfen Arenen und Stadien begeistert, hat sich bei dieser Tournee im Herbst 26 bewusst f\u00fcr einen kleineren Rahmen entschieden, bei dem das Publikum zum Greifen nah ist und seine Musik unmittelbarer erlebt.<\/p>\n<p style=\"text-align: justify;\">F\u00fcr dieses akustische Projekt mit handgemachter Musik, wurde ein spezielles Konzept entwickelt, in dessen Mittelpunkt nat\u00fcrlich Andreas Gabalier und seine Band stehen. Die herausragenden Musiker geben dem unverwechselbaren Volks-Rock\u2019n\u2019Roll seine kraftvolle, wenn auch fein abgestimmte Grundlage. Zus\u00e4tzlich verleiht ein zehnk\u00f6pfiges Streicher-Ensemble den Arrangements Tiefe, Dynamik und klangliche Weite. Ziel ist es, mit der Verbindung aus akustischer Instrumentierung, gro\u00dfer musikalischer Besetzung und neuen Arrangements eine Atmosph\u00e4re zu schaffen, die Energie und Intimit\u00e4t gleicherma\u00dfen vereint. Wer Andreas Gabalier sonst auf gro\u00dfen B\u00fchnen erlebt hat, begegnet ihm hier hautnah in einem intimen Live-Setting \u2013 getragen von au\u00dfergew\u00f6hnlichen Musikern.<\/p>\n<p style=\"text-align: justify;\">Andreas Gabalier sieht 10 Jahre MTV Unplugged als ein `Fest musikalisch- akustischem Handwerks\u00b4. \u201e10 Jahre Ritterschlag meiner Laufbahn, darauf blicke ich gemeinsam mit meinem Team gerne zur\u00fcck. Und wer im Herbst 26 dabei sein will, muss schnell sein! Am 13. M\u00e4rz startet der Vorverkauf und wir wollen mit Euch ein Fest feiern, wie wir dies zuletzt vor zehn Jahren auf diesen kleinen, aber feinen und famili\u00e4ren Konzerthausb\u00fchnen erlebt haben. Die Vorfreude ist gro\u00df, dabei sein ist alles.\u201c<\/p>\n<p style=\"text-align: justify;\">Am 13. M\u00e4rz erscheint sein Song \u201eVergiss Mein Nicht\u201c in einer Unplugged-Version. Am Tag danach, wird Andreas diesen Song in der Giovanni Zarrella Show pr\u00e4sentieren.<\/p>\n","protected":false},"excerpt":{"rendered":"<p>Zum Greifen nah in den sch\u00f6nsten Konzerts\u00e4len Intimes Akustik Live-Setting mit Band und Streichern!<\/p>\n","protected":false},"author":2,"featured_media":242642,"comment_status":"open","ping_status":"closed","sticky":false,"template":"","format":"standard","meta":{"_FSMCFIC_featured_image_caption":"","_FSMCFIC_featured_image_nocaption":"","_FSMCFIC_featured_image_hide":""},"categories":[4144,26,39],"tags":[44],"acf":[],"_links":{"self":[{"href":"https:\/\/smago.de\/ws2\/wp-json\/wp\/v2\/posts\/257101"}],"collection":[{"href":"https:\/\/smago.de\/ws2\/wp-json\/wp\/v2\/posts"}],"about":[{"href":"https:\/\/smago.de\/ws2\/wp-json\/wp\/v2\/types\/post"}],"author":[{"embeddable":true,"href":"https:\/\/smago.de\/ws2\/wp-json\/wp\/v2\/users\/2"}],"replies":[{"embeddable":true,"href":"https:\/\/smago.de\/ws2\/wp-json\/wp\/v2\/comments?post=257101"}],"version-history":[{"count":2,"href":"https:\/\/smago.de\/ws2\/wp-json\/wp\/v2\/posts\/257101\/revisions"}],"predecessor-version":[{"id":257103,"href":"https:\/\/smago.de\/ws2\/wp-json\/wp\/v2\/posts\/257101\/revisions\/257103"}],"wp:featuredmedia":[{"embeddable":true,"href":"https:\/\/smago.de\/ws2\/wp-json\/wp\/v2\/media\/242642"}],"wp:attachment":[{"href":"https:\/\/smago.de\/ws2\/wp-json\/wp\/v2\/media?parent=257101"}],"wp:term":[{"taxonomy":"category","embeddable":true,"href":"https:\/\/smago.de\/ws2\/wp-json\/wp\/v2\/categories?post=257101"},{"taxonomy":"post_tag","embeddable":true,"href":"https:\/\/smago.de\/ws2\/wp-json\/wp\/v2\/tags?post=257101"}],"curies":[{"name":"wp","href":"https:\/\/api.w.org\/{rel}","templated":true}]}}