{"id":257086,"date":"2026-03-11T00:00:48","date_gmt":"2026-03-10T23:00:48","guid":{"rendered":"https:\/\/smago.de\/ws2\/?p=257086"},"modified":"2026-03-10T18:01:35","modified_gmt":"2026-03-10T17:01:35","slug":"joerg-bausch-schlager-tornado-im-starlight-express-theater-joerg-bausch-feiert-nach-zehn-jahren-triumphales-bochum-comeback","status":"publish","type":"post","link":"https:\/\/smago.de\/ws2\/pop-schlager\/joerg-bausch-schlager-tornado-im-starlight-express-theater-joerg-bausch-feiert-nach-zehn-jahren-triumphales-bochum-comeback\/","title":{"rendered":"J\u00d6RG BAUSCH <br>Schlager-Tornado im Starlight Express Theater: J\u00f6rg Bausch feiert nach zehn Jahren triumphales Bochum-Comeback!"},"content":{"rendered":"<p style=\"text-align: justify;\">Mit Hits, Humor und Segway-Einlagen sorgte der Ruhrpott-Star f\u00fcr ein euphorisches Konzert \u2013 <em>smago!<\/em> konnte aus logistischen Gr\u00fcnden leider nur die erste Programmh\u00e4lfte miterleben &#8230;:<br \/>\n<!--more--><\/p>\n<p>&nbsp;<\/p>\n<p>&nbsp;<\/p>\n<p>&nbsp;<\/p>\n<p style=\"text-align: justify;\" data-start=\"289\" data-end=\"697\">Das Konzert von <span class=\"hover:entity-accent entity-underline inline cursor-pointer align-baseline\"><span class=\"whitespace-normal\">J\u00d6RG BAUSCH<\/span><\/span> am 09.03.2026 im legend\u00e4ren <span class=\"hover:entity-accent entity-underline inline cursor-pointer align-baseline\"><span class=\"whitespace-normal\">Starlight Express Theater<\/span><\/span> war ein Abend, der den Fans noch lange in Erinnerung bleiben d\u00fcrfte. Schon beim Betreten der au\u00dfergew\u00f6hnlichen Spielst\u00e4tte lag eine ganz besondere Spannung in der Luft \u2013 schlie\u00dflich handelte es sich um das erste Konzert von J\u00f6rg Bausch in diesem Theater seit etwas mehr als zehn Jahren. &#8222;<em>Wo sonst das rasanteste Musical der Welt stattfindet, stehe ich am 9. M\u00e4rz 2026 zum vierten Mal auf der B\u00fchne des Starlight Express Theaters in Bochum&#8220;,<\/em> hatte J\u00f6rg Bausch stolz im Vorfeld verk\u00fcndet. Die besondere Magie bringt er wie folgt auf den Punkt: <em>&#8222;Das Theater ist einzigartig: Die gesamte Halle wird zur B\u00fchne, und ich bin \u00fcberall nah am Publikum. In der Vergangenheit habe ich schon mit Segways, Rollschuhen und Elektromotorr\u00e4dern f\u00fcr \u00dcberraschungen gesorgt \u2013 und auch diesmal lasse ich mir etwas Besonderes einfallen. Freut euch auf eine atemberaubende B\u00fchnenshow mit vielen Statisten und Rollschuhl\u00e4ufern, die jeden Titel zu einem Highlight machen. Kein Konzert ist vergleichbar mit diesem Erlebnis, denn hier verschmilzt die B\u00fchne mit dem gesamten Raum.&#8220;<br \/>\n<\/em><br class=\"html-br\" \/>Und der sympathische Popschlager-Liedermacher lieferte von der ersten Minute an ab.<\/p>\n<p style=\"text-align: justify;\" data-start=\"778\" data-end=\"1160\">Wer bereits in der ersten Konzerth\u00e4lfte mit einer solchen Vielzahl an bekannten Songs aufzuwarten wei\u00df, muss irgendetwas richtig gemacht haben. Schon nach dem Opener <strong>\u201eVersuch\u2019s doch mal mit mir\u201c<\/strong> wandte sich der K\u00fcnstler augenzwinkernd ans Publikum und fragte: <em>\u201eHabt ihr mich vermisst?\u201c <\/em>\u2013 eine Frage, die angesichts des frenetischen Jubels im Saal eigentlich \u00fcberfl\u00fcssig war.<\/p>\n<p style=\"text-align: justify;\" data-start=\"1162\" data-end=\"1309\">Direkt danach folgte mit <strong>\u201eAbfahrt\u201c<\/strong> der n\u00e4chste Stimmungsgarant. Und J\u00f6rg Bausch gab gleich das Motto des Abends aus: <em>\u201eHier wird Party gemacht!\u201c.<\/em><\/p>\n<p style=\"text-align: justify;\" data-start=\"1311\" data-end=\"1661\">Dabei zeigte sich der S\u00e4nger durchaus selbstironisch. In der besonderen Atmosph\u00e4re des Theaters wunderte er sich ein wenig \u00fcber sich selbst, dass <em>\u201eso\u2019n kleiner Ruhrpott-Schlagers\u00e4nger\u201c<\/em> bereits zum wiederholten Male in dieser gro\u00dfartigen Location auftreten d\u00fcrfe \u2013 eine charmante Untertreibung, wenn man den tosenden Applaus des Publikums bedenkt.<\/p>\n<p style=\"text-align: justify;\" data-start=\"1663\" data-end=\"1803\">Besonders hob er auch seinen Titel <strong>\u201eSchleier und Zylinder\u201c<\/strong> hervor: <em>\u201eDer hat \u2019ne kleine, andere Geschichte. Aber ich noch zu retten.\u201c<\/em><\/p>\n<p style=\"text-align: justify;\" data-start=\"1805\" data-end=\"1838\">In diesem Lied verr\u00e4t er n\u00e4mlich seine &#8222;dunkle Seite&#8220;:<\/p>\n<blockquote data-start=\"1840\" data-end=\"1983\">\n<p data-start=\"1842\" data-end=\"1983\"><em><br \/>\n&#8222;Bin nicht gemacht f\u00fcrs gro\u00dfe Gl\u00fcck<\/em><br data-start=\"1876\" data-end=\"1879\" \/><em>Die Liebe warf mich oft zur\u00fcck<\/em><br data-start=\"1911\" data-end=\"1914\" \/><em>Bin nicht gemacht f\u00fcr ein \u201eF\u00fcr immer\u201c<\/em><br data-start=\"1953\" data-end=\"1956\" \/><em>Mit Schleier und Zylinder.&#8220;<\/em><\/p>\n<\/blockquote>\n<p style=\"text-align: justify;\" data-start=\"1985\" data-end=\"2141\">\nMit <strong>\u201eLeuchtturm\u201c<\/strong> pr\u00e4sentierte der S\u00e4nger anschlie\u00dfend fast schon einen kleinen \u201eOldie\u201c aus dem Jahr 2010, der vom Publikum begeistert aufgenommen wurde.<\/p>\n<p style=\"text-align: justify;\" data-start=\"2143\" data-end=\"2552\">F\u00fcr einen der emotionalsten Momente der ersten H\u00e4lfte sorgte sein gro\u00dfer Erfolgstitel <strong>\u201eMann im Mond\u201c<\/strong>. Diesen pr\u00e4sentierte J\u00f6rg Bausch zun\u00e4chst als Ballade, begleitet von einem wundersch\u00f6nen Spieluhr-Outro. Doch damit nicht genug: Kurz darauf verwandelte sich der ruhige Moment in pure Energie \u2013 wie ein <strong>\u201eTornado\u201c<\/strong> fegte der S\u00e4nger auf einem Segway durch die Halle und heizte die Stimmung weiter an.<\/p>\n<p style=\"text-align: justify;\" data-start=\"2554\" data-end=\"2937\">Bei <strong>\u201eIch war mal dein Pilot\u201c<\/strong> entschied er sich diesmal f\u00fcr die Rock-Version des Songs, die im Saal entsprechend kraftvoll einschlug. Nach <strong>\u201eEngel in der H\u00f6lle\u201c<\/strong> schoss er anschlie\u00dfend erneut <strong data-start=\"2747\" data-end=\"2766\">\u201eWie ein Blitz\u201c<\/strong> auf seinem Segway \u2013 diesmal sogar auf der unteren Ebene des Theaters \u2013 durch die Reihen, bevor er sich kurz lachend verabschiedete: <em>\u201eIch muss mal kurz Pipi machen!\u201c<\/em> (Musste er nat\u00fcrlich nicht &#8230;)<\/p>\n<p style=\"text-align: justify;\" data-start=\"2939\" data-end=\"3092\">Mit <strong>\u201eIch bin in Dich\u201c<\/strong> folgte ein weiterer Klassiker aus seinem Repertoire \u2013 ebenfalls ein \u201eOldie\u201c, denn dieses Lied stammt aus dem Jahr 2012.<\/p>\n<p style=\"text-align: justify;\" data-start=\"3094\" data-end=\"3325\">Einen besonders charmanten Moment gab es, als J\u00f6rg Bausch seinen Superhit <strong>\u201eGro\u00dfes Kino\u201c a cappella<\/strong> anstimmte und anschlie\u00dfend bekannte: <em>\u201eIch bin ein sehr, sehr verspielter Mensch. Ein bisschen Kind muss in jedem bleiben.\u201c<\/em><\/p>\n<p style=\"text-align: justify;\" data-start=\"3327\" data-end=\"3652\">Mit genau diesen Worten k\u00fcndigte er den Song <strong>\u201eKindertr\u00e4ume schlafen nie\u201c<\/strong> (2014) an. Und wer dieses St\u00fcck einmal live erlebt hat, der wird sich k\u00fcnftig wohl sehr genau \u00fcberlegen, das Oeuvre von J\u00f6rg Bausch vorschnell als \u201eKirmes-Musik\u201c abzutun \u2013 daf\u00fcr steckt in diesen Songs schlicht zu viel Herz, Melodie und Emotion.<\/p>\n<p style=\"text-align: justify;\" data-start=\"3654\" data-end=\"3829\">Zum Abschluss der ersten Konzerth\u00e4lfte drehte der S\u00e4nger mit <strong>\u201eFeuerwerk an\u201c<\/strong> noch einmal richtig auf \u2013 ein furioser H\u00f6hepunkt, der das Publikum in eine kurze Pause entlie\u00df.<\/p>\n<p style=\"text-align: justify;\" data-start=\"3831\" data-end=\"4109\"><em>smago!<\/em> Chefredakteur <span class=\"hover:entity-accent entity-underline inline cursor-pointer align-baseline\"><span class=\"whitespace-normal\">Andy Tichler<\/span><\/span>\u00a0konnte aus logistischen Gr\u00fcnden leider nur diese erste Programmh\u00e4lfte miterleben. Doch schon dieser Teil des Abends lie\u00df keinen Zweifel daran, dass dieses Konzert zu einem triumphalen Ereignis werden sollte.<\/p>\n<p style=\"text-align: justify;\" data-start=\"4111\" data-end=\"4309\">Die gr\u00f6\u00dften Publikumslieblinge \u2013 darunter \u201eAm Zuckerwattenstand\u201c, \u201eDieser Flug\u201c und nat\u00fcrlich auch \u201eGro\u00dfes Kino\u201c \u2013 hatte sich der K\u00fcnstler logischerweise f\u00fcr die zweite Konzerth\u00e4lfte aufgehoben.<\/p>\n<p style=\"text-align: justify;\" data-start=\"4311\" data-end=\"4641\" data-is-last-node=\"\" data-is-only-node=\"\">Schon nach den ersten rund 90 Minuten stand jedoch fest: Dieses Konzert im Starlight Express Theater Bochum war ein euphorisches Heimspiel voller Emotionen, Energie und echter Schlager-Leidenschaft. Ein Comeback an diesem Ort, auf das die Fans zehn Jahre gewartet haben \u2013 und das alle Erwartungen m\u00fchelos \u00fcbertraf.<\/p>\n<p style=\"text-align: justify;\" data-start=\"4309\" data-end=\"4598\">Und noch eine Tatsache sorgt im Nachhinein f\u00fcr zus\u00e4tzliches Staunen: Diese spektakul\u00e4re Show soll tats\u00e4chlich mit nur einem einzigen Probentag zustande gekommen sein. Angesichts der perfekt abgestimmten Abl\u00e4ufe, der energiegeladenen Performance und der beeindruckenden Atmosph\u00e4re ist das kaum zu glauben.<\/p>\n<p style=\"text-align: justify;\" data-start=\"4600\" data-end=\"4805\">Ein ganz besonderes Kompliment gilt dabei auch dem gro\u00dfartigen Rollschuh-Ensemble des <span class=\"hover:entity-accent entity-underline inline cursor-pointer align-baseline\"><span class=\"whitespace-normal\">Starlight Express Theater<\/span><\/span>, das den Abend mit seiner beeindruckenden Pr\u00e4senz zus\u00e4tzlich veredelte.<\/p>\n<p style=\"text-align: justify;\" data-start=\"4807\" data-end=\"4861\" data-is-last-node=\"\" data-is-only-node=\"\">Kurzum: Das war f\u00fcrwahr ganz gro\u00dfes Kino!<\/p>\n<p style=\"text-align: justify;\" data-start=\"4807\" data-end=\"4861\" data-is-last-node=\"\" data-is-only-node=\"\">\n<p style=\"text-align: justify;\" data-start=\"4807\" data-end=\"4861\" data-is-last-node=\"\" data-is-only-node=\"\">\n<p style=\"text-align: justify;\" data-start=\"4807\" data-end=\"4861\" data-is-last-node=\"\" data-is-only-node=\"\">Zwischenzeitlich hat sich auch der K\u00fcnstler selbst ge\u00e4u\u00dfert. Auf seiner offiziellen Facebook-Seite schreibt J\u00f6rg Bausch:<\/p>\n<p style=\"text-align: justify;\"><em>&#8222;Was f\u00fcr ein Abend! Mein Solo-Konzert gestern im Starlight Express Theater Bochum war ein unvergessliches Erlebnis. Ein riesiges Dankesch\u00f6n an alle, die dabei waren und diesen Moment so besonders gemacht haben! Bald folgen noch weitere Fotos und Videos \u2013 also bleibt gespannt! Und ich freue mich jetzt schon riesig auf das n\u00e4chste Konzert am 30.11.2026 \u2013 wieder im Starlight Express Theater Bochum! Seid dabei!&#8220;<\/em><\/p>\n<p style=\"text-align: justify;\">\n<p style=\"text-align: justify;\">\n<p><strong>Doch sehen Sie selbst &#8230;:<\/strong><\/p>\n<p data-start=\"4807\" data-end=\"4861\" data-is-last-node=\"\" data-is-only-node=\"\"><iframe loading=\"lazy\" style=\"border: none; overflow: hidden;\" src=\"https:\/\/www.facebook.com\/plugins\/video.php?height=476&amp;href=https%3A%2F%2Fwww.facebook.com%2Freel%2F896114893226341%2F&amp;show_text=false&amp;width=380&amp;t=0\" width=\"380\" height=\"476\" frameborder=\"0\" scrolling=\"no\" allowfullscreen=\"allowfullscreen\"><\/iframe><\/p>\n<p data-start=\"4807\" data-end=\"4861\" data-is-last-node=\"\" data-is-only-node=\"\">\n<p data-start=\"4807\" data-end=\"4861\" data-is-last-node=\"\" data-is-only-node=\"\">\n<p data-start=\"4807\" data-end=\"4861\" data-is-last-node=\"\" data-is-only-node=\"\"><img decoding=\"async\" loading=\"lazy\" class=\"alignnone size-large wp-image-257091\" src=\"https:\/\/smago.de\/ws2\/wp-content\/uploads\/2026\/03\/bausch_2VA-800x296.jpeg\" alt=\"\" width=\"800\" height=\"296\" srcset=\"https:\/\/smago.de\/ws2\/wp-content\/uploads\/2026\/03\/bausch_2VA-800x296.jpeg 800w, https:\/\/smago.de\/ws2\/wp-content\/uploads\/2026\/03\/bausch_2VA-522x193.jpeg 522w, https:\/\/smago.de\/ws2\/wp-content\/uploads\/2026\/03\/bausch_2VA-292x108.jpeg 292w, https:\/\/smago.de\/ws2\/wp-content\/uploads\/2026\/03\/bausch_2VA-768x285.jpeg 768w, https:\/\/smago.de\/ws2\/wp-content\/uploads\/2026\/03\/bausch_2VA-1536x569.jpeg 1536w, https:\/\/smago.de\/ws2\/wp-content\/uploads\/2026\/03\/bausch_2VA-392x145.jpeg 392w, https:\/\/smago.de\/ws2\/wp-content\/uploads\/2026\/03\/bausch_2VA-130x48.jpeg 130w, https:\/\/smago.de\/ws2\/wp-content\/uploads\/2026\/03\/bausch_2VA-870x322.jpeg 870w, https:\/\/smago.de\/ws2\/wp-content\/uploads\/2026\/03\/bausch_2VA-435x161.jpeg 435w, https:\/\/smago.de\/ws2\/wp-content\/uploads\/2026\/03\/bausch_2VA.jpeg 1703w\" sizes=\"(max-width: 800px) 100vw, 800px\" \/><\/p>\n<p data-start=\"4807\" data-end=\"4861\" data-is-last-node=\"\" data-is-only-node=\"\">\n","protected":false},"excerpt":{"rendered":"<p>Mit Hits, Humor und Segway-Einlagen sorgte der Ruhrpott-Star f\u00fcr ein euphorisches Konzert \u2013 smago! konnte aus logistischen Gr\u00fcnden leider nur<\/p>\n","protected":false},"author":2,"featured_media":257090,"comment_status":"open","ping_status":"closed","sticky":false,"template":"","format":"standard","meta":{"_FSMCFIC_featured_image_caption":"","_FSMCFIC_featured_image_nocaption":"","_FSMCFIC_featured_image_hide":""},"categories":[28,39],"tags":[269],"acf":[],"_links":{"self":[{"href":"https:\/\/smago.de\/ws2\/wp-json\/wp\/v2\/posts\/257086"}],"collection":[{"href":"https:\/\/smago.de\/ws2\/wp-json\/wp\/v2\/posts"}],"about":[{"href":"https:\/\/smago.de\/ws2\/wp-json\/wp\/v2\/types\/post"}],"author":[{"embeddable":true,"href":"https:\/\/smago.de\/ws2\/wp-json\/wp\/v2\/users\/2"}],"replies":[{"embeddable":true,"href":"https:\/\/smago.de\/ws2\/wp-json\/wp\/v2\/comments?post=257086"}],"version-history":[{"count":4,"href":"https:\/\/smago.de\/ws2\/wp-json\/wp\/v2\/posts\/257086\/revisions"}],"predecessor-version":[{"id":257093,"href":"https:\/\/smago.de\/ws2\/wp-json\/wp\/v2\/posts\/257086\/revisions\/257093"}],"wp:featuredmedia":[{"embeddable":true,"href":"https:\/\/smago.de\/ws2\/wp-json\/wp\/v2\/media\/257090"}],"wp:attachment":[{"href":"https:\/\/smago.de\/ws2\/wp-json\/wp\/v2\/media?parent=257086"}],"wp:term":[{"taxonomy":"category","embeddable":true,"href":"https:\/\/smago.de\/ws2\/wp-json\/wp\/v2\/categories?post=257086"},{"taxonomy":"post_tag","embeddable":true,"href":"https:\/\/smago.de\/ws2\/wp-json\/wp\/v2\/tags?post=257086"}],"curies":[{"name":"wp","href":"https:\/\/api.w.org\/{rel}","templated":true}]}}