{"id":257072,"date":"2026-03-13T12:00:10","date_gmt":"2026-03-13T11:00:10","guid":{"rendered":"https:\/\/smago.de\/ws2\/?p=257072"},"modified":"2026-03-10T15:17:57","modified_gmt":"2026-03-10T14:17:57","slug":"isa-gluecklich-ihr-erstes-kinderbuch-liora-und-das-zaubermikrofon-wird-es-auch-als-musical-geben","status":"publish","type":"post","link":"https:\/\/smago.de\/ws2\/kinderprogramm\/isa-gluecklich-ihr-erstes-kinderbuch-liora-und-das-zaubermikrofon-wird-es-auch-als-musical-geben\/","title":{"rendered":"ISA GL\u00dcCKLICH <br>Ihr erstes Kinderbuch &#8222;Liora und das Zaubermikrofon&#8220; wird es auch als Musical geben!"},"content":{"rendered":"<p style=\"text-align: justify;\">Isa Gl\u00fccklich bringt Magie auf die B\u00fchne \u2013 erstes eigenes Mitmach-Musical feiert Premiere am 04.10.2026 im Capitol Theater D\u00fcsseldorf!<!--more--><\/p>\n<p>&nbsp;<\/p>\n<p>&nbsp;<\/p>\n<p style=\"text-align: justify;\">\n<p style=\"text-align: justify;\">Wenn Kindertr\u00e4ume leuchten und Musik Herzen \u00f6ffnet, beginnt etwas ganz Besonderes: ISA GL\u00dcCKLICH feiert mit ihrem ersten eigenen Mitmach-Musical \u201eLiora und das Zaubermikrofon\u201c gro\u00dfe Premiere \u2013 am 4. Oktober 2026 im Capitol Theater D\u00fcsseldorf.<\/p>\n<p style=\"text-align: justify;\">Was Isa Gl\u00fccklich seit Jahren mit ihren Songs schafft, wird nun zu einem lebendigen B\u00fchnenerlebnis: mitrei\u00dfend, interaktiv und voller Herz.<\/p>\n<p style=\"text-align: justify;\">Eine Geschichte \u00fcber Mut, Fantasie und den Glauben an sich selbst<\/p>\n<p style=\"text-align: justify;\">Im Mittelpunkt steht die kleine Liora. Ein M\u00e4dchen mit einem gro\u00dfen Traum: Sie m\u00f6chte auf der B\u00fchne stehen und die Welt mit ihrer Stimme ber\u00fchren. Doch Zweifel, Unsicherheiten und R\u00fcckschl\u00e4ge stellen sie immer wieder auf die Probe.<\/p>\n<p style=\"text-align: justify;\">Als ihr Isa Gl\u00fccklich erscheint und vom geheimnisvollen Zaubermikrofon erz\u00e4hlt, beginnt f\u00fcr Liora eine besondere Reise. Eine Reise, auf der sie erkennt, dass der wahre Zauber nicht in einem Mikrofon steckt \u2013 sondern in ihr selbst.<\/p>\n<p style=\"text-align: justify;\">Mit jeder Melodie w\u00e4chst sie \u00fcber sich hinaus. Mit jedem Schritt gewinnt sie mehr Mut. Und gemeinsam mit dem Publikum entdeckt sie, dass Tr\u00e4ume dann fliegen lernen, wenn man an sich glaubt.<\/p>\n<p style=\"text-align: justify;\">Mitsingen. Mittanzen. Mitfiebern.<\/p>\n<p style=\"text-align: justify;\">\u201eLiora und das Zaubermikrofon\u201c ist kein Musical zum Zur\u00fccklehnen \u2013 es ist ein Erlebnis zum Mitmachen. Die Songs von Isa Gl\u00fccklich<br \/>\nwerden Teil einer energiegeladenen Show, bei der das Publikum von Anfang an eingebunden ist. Mitsingen, Mittanzen und Mittr\u00e4umen sind ausdr\u00fccklich erw\u00fcnscht.<\/p>\n<p style=\"text-align: justify;\">Mit ihrem ersten eigenen Mitmach-Musical schafft Isa gl\u00fccklich einen Ort, an dem Kinder und Familien gemeinsam lachen, feiern und \u00fcber sich hinauswachsen d\u00fcrfen.<\/p>\n<p style=\"text-align: justify;\">Am 4. Oktober 2026 hebt sich im Capitol Theater D\u00fcsseldorf erstmals der Vorhang f\u00fcr dieses neue B\u00fchnenabenteuer \u2013 ein Moment voller Musik, Magie und strahlender Kinderaugen.<\/p>\n<p style=\"text-align: justify;\">Ein Erlebnis f\u00fcr die ganze Familie.<\/p>\n<p style=\"text-align: justify;\">Die Premiere findet am 4. Oktober 2026 im Capitol Theater D\u00fcsseldorf statt.<\/p>\n<p>&nbsp;<\/p>\n<p>&nbsp;<\/p>\n<p>&nbsp;<\/p>\n<p style=\"text-align: justify;\"><strong>Einlass<\/strong> : 14:30 Uhr<\/p>\n<p style=\"text-align: justify;\"><strong>Beginn:<\/strong> 15:00 Uhr<\/p>\n<p style=\"text-align: justify;\">Capitol Theater Club<\/p>\n<p style=\"text-align: justify;\"><a href=\"http:\/\/www.owl-booking.de\/\">www.owl-booking.de<\/a><\/p>\n<p style=\"text-align: justify;\"><a href=\"http:\/\/www.eventim.de\/\">www.eventim.de<\/a><\/p>\n<p style=\"text-align: justify;\">\n<p style=\"text-align: justify;\">\n<p>&nbsp;<\/p>\n<p><img decoding=\"async\" loading=\"lazy\" class=\"alignnone size-large wp-image-257074\" src=\"https:\/\/smago.de\/ws2\/wp-content\/uploads\/2026\/03\/gluecklich_musical-533x800.jpg\" alt=\"\" width=\"533\" height=\"800\" srcset=\"https:\/\/smago.de\/ws2\/wp-content\/uploads\/2026\/03\/gluecklich_musical-533x800.jpg 533w, https:\/\/smago.de\/ws2\/wp-content\/uploads\/2026\/03\/gluecklich_musical-348x522.jpg 348w, https:\/\/smago.de\/ws2\/wp-content\/uploads\/2026\/03\/gluecklich_musical-100x150.jpg 100w, https:\/\/smago.de\/ws2\/wp-content\/uploads\/2026\/03\/gluecklich_musical-768x1152.jpg 768w, https:\/\/smago.de\/ws2\/wp-content\/uploads\/2026\/03\/gluecklich_musical-181x272.jpg 181w, https:\/\/smago.de\/ws2\/wp-content\/uploads\/2026\/03\/gluecklich_musical-400x600.jpg 400w, https:\/\/smago.de\/ws2\/wp-content\/uploads\/2026\/03\/gluecklich_musical-87x130.jpg 87w, https:\/\/smago.de\/ws2\/wp-content\/uploads\/2026\/03\/gluecklich_musical-297x445.jpg 297w, https:\/\/smago.de\/ws2\/wp-content\/uploads\/2026\/03\/gluecklich_musical-127x190.jpg 127w, https:\/\/smago.de\/ws2\/wp-content\/uploads\/2026\/03\/gluecklich_musical-193x290.jpg 193w, https:\/\/smago.de\/ws2\/wp-content\/uploads\/2026\/03\/gluecklich_musical.jpg 1024w\" sizes=\"(max-width: 533px) 100vw, 533px\" \/><\/p>\n","protected":false},"excerpt":{"rendered":"<p>Isa Gl\u00fccklich bringt Magie auf die B\u00fchne \u2013 erstes eigenes Mitmach-Musical feiert Premiere am 04.10.2026 im Capitol Theater D\u00fcsseldorf!<\/p>\n","protected":false},"author":2,"featured_media":257073,"comment_status":"open","ping_status":"closed","sticky":false,"template":"","format":"standard","meta":{"_FSMCFIC_featured_image_caption":"","_FSMCFIC_featured_image_nocaption":"","_FSMCFIC_featured_image_hide":""},"categories":[20,26,39],"tags":[2500],"acf":[],"_links":{"self":[{"href":"https:\/\/smago.de\/ws2\/wp-json\/wp\/v2\/posts\/257072"}],"collection":[{"href":"https:\/\/smago.de\/ws2\/wp-json\/wp\/v2\/posts"}],"about":[{"href":"https:\/\/smago.de\/ws2\/wp-json\/wp\/v2\/types\/post"}],"author":[{"embeddable":true,"href":"https:\/\/smago.de\/ws2\/wp-json\/wp\/v2\/users\/2"}],"replies":[{"embeddable":true,"href":"https:\/\/smago.de\/ws2\/wp-json\/wp\/v2\/comments?post=257072"}],"version-history":[{"count":3,"href":"https:\/\/smago.de\/ws2\/wp-json\/wp\/v2\/posts\/257072\/revisions"}],"predecessor-version":[{"id":257077,"href":"https:\/\/smago.de\/ws2\/wp-json\/wp\/v2\/posts\/257072\/revisions\/257077"}],"wp:featuredmedia":[{"embeddable":true,"href":"https:\/\/smago.de\/ws2\/wp-json\/wp\/v2\/media\/257073"}],"wp:attachment":[{"href":"https:\/\/smago.de\/ws2\/wp-json\/wp\/v2\/media?parent=257072"}],"wp:term":[{"taxonomy":"category","embeddable":true,"href":"https:\/\/smago.de\/ws2\/wp-json\/wp\/v2\/categories?post=257072"},{"taxonomy":"post_tag","embeddable":true,"href":"https:\/\/smago.de\/ws2\/wp-json\/wp\/v2\/tags?post=257072"}],"curies":[{"name":"wp","href":"https:\/\/api.w.org\/{rel}","templated":true}]}}