{"id":257067,"date":"2026-03-10T10:37:04","date_gmt":"2026-03-10T09:37:04","guid":{"rendered":"https:\/\/smago.de\/ws2\/?p=257067"},"modified":"2026-03-10T15:06:55","modified_gmt":"2026-03-10T14:06:55","slug":"connor-meister-sein-neuer-song-was-fuer-ein-gefuehl-erscheint-puenktlich-zum-fruehlingserwachen","status":"publish","type":"post","link":"https:\/\/smago.de\/ws2\/pop-schlager\/connor-meister-sein-neuer-song-was-fuer-ein-gefuehl-erscheint-puenktlich-zum-fruehlingserwachen\/","title":{"rendered":"CONNOR MEISTER <br>Sein neuer Song \u201eWas f\u00fcr ein Gef\u00fchl\u201c erscheint p\u00fcnktlich zum Fr\u00fchlingserwachen!"},"content":{"rendered":"<p>Ein Titel, der die Br\u00fccke zwischen klassischem Schlager-Gef\u00fchl und modernem, internationalem Pop-Sound schl\u00e4gt!<br \/>\n<!--more--><\/p>\n<p>&nbsp;<\/p>\n<p>&nbsp;<\/p>\n<p style=\"text-align: justify;\">P\u00fcnktlich zum Fr\u00fchlingserwachen erscheint die neue Single von CONNOR MEISTER \u2013 \u201eWas f\u00fcr ein Gef\u00fchl\u201c \u2013 ein Song, der die Br\u00fccke zwischen klassischem Schlager-Gef\u00fchl und modernem, internationalem Pop-Sound schl\u00e4gt. Ein Titel, der das Kribbeln des ersten Augenblicks und die Wucht echter Gef\u00fchle in den Mittelpunkt stellt. Er erz\u00e4hlt von jenen ber\u00fchmten Sekunden, in denen ein Blick gen\u00fcgt, um alles zu ver\u00e4ndern \u2013 ehrlich, eing\u00e4ngig und voller positiver Energie.<\/p>\n<p style=\"text-align: justify;\">Produziert wurde die Single von Eric Sylaar, der bereits mit erfolgreichen Produktionen von \u201eWas w\u00e4re wenn\u201c, \u201eJedes Risiko\u201c und \u201eWenn ich sag ich liebe dich\u201c seine Handschrift im modernen deutschsprachigen Pop-Schlager unter Beweis gestellt hat. \u201eWas f\u00fcr ein Gef\u00fchl\u201c verbindet zeitgem\u00e4\u00dfe Sounds mit einer starken Hookline, tanzbarem Groove und emotionaler Tiefe \u2013 alles perfekt zugeschnitten auf Connor Meisters markante Stimme.<\/p>\n<p style=\"text-align: justify;\">Der Song stammt aus der Feder von Tom Marquardt (Musik &amp; Text) und transportiert das euphorische Gef\u00fchl des Verliebtseins mit starken Bildern und einem Refrain, der sofort im Ohr bleibt: elektrisierend, intensiv und absolut authentisch.<\/p>\n<p style=\"text-align: justify;\">Die Ver\u00f6ffentlichung erfolgt am 20.03.2026.<\/p>\n","protected":false},"excerpt":{"rendered":"<p>Ein Titel, der die Br\u00fccke zwischen klassischem Schlager-Gef\u00fchl und modernem, internationalem Pop-Sound schl\u00e4gt!<\/p>\n","protected":false},"author":2,"featured_media":257068,"comment_status":"open","ping_status":"closed","sticky":false,"template":"","format":"standard","meta":{"_FSMCFIC_featured_image_caption":"","_FSMCFIC_featured_image_nocaption":"","_FSMCFIC_featured_image_hide":""},"categories":[28],"tags":[2304],"acf":[],"_links":{"self":[{"href":"https:\/\/smago.de\/ws2\/wp-json\/wp\/v2\/posts\/257067"}],"collection":[{"href":"https:\/\/smago.de\/ws2\/wp-json\/wp\/v2\/posts"}],"about":[{"href":"https:\/\/smago.de\/ws2\/wp-json\/wp\/v2\/types\/post"}],"author":[{"embeddable":true,"href":"https:\/\/smago.de\/ws2\/wp-json\/wp\/v2\/users\/2"}],"replies":[{"embeddable":true,"href":"https:\/\/smago.de\/ws2\/wp-json\/wp\/v2\/comments?post=257067"}],"version-history":[{"count":3,"href":"https:\/\/smago.de\/ws2\/wp-json\/wp\/v2\/posts\/257067\/revisions"}],"predecessor-version":[{"id":257071,"href":"https:\/\/smago.de\/ws2\/wp-json\/wp\/v2\/posts\/257067\/revisions\/257071"}],"wp:featuredmedia":[{"embeddable":true,"href":"https:\/\/smago.de\/ws2\/wp-json\/wp\/v2\/media\/257068"}],"wp:attachment":[{"href":"https:\/\/smago.de\/ws2\/wp-json\/wp\/v2\/media?parent=257067"}],"wp:term":[{"taxonomy":"category","embeddable":true,"href":"https:\/\/smago.de\/ws2\/wp-json\/wp\/v2\/categories?post=257067"},{"taxonomy":"post_tag","embeddable":true,"href":"https:\/\/smago.de\/ws2\/wp-json\/wp\/v2\/tags?post=257067"}],"curies":[{"name":"wp","href":"https:\/\/api.w.org\/{rel}","templated":true}]}}