{"id":257058,"date":"2026-03-10T00:00:14","date_gmt":"2026-03-09T23:00:14","guid":{"rendered":"https:\/\/smago.de\/ws2\/?p=257058"},"modified":"2026-03-09T11:49:56","modified_gmt":"2026-03-09T10:49:56","slug":"die-edlseer-ein-jubilaeumsjahr-voller-musik-emotionen-und-grosser-feste","status":"publish","type":"post","link":"https:\/\/smago.de\/ws2\/volksmusik\/die-edlseer-ein-jubilaeumsjahr-voller-musik-emotionen-und-grosser-feste\/","title":{"rendered":"DIE EDLSEER <br>Ein Jubil\u00e4umsjahr voller Musik, Emotionen und gro\u00dfer Feste:"},"content":{"rendered":"<p>33 Jahre DIE EDLSEER, smago! Award \u00d6sterreich, und: Fritz Kristoferitsch feiert seinen &#8222;50er&#8220;!<!--more--><\/p>\n<p>&nbsp;<\/p>\n<p>&nbsp;<\/p>\n<div>\n<h2 data-section-id=\"1alblvy\" data-start=\"2578\" data-end=\"2707\"><\/h2>\n<p style=\"text-align: justify;\" data-start=\"2709\" data-end=\"2844\"><span style=\"color: #000000;\">Wenn 33 Jahre Bandgeschichte auf einen 50. Geburtstag treffen, dann ist klar: Dieses Jahr wird gefeiert. Und zwar so richtig.<\/span><\/p>\n<p style=\"text-align: justify;\" data-start=\"2846\" data-end=\"3136\"><span style=\"color: #000000;\">Die steirischen Publikumslieblinge\u00a0DIE EDLSEER starten 2026 in ein au\u00dfergew\u00f6hnliches Jubil\u00e4umsjahr. Seit mehr als drei Jahrzehnten stehen die drei Musiker gemeinsam auf der B\u00fchne \u2013 begonnen hat alles als Jugendtraum. Heute sind sie eine feste Gr\u00f6\u00dfe der \u00f6sterreichischen Volksmusikszene.<\/span><\/p>\n<p style=\"text-align: justify;\" data-start=\"3138\" data-end=\"3411\"><span style=\"color: #000000;\">Der perfekte Soundtrack f\u00fcr dieses besondere Jahr erscheint am\u00a08. April 2026: Mit ihrer neuen Single\u00a0\u201eWir geh\u00f6ren noch lange nicht zum alten Eisen\u201c\u00a0liefern DIE EDLSEER eine selbstbewusste musikalische Ansage. Die Premiere erfolgt beim\u00a0<em>smago!<\/em> Award \u00d6sterreich 6.0 in der Hohenhaus Tenne in Schladming.<\/span><\/p>\n<p style=\"text-align: justify;\" data-start=\"3413\" data-end=\"3472\"><span style=\"color: #000000;\">Doch damit beginnt erst der Reigen der Jubil\u00e4umshighlights &#8230;<\/span><\/p>\n<p style=\"text-align: justify;\" data-start=\"3474\" data-end=\"3841\"><span style=\"color: #000000;\">Mit einem\u00a0zweit\u00e4gigen Almfest\u00a0starten DIE EDLSEER in die Wandersaison ab 1. Mai entlang ihres\u00a0EDLSEER HOAMAT-Wanderwegs. Im Sommer folgt eine ganz besondere Reise: eine\u00a0Pilgerwanderung von ihrer Heimatgemeinde Birkfeld nach Mariazell, gekr\u00f6nt von einem\u00a0Open-Air-Konzert am Bergsee der Mariazeller B\u00fcrgeralpe\u00a0gemeinsam mit\u00a0Sa\u0161o Avsenik &amp; seinen Oberkrainern.<\/span><\/p>\n<p style=\"text-align: justify;\" data-start=\"3843\" data-end=\"3904\"><span style=\"color: #000000;\">Der H\u00f6hepunkt des Jubil\u00e4umsjahres steigt jedoch im September.<\/span><\/p>\n<\/div>\n<p>&nbsp;<\/p>\n<p>&nbsp;<\/p>\n<p>&nbsp;<\/p>\n<div>\n<h2 style=\"text-align: justify;\" data-section-id=\"h8aqpk\" data-start=\"3906\" data-end=\"3963\"><span style=\"color: #000000;\">Drei Tage Ausnahmezustand: Das EDLSEER Thermenfestival<\/span><\/h2>\n<p>&nbsp;<\/p>\n<p style=\"text-align: justify;\" data-start=\"3965\" data-end=\"4182\"><span style=\"color: #000000;\">Vom 4. bis 6. September 2026\u00a0verwandelt sich\u00a0Bad Waltersdorf\u00a0in die musikalische Festzentrale der Steiermark. Beim\u00a0EDLSEER Thermenfestival\u00a0feiern Fans und K\u00fcnstler gemeinsam ein ganz besonderes Wochenende.<\/span><\/p>\n<p style=\"text-align: justify;\" data-start=\"4184\" data-end=\"4353\"><span style=\"color: #000000;\">Der Auftakt beginnt spektakul\u00e4r:\u00a0Harley-Davidson-Biker, Puch-Fans und Radfahrer rund um Ultracyclist Thomas Mauerhofer\u00a0treffen sich zu einer gro\u00dfen Charity-Ausfahrt.<\/span><\/p>\n<p style=\"text-align: justify;\" data-start=\"4355\" data-end=\"4422\"><span style=\"color: #000000;\">Der Hintergrund ist ein Herzenswunsch von\u00a0Fritz Kristoferitsch:<\/span><\/p>\n<blockquote data-start=\"4424\" data-end=\"4543\">\n<p data-start=\"4426\" data-end=\"4543\"><span style=\"color: #000000;\">\u201eZum 50er w\u00fcnsche ich mir keine Geschenke \u2013 am sch\u00f6nsten w\u00e4re es, wenn die Leute ein Los kaufen und damit Gutes tun.\u201c<\/span><\/p>\n<\/blockquote>\n<p style=\"text-align: justify;\" data-start=\"4545\" data-end=\"4850\"><span style=\"color: #000000;\">Unter dem Motto\u00a0\u201eLose f\u00fcr den guten Zweck\u201c\u00a0wird rund um das Festival eine gro\u00dfe Benefizaktion gestartet. Zu gewinnen gibt es eine\u00a0Harley-Davidson, ein\u00a0restauriertes Puch-Moped\u00a0sowie das\u00a0Originalrennrad von Thomas Mauerhofer, mit dem er beim legend\u00e4ren\u00a0Race Across America\u00a0starten wird, so wie viele weitere Preise.<\/span><\/p>\n<p style=\"text-align: justify;\" data-start=\"4852\" data-end=\"5001\"><span style=\"color: #000000;\">Der gesamte Erl\u00f6s geht an die\u00a0Harley-Davidson Charity Tour, regionale Spendenaktionen der\u00a0Puch-Clubs\u00a0und die\u00a0Steirische Kinderkrebshilfe.<\/span><\/p>\n<p style=\"text-align: justify;\" data-start=\"5003\" data-end=\"5210\"><span style=\"color: #000000;\">Musikalisch wartet das Festival mit hochkar\u00e4tigen G\u00e4sten auf: Kastelruther Spatzen,\u00a0Semino Rossi\u00a0sowie\u00a0Harry Pr\u00fcnster mit seinen Fabulous Boys\u00a0feiern gemeinsam mit den Gastgebern auf der B\u00fchne.<\/span><\/p>\n<p style=\"text-align: justify;\" data-start=\"5212\" data-end=\"5346\"><span style=\"color: #000000;\">Und eines ist jetzt schon sicher: Dieses\u00a0Schnapszahljahr der EDLSEER\u00a0wird voller Emotionen, Musik \u2013 und unvergesslicher Momente.<\/span><\/p>\n<\/div>\n","protected":false},"excerpt":{"rendered":"<p>33 Jahre DIE EDLSEER, smago! Award \u00d6sterreich, und: Fritz Kristoferitsch feiert seinen &#8222;50er&#8220;!<\/p>\n","protected":false},"author":2,"featured_media":257059,"comment_status":"open","ping_status":"closed","sticky":false,"template":"","format":"standard","meta":{"_FSMCFIC_featured_image_caption":"","_FSMCFIC_featured_image_nocaption":"","_FSMCFIC_featured_image_hide":""},"categories":[39,30],"tags":[3138],"acf":[],"_links":{"self":[{"href":"https:\/\/smago.de\/ws2\/wp-json\/wp\/v2\/posts\/257058"}],"collection":[{"href":"https:\/\/smago.de\/ws2\/wp-json\/wp\/v2\/posts"}],"about":[{"href":"https:\/\/smago.de\/ws2\/wp-json\/wp\/v2\/types\/post"}],"author":[{"embeddable":true,"href":"https:\/\/smago.de\/ws2\/wp-json\/wp\/v2\/users\/2"}],"replies":[{"embeddable":true,"href":"https:\/\/smago.de\/ws2\/wp-json\/wp\/v2\/comments?post=257058"}],"version-history":[{"count":2,"href":"https:\/\/smago.de\/ws2\/wp-json\/wp\/v2\/posts\/257058\/revisions"}],"predecessor-version":[{"id":257061,"href":"https:\/\/smago.de\/ws2\/wp-json\/wp\/v2\/posts\/257058\/revisions\/257061"}],"wp:featuredmedia":[{"embeddable":true,"href":"https:\/\/smago.de\/ws2\/wp-json\/wp\/v2\/media\/257059"}],"wp:attachment":[{"href":"https:\/\/smago.de\/ws2\/wp-json\/wp\/v2\/media?parent=257058"}],"wp:term":[{"taxonomy":"category","embeddable":true,"href":"https:\/\/smago.de\/ws2\/wp-json\/wp\/v2\/categories?post=257058"},{"taxonomy":"post_tag","embeddable":true,"href":"https:\/\/smago.de\/ws2\/wp-json\/wp\/v2\/tags?post=257058"}],"curies":[{"name":"wp","href":"https:\/\/api.w.org\/{rel}","templated":true}]}}